{"id":24159,"date":"2020-12-18T17:35:42","date_gmt":"2020-12-18T17:35:42","guid":{"rendered":"http:\/\/historiografija.hr\/?p=24159"},"modified":"2020-12-18T17:35:42","modified_gmt":"2020-12-18T17:35:42","slug":"julian-nida-rumelin-filozofija-humanog-obrazovanja","status":"publish","type":"post","link":"https:\/\/historiografija.hr\/?p=24159","title":{"rendered":"Julian Nida-R\u00fcmelin, &#8220;Filozofija humanog obrazovanja&#8221;"},"content":{"rendered":"\n<p>Humano bi se obrazovanje trebalo usredoto\u010diti na \u010dovjeka kao cjelinu i po\u0161tovati ga u njegovim estetskim, emocionalnim, eti\u010dkim i kognitivnim dimenzijama.<\/p>\n\n\n\n<p>Ljudska praksa zahtijeva koherenciju kognitivnih, estetskih i eti\u010dkih iskustava i mi\u0161ljenja. Najvi\u0161i je cilj humanog obrazovanja pomo\u0107i razvoju te koherentnosti i tako omogu\u0107iti harmoniju unutarnjeg \u017eivota te pridonijeti tomu da ljudi u razli\u010ditim fazama svojeg \u017eivota budu na\u010distu sami sa sobom.<\/p>\n\n\n\n<p>U obrazovnim reformama ne mo\u017ee se prepoznati nikakva ideja razvoja \u010dovjekove li\u010dnosti, tvrdi ugledni njema\u010dki filozof Julijan Nida-R\u00fcmelin.<\/p>\n\n\n\n<p>Autor knjige eseja iznosi razo\u010daravaju\u0107e rezultate reforme njema\u010dkoga obrazovnog sustava i zauzima se za obnovu humanizma kao osnove svake obrazovne politike i prakse.<\/p>\n\n\n\n<p>O autoru:<\/p>\n\n\n\n<p>Julian Nida-R\u00fcmelin potje\u010de iz minhenske umjetni\u010dke obitelji. Studirao je fiziku, matematiku, filozofiju i politi\u010dke znanosti. Nakon habilitacije i boravka u SAD-u kao gostuju\u0107i profesor, dobio je poziv na katedru Etika u znanostima na Sveu\u010dili\u0161tu u T\u00fcbingenu. Od 1993. do 2003. bio je pro\u010delnik katedre za filozofiju na Sveu\u010dili\u0161tu u G\u00f6ttingenu. Pet je godina radio u kulturnoj politici (1998. \u2013 2002.), i to najprije kao izvjestitelj za kulturu u M\u00fcnchenu, a onda kao ministar kulture u prvom kabinetu kancelara Schr\u00f6dera. Godine 2004. prihvatio je poziv Instituta za politi\u010dke znanosti Geschwister Scholl te od 2004. do 2007. bio direktor tog instituta. Filozofiji se posve vratio 2009. godine. Nida-R\u00fcmelin bio je predsjednik Njema\u010dkoga filozofskog dru\u0161tva, \u010dlan je Europske akademije znanosti i umjetnosti, a do 2012. bio je predsjedatelj kuratorija za Njema\u010dku studijsku nagradu. Autor je i izdava\u010d mnogobrojnih publikacija o filozofiji, ekonomiji i umjetnosti.<\/p>\n\n\n\n<hr class=\"wp-block-separator\"\/>\n\n\n\n<p>Izdava\u010d: \u0160kolska knjiga<\/p>\n\n\n\n<p>Broj stranica: 168<\/p>\n\n\n\n<p>Godina izdanja: 2020<\/p>\n\n\n\n<hr class=\"wp-block-separator\"\/>\n\n\n\n<p>Prelistaj izdanje:<\/p>\n\n\n\n<p><a href=\"https:\/\/shop.skolskaknjiga.hr\/filozofija-humanog-obrazovanja.html\">https:\/\/shop.skolskaknjiga.hr\/filozofija-humanog-obrazovanja.html<\/a><\/p>\n\n\n\n<hr class=\"wp-block-separator\"\/>\n","protected":false},"excerpt":{"rendered":"","protected":false},"author":2,"featured_media":24160,"comment_status":"open","ping_status":"open","sticky":false,"template":"","format":"standard","meta":{"_acf_changed":false,"jetpack_post_was_ever_published":false,"_jetpack_newsletter_access":"","_jetpack_dont_email_post_to_subs":false,"_jetpack_newsletter_tier_id":0,"_jetpack_memberships_contains_paywalled_content":false,"_jetpack_memberships_contains_paid_content":false,"footnotes":"","jetpack_publicize_message":"","jetpack_publicize_feature_enabled":true,"jetpack_social_post_already_shared":true,"jetpack_social_options":{"image_generator_settings":{"template":"highway","default_image_id":0,"font":"","enabled":false},"version":2}},"categories":[8,3],"tags":[],"class_list":["post-24159","post","type-post","status-publish","format-standard","has-post-thumbnail","hentry","category-knjige","category-novosti"],"acf":{"facebook_opis":""},"jetpack_publicize_connections":[],"jetpack_featured_media_url":"https:\/\/i0.wp.com\/historiografija.hr\/wp-content\/uploads\/2020\/12\/obrazovanje.jpg?fit=676%2C1000&ssl=1","jetpack_sharing_enabled":true,"jetpack-related-posts":[],"_links":{"self":[{"href":"https:\/\/historiografija.hr\/index.php?rest_route=\/wp\/v2\/posts\/24159","targetHints":{"allow":["GET"]}}],"collection":[{"href":"https:\/\/historiografija.hr\/index.php?rest_route=\/wp\/v2\/posts"}],"about":[{"href":"https:\/\/historiografija.hr\/index.php?rest_route=\/wp\/v2\/types\/post"}],"author":[{"embeddable":true,"href":"https:\/\/historiografija.hr\/index.php?rest_route=\/wp\/v2\/users\/2"}],"replies":[{"embeddable":true,"href":"https:\/\/historiografija.hr\/index.php?rest_route=%2Fwp%2Fv2%2Fcomments&post=24159"}],"version-history":[{"count":1,"href":"https:\/\/historiografija.hr\/index.php?rest_route=\/wp\/v2\/posts\/24159\/revisions"}],"predecessor-version":[{"id":24161,"href":"https:\/\/historiografija.hr\/index.php?rest_route=\/wp\/v2\/posts\/24159\/revisions\/24161"}],"wp:featuredmedia":[{"embeddable":true,"href":"https:\/\/historiografija.hr\/index.php?rest_route=\/wp\/v2\/media\/24160"}],"wp:attachment":[{"href":"https:\/\/historiografija.hr\/index.php?rest_route=%2Fwp%2Fv2%2Fmedia&parent=24159"}],"wp:term":[{"taxonomy":"category","embeddable":true,"href":"https:\/\/historiografija.hr\/index.php?rest_route=%2Fwp%2Fv2%2Fcategories&post=24159"},{"taxonomy":"post_tag","embeddable":true,"href":"https:\/\/historiografija.hr\/index.php?rest_route=%2Fwp%2Fv2%2Ftags&post=24159"}],"curies":[{"name":"wp","href":"https:\/\/api.w.org\/{rel}","templated":true}]}}