{"id":24141,"date":"2020-12-18T16:04:44","date_gmt":"2020-12-18T16:04:44","guid":{"rendered":"http:\/\/historiografija.hr\/?p=24141"},"modified":"2020-12-18T16:04:44","modified_gmt":"2020-12-18T16:04:44","slug":"izlozba-od-cehova-do-celika-i-nakon","status":"publish","type":"post","link":"https:\/\/historiografija.hr\/?p=24141","title":{"rendered":"Izlo\u017eba \u201cOd cehova do \u010celika i nakon\u201d"},"content":{"rendered":"\n<p><strong>Gradski muzej Kri\u017eevci<\/strong> poziva Vas da posjetite izlo\u017ebu <strong>\u201cOd cehova do \u010celika i nakon\u201d<\/strong> od 18. prosinca 2020. do 1. velja\u010de 2021. Kri\u017eevci, Likovna Galerija, Trg Antuna Nem\u010di\u0107a 6\/1.<\/p>\n\n\n\n<p>Izlo\u017eba \u201eOd cehova do \u010celika i nakon\u201c obuhva\u0107a povijest i povijesnu gra\u0111u vezanu za obradu \u017eeljeza u Kri\u017eevcima od cehovskih udru\u017eenja sve do Strojoremonta i \u201cuspona i pada\u201d jednog od najmo\u0107nijeg industrijskog diva svog vremena \u2013 \u010celik Kri\u017eevci. Ovom izlo\u017ebom podsje\u0107a se na \u0161ezdeset godina od osnutka \u010celika i trideset godina od raspada, pa je ova godina na neki na\u010din dupla obljetnica vezana za \u010celik. Zahvaljuju\u0107i donacijama i posudbama sugra\u0111ana ova izlo\u017eba oboga\u0107ena je mnogobrojnim predmetima i uspomenama koje opisuju ne tako daleku povijest. Pokreta\u010d izlo\u017ebe je publikacija&nbsp; \u201eKako se kalio \u010celik\u201c objavljena povodom dvadesete obljetnice osnutka tvrtke, &nbsp;koja je i dandanas najbolji svjedok nastanka i razvoja \u010celika sve do po\u010detka kriznih 1980-ih. Tekstovima na izlo\u017ebi &nbsp;je predo\u010dena povijest tvrtke, ali \u0161to je jo\u0161 va\u017enije i uloga \u010celika u dru\u0161tvenom \u017eivotu Kri\u017eevaca i njegovih stanovnika. Od brojnih izlo\u017eenih muzejskih eksponata &nbsp;svakako vrijedi istaknuti cehovsku zastavu Velikog ceha iz 1859., nedavno restauriranu u Gradskom muzeju Vara\u017edin. Kao dio izlo\u017ebe predstavljena su djela suvremenih umjetnika koji su se bavili ili se bave temom industrije i radni\u0161tva, te radovi kri\u017eeva\u010dkih autora \u201c\u010celikovaca\u201d.<\/p>\n\n\n\n<p><strong>Organizacija izlo\u017ebe:<\/strong><\/p>\n\n\n\n<p>Gradski muzej Kri\u017eevci<\/p>\n\n\n\n<p><strong>Autorica koncepcije: <\/strong>Tea Hatadi<\/p>\n\n\n\n<p><strong>Kustosi izlo\u017ebe:<\/strong> Tea Hatadi, Ozren Blagec<\/p>\n\n\n\n<p><strong>Stru\u010dni suradnici:<\/strong> Jelka Vukobratovi\u0107, Sandro Novosel<\/p>\n\n\n\n<p><strong>Umjetnici i izlaga\u010di: <\/strong>Darko Bavoljak<strong>, <\/strong>Boris Cvjetanovi\u0107<strong>, <\/strong>Julije Csikos Sessia<strong>, <\/strong>Nenad Dan\u010duo<strong>, <\/strong>Tomislav Gotovac<strong>, <\/strong>Antonio Grgi\u0107<strong>, <\/strong>Martina Grli\u0107<strong>, <\/strong>Igor Grubi\u0107<strong>, <\/strong>\u017deljko Hlebec<strong>, <\/strong>Kristina Kojan Golu\u017ea \/ Robert Lu\u010di\u0107<strong>, <\/strong>Dragutin Renari\u0107<strong>, <\/strong>Dragutin Soka\u010d<strong>, <\/strong>Sa\u0161a \u017divkovi\u0107<\/p>\n\n\n\n<p><strong>Gosti predava\u010di: <\/strong>Branko Franceschi i Alma Trauber<\/p>\n\n\n\n<p><sup>(predavanja su planirana u sije\u010dnju 2021. o \u010demu \u0107ete biti naknadno obavije\u0161teni)<\/sup><\/p>\n\n\n\n<p><strong>&nbsp;Dizajn: <\/strong>Boris Greiner<\/p>\n\n\n\n<p><strong>Na fotografijama, materijalima i pomo\u0107i zahvaljujemo&nbsp;<\/strong>obitelji Bu\u0161i\u0107, Mariji i Zdenku Prevari\u0107u, Mati Babi\u0107u, Ljerki R\u00f6sler, \u017deljku Hlebecu, Marjani Jane\u0161-\u017dulj, Branki Petranovi\u0107, Ankici Trbus, Martini Krivi\u0107 Leki\u0107, Zoranu Vitanovi\u0107u, Tehnodiv-Servis vl. Davor Popovi\u0107, Osnovnoj \u0161koli \u201cVladimir Nazor\u201d Kri\u017eevci, &nbsp;Institutu Tomislav Gotovac i svim umjetnicima koji su se odazvali na poziv za izlaganje.<\/p>\n\n\n\n<p><strong>Izlo\u017eba ostaje otvorena do 1. velja\u010de 2021. u Likovnoj galerija Gradskog muzeja Kri\u017eevci, Trg Antuna Nem\u010di\u0107a 6\/I, od ponedjeljka do petka 10 \u2013&nbsp;13 i 17&nbsp;\u2013 19 sati uz prethodnu najavu, subota 10 \u2013 12 sati (Za vrijeme Blagdana zatvoreno kao i na Badnjak, Staru Godinu i 2. sije\u010dnja 2021.)<\/strong><\/p>\n\n\n\n<p><strong>Otvorenje izlo\u017ebe i likovni postav mo\u017eete vidjeti na sljede\u0107oj&nbsp;<\/strong><strong><a href=\"https:\/\/www.facebook.com\/TVKrizevci\/videos\/734403380537471\/?hc_ref=ARQZunmNtPeJzzjUIZmhPkCPcOXDNp_EYVuO1UeFpyfTbahSiyslmgeqNwI9_gqn2f8&amp;__xts__%5b0%5d=68.ARAP6yCPqizivR1NkpMamMKDJgA2JbZchmhAG52H5sN9MjbUQEEvmGGgNW4iSkvT1QUZ5naHz8kgVeozFI70fL4-dH0dQdbZX4LIzs6q-oWLxr4GoyUrpMEe_Ey0nU7Vh5KI78pBsyaoxoiG4M2DUp1L-tP5bKYjvN0gkm-RnlFPhh_ON8OKhT_Gb3tuc1An8Bs2oFQnRGB1fAsjod811KH5duPbuNGSPeZLwxDnr9IjvdLMyVgIIWQ4tmVZvYH0MiSvQ6KNd7dP43UG6nk7Bkp0qR7c-G_7SHWXljdMJpoB8hutYjJNcse8iYub37k3mJ02ZcdGRoZxBAyZzuXr2VdoIYx_LcADeVU&amp;__tn__=kC-R\">poveznici.<\/a><\/strong><br>Vi\u0161e o izlo\u017ebi na:&nbsp;<a href=\"https:\/\/www.krizevci.info\/2020\/12\/18\/celik-do-veljace-stanuje-u-muzeju\/\" target=\"_blank\" rel=\"noreferrer noopener\">krizevci.info<\/a>; <a href=\"https:\/\/radiokrizevci.hr\/2020\/12\/otvorena-izlozba-od-cehova-do-celika-i-nakon\/\" target=\"_blank\" rel=\"noreferrer noopener\">radiokrizevci.hr<\/a>;&nbsp;<a href=\"https:\/\/prigorski.hr\/u-krizevcima-u-likovnoj-galeriji-otvorena-izlozba-od-cehova-do-celika-i-nakon\" target=\"_blank\" rel=\"noreferrer noopener\">prigorski.hr<\/a>; <a href=\"https:\/\/www.facebook.com\/groups\/537059980572632\/?__tn__=HH-R\" target=\"_blank\" rel=\"noreferrer noopener\">Facebook grupa \u201cOd cehova do \u010celika i nakon\u201d<\/a><\/p>\n\n\n\n<p>Izvor: <a href=\"http:\/\/www.gradski-muzej-krizevci.hr\/?p=2721\">http:\/\/www.gradski-muzej-krizevci.hr\/?p=2721<\/a><\/p>\n\n\n\n<hr class=\"wp-block-separator\"\/>\n","protected":false},"excerpt":{"rendered":"","protected":false},"author":2,"featured_media":24142,"comment_status":"open","ping_status":"open","sticky":false,"template":"","format":"standard","meta":{"_acf_changed":false,"jetpack_post_was_ever_published":false,"_jetpack_newsletter_access":"","_jetpack_dont_email_post_to_subs":false,"_jetpack_newsletter_tier_id":0,"_jetpack_memberships_contains_paywalled_content":false,"_jetpack_memberships_contains_paid_content":false,"footnotes":"","jetpack_publicize_message":"","jetpack_publicize_feature_enabled":true,"jetpack_social_post_already_shared":true,"jetpack_social_options":{"image_generator_settings":{"template":"highway","default_image_id":0,"font":"","enabled":false},"version":2}},"categories":[10,3],"tags":[],"class_list":["post-24141","post","type-post","status-publish","format-standard","has-post-thumbnail","hentry","category-izlozbe","category-novosti"],"acf":{"facebook_opis":""},"jetpack_publicize_connections":[],"jetpack_featured_media_url":"https:\/\/i0.wp.com\/historiografija.hr\/wp-content\/uploads\/2020\/12\/petranovic-privatni-album.jpg?fit=768%2C531&ssl=1","jetpack_sharing_enabled":true,"jetpack-related-posts":[],"_links":{"self":[{"href":"https:\/\/historiografija.hr\/index.php?rest_route=\/wp\/v2\/posts\/24141","targetHints":{"allow":["GET"]}}],"collection":[{"href":"https:\/\/historiografija.hr\/index.php?rest_route=\/wp\/v2\/posts"}],"about":[{"href":"https:\/\/historiografija.hr\/index.php?rest_route=\/wp\/v2\/types\/post"}],"author":[{"embeddable":true,"href":"https:\/\/historiografija.hr\/index.php?rest_route=\/wp\/v2\/users\/2"}],"replies":[{"embeddable":true,"href":"https:\/\/historiografija.hr\/index.php?rest_route=%2Fwp%2Fv2%2Fcomments&post=24141"}],"version-history":[{"count":1,"href":"https:\/\/historiografija.hr\/index.php?rest_route=\/wp\/v2\/posts\/24141\/revisions"}],"predecessor-version":[{"id":24143,"href":"https:\/\/historiografija.hr\/index.php?rest_route=\/wp\/v2\/posts\/24141\/revisions\/24143"}],"wp:featuredmedia":[{"embeddable":true,"href":"https:\/\/historiografija.hr\/index.php?rest_route=\/wp\/v2\/media\/24142"}],"wp:attachment":[{"href":"https:\/\/historiografija.hr\/index.php?rest_route=%2Fwp%2Fv2%2Fmedia&parent=24141"}],"wp:term":[{"taxonomy":"category","embeddable":true,"href":"https:\/\/historiografija.hr\/index.php?rest_route=%2Fwp%2Fv2%2Fcategories&post=24141"},{"taxonomy":"post_tag","embeddable":true,"href":"https:\/\/historiografija.hr\/index.php?rest_route=%2Fwp%2Fv2%2Ftags&post=24141"}],"curies":[{"name":"wp","href":"https:\/\/api.w.org\/{rel}","templated":true}]}}