{"id":24139,"date":"2020-12-17T09:51:57","date_gmt":"2020-12-17T09:51:57","guid":{"rendered":"http:\/\/historiografija.hr\/?p=24139"},"modified":"2020-12-17T09:51:57","modified_gmt":"2020-12-17T09:51:57","slug":"poznati-dobitnici-nagrada-na-polju-historiografije-za-2019-godinu","status":"publish","type":"post","link":"https:\/\/historiografija.hr\/?p=24139","title":{"rendered":"Poznati dobitnici nagrada na polju historiografije za 2019. godinu"},"content":{"rendered":"\n<p>Hrvatski nacionalni odbor za povijesne znanosti i Dru\u0161tvo za hrvatsku povjesnicu od 2015. dodjeljuju nekoliko nagrada na polju historiografije \u2013 za ukupan doprinos razvoju povijesne znanosti, za najbolju knjigu objavljenu u prethodnoj godini, za popularizaciju povijesti, za najbolji diplomski rad i nagradu stranome autoru za istra\u017eivanje i promociju hrvatske povijesti u inozemstvu. Nagrade su nazvane po poznatim hrvatskim povjesni\u010darima.<\/p>\n\n\n\n<p>\u017diri za dodjelu nagrada za 2019. djelovao je u sastavu: Damir Agi\u010di\u0107, \u017deljko Holjevac, Filip Hamer\u0161ak, Zdenka Janekovi\u0107 R\u00f6mer, Gordan Ravan\u010di\u0107, Zvjezdana Sikiri\u0107 Assouline i \u00a0Marko Trogrli\u0107.<\/p>\n\n\n\n<p>Nagradom \u201eIvan Lu\u010di\u0107\u201c, za ukupan doprinos, nagra\u0111uje se prof. dr. sc. Drago <strong>Roksandi\u0107<\/strong>, professor emeritus Filozofskog fakulteta Sveu\u010dili\u0161ta u Zagrebu.<\/p>\n\n\n\n<p>Nagradom \u201eMirjana Gross\u201c, za najbolju knjigu, nagra\u0111uju se ravnopravno dvojica autora: dr. sc. Zdenko <strong>Radeli\u0107<\/strong>, za knjigu <em>Obavje\u0161tajni centri, OZNA i UDBA u Hrvatskoj (1942.-1954.)<\/em> i doc. dr. sc. Robert <strong>Kureli\u0107<\/strong>, za knjigu <em>Daily Life on the Istrian Frontier: Living on a Borderland in the Sixteenth Century<\/em>.<\/p>\n\n\n\n<p>Nagradom \u201eVjekoslav Klai\u0107\u201c, za popularizaciju povijesti, nagra\u0111uje se hrvatsko-slovenski dio projekta <strong><em>Courage<\/em><\/strong>, koji jeizvo\u0111en na Hrvatskom institutu za povijest u Zagrebu pod vodstvom dr. sc. Teodore Shek Brnardi\u0107.<\/p>\n\n\n\n<p>Nagradom \u201eFerdo \u0160i\u0161i\u0107\u201c, za diplomski rad, nagra\u0111uju se ravnopravno Dina <strong>Pa\u0161i\u0107<\/strong>, za diplomski rad \u201eGlad u Bosanskom ejaletu od 17. do po\u010detka 19. stolje\u0107a\u201c, izra\u0111en pod mentorstvom prof. dr. sc. Hrvoja Petri\u0107a i doc. dr. sc. Kornelije Jurin Star\u010devi\u0107, i Ema <strong>Pa\u0161i\u0107<\/strong>, za diplomski rad \u201eMalo ledeno doba od 17. do po\u010detka 19. stolje\u0107a na prostoru Bosanskog ejaleta\u201c, izra\u0111en pod mentorstvom prof. dr. sc. Hrvoja Petri\u0107a.<\/p>\n\n\n\n<p>\u017diri smatra potrebnim naglasiti i \u010dinjenicu, uz \u017ealjenje \u0161to \u2013 zbog propozicija da se mogu dodijeliti najvi\u0161e dvije nagrade \u2013 jo\u0161 jedan vrijedni diplomski rad ostaje samo spomenut: u u\u017ei je izbor za nagradu u\u0161la i Paula <strong>Vukovi\u0107<\/strong>, koja je izradila diplomski rad \u201eSimboli, memorija i imagologija u srednjovjekovnim kronikama 13. stolje\u0107a\u201c, pod mentorstvom izv. prof. dr. sc. Ivana Majnari\u0107a s Hrvatskoga katoli\u010dkog sveu\u010dili\u0161ta.<\/p>\n\n\n\n<p>U kategoriji za Nagradu \u201eJaroslav \u0160idak\u201c, za inozemnog istra\u017eiva\u010da hrvatske povijesti, nagrada se ove godine ne dodjeljuje.<\/p>\n\n\n\n<p>Nagrade \u0107e dobitnicima biti uru\u010dene na sve\u010danosti \u010dim epidemiolo\u0161ke prilike to dopuste, nadamo se u prolje\u0107e 2021. godine. Dotad nam preostaje samo da im \u010destitamo!<\/p>\n\n\n\n<hr class=\"wp-block-separator\"\/>\n","protected":false},"excerpt":{"rendered":"","protected":false},"author":2,"featured_media":0,"comment_status":"open","ping_status":"open","sticky":false,"template":"","format":"standard","meta":{"_acf_changed":false,"jetpack_post_was_ever_published":false,"_jetpack_newsletter_access":"","_jetpack_dont_email_post_to_subs":false,"_jetpack_newsletter_tier_id":0,"_jetpack_memberships_contains_paywalled_content":false,"_jetpack_memberships_contains_paid_content":false,"footnotes":"","jetpack_publicize_message":"","jetpack_publicize_feature_enabled":true,"jetpack_social_post_already_shared":true,"jetpack_social_options":{"image_generator_settings":{"template":"highway","default_image_id":0,"font":"","enabled":false},"version":2}},"categories":[4],"tags":[],"class_list":["post-24139","post","type-post","status-publish","format-standard","hentry","category-osvrti"],"acf":{"facebook_opis":""},"jetpack_publicize_connections":[],"jetpack_featured_media_url":"","jetpack_sharing_enabled":true,"jetpack-related-posts":[],"_links":{"self":[{"href":"https:\/\/historiografija.hr\/index.php?rest_route=\/wp\/v2\/posts\/24139","targetHints":{"allow":["GET"]}}],"collection":[{"href":"https:\/\/historiografija.hr\/index.php?rest_route=\/wp\/v2\/posts"}],"about":[{"href":"https:\/\/historiografija.hr\/index.php?rest_route=\/wp\/v2\/types\/post"}],"author":[{"embeddable":true,"href":"https:\/\/historiografija.hr\/index.php?rest_route=\/wp\/v2\/users\/2"}],"replies":[{"embeddable":true,"href":"https:\/\/historiografija.hr\/index.php?rest_route=%2Fwp%2Fv2%2Fcomments&post=24139"}],"version-history":[{"count":1,"href":"https:\/\/historiografija.hr\/index.php?rest_route=\/wp\/v2\/posts\/24139\/revisions"}],"predecessor-version":[{"id":24140,"href":"https:\/\/historiografija.hr\/index.php?rest_route=\/wp\/v2\/posts\/24139\/revisions\/24140"}],"wp:attachment":[{"href":"https:\/\/historiografija.hr\/index.php?rest_route=%2Fwp%2Fv2%2Fmedia&parent=24139"}],"wp:term":[{"taxonomy":"category","embeddable":true,"href":"https:\/\/historiografija.hr\/index.php?rest_route=%2Fwp%2Fv2%2Fcategories&post=24139"},{"taxonomy":"post_tag","embeddable":true,"href":"https:\/\/historiografija.hr\/index.php?rest_route=%2Fwp%2Fv2%2Ftags&post=24139"}],"curies":[{"name":"wp","href":"https:\/\/api.w.org\/{rel}","templated":true}]}}