{"id":24132,"date":"2020-12-17T09:41:19","date_gmt":"2020-12-17T09:41:19","guid":{"rendered":"http:\/\/historiografija.hr\/?p=24132"},"modified":"2020-12-17T09:42:34","modified_gmt":"2020-12-17T09:42:34","slug":"studentski-strucni-skup-sulejmanovih-500-godina","status":"publish","type":"post","link":"https:\/\/historiografija.hr\/?p=24132","title":{"rendered":"Studentski stru\u010dni skup \u201eSulejmanovih 500 godina\u201c"},"content":{"rendered":"\n<p>U petak, 18. prosinca 2020. s po\u010detkom u 15.00 sati odr\u017eat \u0107e se Studentski stru\u010dni skup \u201eSulejmanovih 500 godina\u201c prigodom obilje\u017eavanja 500 godina od dolaska Sulejmana Veli\u010danstvenog na vlast 1520. godine. Skup \u0107e se odr\u017eati u virtualnom obliku, a u dvoranu je mogu\u0107e u\u0107i putem poveznice&nbsp;<a href=\"https:\/\/ovh.unipu.hr\/b\/rob-c23-jcr\" target=\"_blank\" rel=\"noreferrer noopener\">https:\/\/ovh.unipu.hr\/b\/rob-c23-jcr<\/a>&nbsp;te unosa imena i prezimena.&nbsp;<\/p>\n\n\n\n<p><br>Dobrodo\u0161li!<br>Studenti diplomskog studija povijesti<\/p>\n\n\n\n<hr class=\"wp-block-separator\"\/>\n\n\n\n<p>Skup je posve\u0107en istaknutom osmanskom sultanu Sulejmanu koji je do\u0161ao na vlast prije 500 godina i svojim djelovanjem krojio povijest svijeta, doveo do zenita mo\u0107i Osmansko Carstvo i udario sna\u017ean pe\u010dat u povijesnom razvoju svijeta i Hrvatsko-Ugarskog Kraljevstva.<\/p>\n\n\n\n<hr class=\"wp-block-separator\"\/>\n\n\n\n<p>Organizator skupa: Kristijan \u017dgaljardi\u0107, student Sveu\u010dili\u0161nog diplomskog studija povijesti<\/p>\n\n\n\n<p>Mentor i koordinator: doc. dr. sc. Robert Kureli\u0107<\/p>\n\n\n\n<p>Odsjek za povijest<\/p>\n\n\n\n<p>Filozofski fakultet<\/p>\n\n\n\n<p>Sveu\u010dili\u0161te Jurja Dobrile u Puli<\/p>\n\n\n\n<hr class=\"wp-block-separator\"\/>\n\n\n\n<p>Izvor: <a href=\"https:\/\/ffpu.unipu.hr\/ffpu\/povijest\/obavijesti?@=2f5ii#news_124409\">https:\/\/ffpu.unipu.hr\/ffpu\/povijest\/obavijesti?@=2f5ii#news_124409<\/a><\/p>\n\n\n\n<hr class=\"wp-block-separator\"\/>\n","protected":false},"excerpt":{"rendered":"","protected":false},"author":2,"featured_media":24133,"comment_status":"open","ping_status":"open","sticky":false,"template":"","format":"standard","meta":{"_acf_changed":false,"jetpack_post_was_ever_published":false,"_jetpack_newsletter_access":"","_jetpack_dont_email_post_to_subs":false,"_jetpack_newsletter_tier_id":0,"_jetpack_memberships_contains_paywalled_content":false,"_jetpack_memberships_contains_paid_content":false,"footnotes":"","jetpack_publicize_message":"","jetpack_publicize_feature_enabled":true,"jetpack_social_post_already_shared":true,"jetpack_social_options":{"image_generator_settings":{"template":"highway","default_image_id":0,"font":"","enabled":false},"version":2}},"categories":[3,9],"tags":[],"class_list":["post-24132","post","type-post","status-publish","format-standard","has-post-thumbnail","hentry","category-novosti","category-skupovi"],"acf":{"facebook_opis":""},"jetpack_publicize_connections":[],"jetpack_featured_media_url":"https:\/\/i0.wp.com\/historiografija.hr\/wp-content\/uploads\/2020\/12\/Sulejman.png?fit=800%2C566&ssl=1","jetpack_sharing_enabled":true,"jetpack-related-posts":[],"_links":{"self":[{"href":"https:\/\/historiografija.hr\/index.php?rest_route=\/wp\/v2\/posts\/24132","targetHints":{"allow":["GET"]}}],"collection":[{"href":"https:\/\/historiografija.hr\/index.php?rest_route=\/wp\/v2\/posts"}],"about":[{"href":"https:\/\/historiografija.hr\/index.php?rest_route=\/wp\/v2\/types\/post"}],"author":[{"embeddable":true,"href":"https:\/\/historiografija.hr\/index.php?rest_route=\/wp\/v2\/users\/2"}],"replies":[{"embeddable":true,"href":"https:\/\/historiografija.hr\/index.php?rest_route=%2Fwp%2Fv2%2Fcomments&post=24132"}],"version-history":[{"count":2,"href":"https:\/\/historiografija.hr\/index.php?rest_route=\/wp\/v2\/posts\/24132\/revisions"}],"predecessor-version":[{"id":24135,"href":"https:\/\/historiografija.hr\/index.php?rest_route=\/wp\/v2\/posts\/24132\/revisions\/24135"}],"wp:featuredmedia":[{"embeddable":true,"href":"https:\/\/historiografija.hr\/index.php?rest_route=\/wp\/v2\/media\/24133"}],"wp:attachment":[{"href":"https:\/\/historiografija.hr\/index.php?rest_route=%2Fwp%2Fv2%2Fmedia&parent=24132"}],"wp:term":[{"taxonomy":"category","embeddable":true,"href":"https:\/\/historiografija.hr\/index.php?rest_route=%2Fwp%2Fv2%2Fcategories&post=24132"},{"taxonomy":"post_tag","embeddable":true,"href":"https:\/\/historiografija.hr\/index.php?rest_route=%2Fwp%2Fv2%2Ftags&post=24132"}],"curies":[{"name":"wp","href":"https:\/\/api.w.org\/{rel}","templated":true}]}}