{"id":24128,"date":"2020-12-17T09:38:36","date_gmt":"2020-12-17T09:38:36","guid":{"rendered":"http:\/\/historiografija.hr\/?p=24128"},"modified":"2020-12-17T09:39:08","modified_gmt":"2020-12-17T09:39:08","slug":"radionica-prozopografija-u-sklopu-projekta-anzuvinski-archiregnum-u-srednjoistocnoj-i-jugoistocnoj-europi-u-14-stoljecu-pogled-s-periferije","status":"publish","type":"post","link":"https:\/\/historiografija.hr\/?p=24128","title":{"rendered":"Radionica &#8220;Prozopografija&#8221; u sklopu projekta \u201eAn\u017euvinski archiregnum u srednjoisto\u010dnoj i jugoisto\u010dnoj Europi u 14. stolje\u0107u: pogled s periferije&#8221;"},"content":{"rendered":"\n<p>U \u010detvrtak, 3. prosinca 2020. u okviru projekta&nbsp;\u201cAn\u017euvinski archiregnum u srednjoisto\u010dnoj i jugoisto\u010dnoj Europi u 14. stolje\u0107u: pogled s periferije\u201d&nbsp;koji financira Hrvatska zaklada za znanost&nbsp;odr\u017eana je studentska&nbsp;radionica na daljinu pod temom \u201cProzopografija\u201d.&nbsp; U radionici su sudjelovali profesori i studenti Odjela za povijest Sveu\u010dili\u0161ta u Zadru i Odjela za povijest Hrvatskog katoli\u010dkog sveu\u010dili\u0161ta u Zagrebu.<\/p>\n\n\n\n<p>&#8212;<\/p>\n\n\n\n<p><strong>Odjel za povijest Sveu\u010dili\u0161ta u Zadru<\/strong><\/p>\n\n\n\n<p>U \u010detvrtak, 3. prosinca 2020. u 10h odr\u017eat \u0107e se radionica pod temom &#8220;Prozopografija&#8221; u sklopu projekta \u201eAn\u017euvinski archiregnum u srednjoisto\u010dnoj i jugoisto\u010dnoj Europi u 14. stolje\u0107u: pogled s periferije\u201c kojeg vodi prof. dr. Mladen An\u010di\u0107, a koji je financiran od strane Hrvatske zaklade za znanost. Radionicu \u0107e, pored voditelja projekta, voditi i izv. prof. dr. sc. Ivan Majnari\u0107 (Hrvatsko katoli\u010dko sveu\u010dili\u0161te) i doc. dr. sc. Antun Neki\u0107. Radionica je usmjerena na studentsku populaciju, pa \u0107e na njoj sudjelovati studenti Odjela za povijest Sveu\u010dili\u0161ta u Zadru i Odjela za povijest Hrvatskog katoli\u010dkog sveu\u010dili\u0161ta. U skladu s propisanim mjerama radionica \u0107e se odr\u017eati online, putem programa MS Teams.<\/p>\n\n\n\n<p>Izvor: <a href=\"https:\/\/www.facebook.com\/Odjelzapovijest\">https:\/\/www.facebook.com\/Odjelzapovijest<\/a><\/p>\n\n\n\n<p>&#8212;<\/p>\n\n\n\n<p><strong>Studentska&nbsp;radionica na daljinu pod temom \u201cProzopografija\u201d<\/strong><\/p>\n\n\n\n<p>U \u010detvrtak, 3. prosinca 2020. u okviru projekta&nbsp;An\u017euvinski archiregnum u srednjoisto\u010dnoj i jugoisto\u010dnoj Europi u 14. stolje\u0107u: pogled s periferije&nbsp;kojeg financira Hrvatska zaklada za znanost&nbsp;odr\u017eana je studentska&nbsp;radionica na daljinu pod temom \u201cProzopografija\u201d.&nbsp; U radionici uz profesore i studente Odjela za povijest Sveu\u010dili\u0161ta u Zadru,&nbsp;sudjelovali su i&nbsp;izv. prof. dr. sc. Ivan Majnari\u0107, suradnik na projektu, te iznimno aktivno, isti\u010du\u0107i se u diskusiji, i studenti Odjela za povijest HKS.<\/p>\n\n\n\n<p>Izvor: <a href=\"http:\/\/www.unicath.hr\/studentska-radionica-na-daljinu-pod-temom-prozopografija\">http:\/\/www.unicath.hr\/studentska-radionica-na-daljinu-pod-temom-prozopografija<\/a><\/p>\n\n\n\n<hr class=\"wp-block-separator\"\/>\n","protected":false},"excerpt":{"rendered":"","protected":false},"author":2,"featured_media":24129,"comment_status":"open","ping_status":"open","sticky":false,"template":"","format":"standard","meta":{"_acf_changed":false,"jetpack_post_was_ever_published":false,"_jetpack_newsletter_access":"","_jetpack_dont_email_post_to_subs":false,"_jetpack_newsletter_tier_id":0,"_jetpack_memberships_contains_paywalled_content":false,"_jetpack_memberships_contains_paid_content":false,"footnotes":"","jetpack_publicize_message":"","jetpack_publicize_feature_enabled":true,"jetpack_social_post_already_shared":true,"jetpack_social_options":{"image_generator_settings":{"template":"highway","default_image_id":0,"font":"","enabled":false},"version":2}},"categories":[3,9],"tags":[],"class_list":["post-24128","post","type-post","status-publish","format-standard","has-post-thumbnail","hentry","category-novosti","category-skupovi"],"acf":{"facebook_opis":""},"jetpack_publicize_connections":[],"jetpack_featured_media_url":"https:\/\/i0.wp.com\/historiografija.hr\/wp-content\/uploads\/2020\/12\/Prozopografija.jpg?fit=540%2C331&ssl=1","jetpack_sharing_enabled":true,"jetpack-related-posts":[],"_links":{"self":[{"href":"https:\/\/historiografija.hr\/index.php?rest_route=\/wp\/v2\/posts\/24128","targetHints":{"allow":["GET"]}}],"collection":[{"href":"https:\/\/historiografija.hr\/index.php?rest_route=\/wp\/v2\/posts"}],"about":[{"href":"https:\/\/historiografija.hr\/index.php?rest_route=\/wp\/v2\/types\/post"}],"author":[{"embeddable":true,"href":"https:\/\/historiografija.hr\/index.php?rest_route=\/wp\/v2\/users\/2"}],"replies":[{"embeddable":true,"href":"https:\/\/historiografija.hr\/index.php?rest_route=%2Fwp%2Fv2%2Fcomments&post=24128"}],"version-history":[{"count":2,"href":"https:\/\/historiografija.hr\/index.php?rest_route=\/wp\/v2\/posts\/24128\/revisions"}],"predecessor-version":[{"id":24131,"href":"https:\/\/historiografija.hr\/index.php?rest_route=\/wp\/v2\/posts\/24128\/revisions\/24131"}],"wp:featuredmedia":[{"embeddable":true,"href":"https:\/\/historiografija.hr\/index.php?rest_route=\/wp\/v2\/media\/24129"}],"wp:attachment":[{"href":"https:\/\/historiografija.hr\/index.php?rest_route=%2Fwp%2Fv2%2Fmedia&parent=24128"}],"wp:term":[{"taxonomy":"category","embeddable":true,"href":"https:\/\/historiografija.hr\/index.php?rest_route=%2Fwp%2Fv2%2Fcategories&post=24128"},{"taxonomy":"post_tag","embeddable":true,"href":"https:\/\/historiografija.hr\/index.php?rest_route=%2Fwp%2Fv2%2Ftags&post=24128"}],"curies":[{"name":"wp","href":"https:\/\/api.w.org\/{rel}","templated":true}]}}