{"id":24125,"date":"2020-12-17T09:27:55","date_gmt":"2020-12-17T09:27:55","guid":{"rendered":"http:\/\/historiografija.hr\/?p=24125"},"modified":"2020-12-17T09:27:55","modified_gmt":"2020-12-17T09:27:55","slug":"antifasisticki-vjesnik-predstavlja-filmove-nenada-puhovskog","status":"publish","type":"post","link":"https:\/\/historiografija.hr\/?p=24125","title":{"rendered":"Antifa\u0161isti\u010dki Vjesnik predstavlja filmove Nenada Puhovskog"},"content":{"rendered":"\n<p>Filmove &#8220;Paviljon 22&#8221; i &#8220;Lora &#8211; svjedo\u010danstva&#8221; mogu\u0107e je besplatno pogledati od 16. do 20. prosinca, dok \u0107e panel rasprava s redateljem i scenaristom Nenadom Puhovskim te novinarom i publicistom Jerkom Bakotinom, biti odr\u017eana 17. prosinca, u 18 sati<\/p>\n\n\n\n<p>Povodom doga\u0111anja koja su obilje\u017eila prosinac 1991. i zlo\u010dina koje su po\u010dinili tzv. Mer\u010depovci, Antifa\u0161isti\u010dki Vjesnik s drugarskom organizacijom Inicijativa mladih za ljudska prava Hrvatska (YIHR) i u suradnji s produkcijskom ku\u0107om nezavisnog dokumentarnog filma &#8220;Factum&#8221;, organizira besplatno gledanja filmova &#8220;Paviljon 22&#8221; i &#8220;Lora \u2013 svjedo\u010danstva&#8221;, koji tematiziraju pre\u010desto pre\u0161u\u0107ena djelovanja protiv ne-Hrvata, naj\u010de\u0161\u0107e Srba, tokom mu\u010dnih devedesetih godina.<\/p>\n\n\n\n<p>Filmove je mogu\u0107e pogledati od 16. do 20. prosinca. Filmu &#8220;Paviljon 22&#8221;, koji se bavi doga\u0111ajima u ozlogla\u0161enom paviljonu na Zagreba\u010dkom velesajmu 1991. godine, <a href=\"https:\/\/vimeo.com\/ondemand\/paviljon22\">mogu\u0107e je pristupiti na ovom linku<\/a>. Film &#8220;Lora \u2013 svjedo\u010danstva&#8221;, o zatvoru smje\u0161tenom u splitskoj ratnoj luci kroz koji je od 1992. do 1996. pro\u0161lo vi\u0161e od 1000 zatvorenika iz Splita, Dalmacije, ali i tada\u0161nje Jugoslavije, <a href=\"https:\/\/vimeo.com\/ondemand\/lorasvjedocanstva\">mogu\u0107e je pogledati na ovom linku<\/a>. Upute za pristup filmovima su sljede\u0107e: Promo kod za besplatno gledanje je FACTUM91, a nakon \u0161to odaberete film potrebno je upisati k\u00f4d: FACTUM91 prije kupnje, kako biste ga pogledali besplatno (klik na film \u2192 rent \u2192 apply promo code \u2192 FACTUM91 \u2192 apply \u2192 continue \u2192 watch now!)<\/p>\n\n\n\n<p>Istim povodom, u \u010detvrtak, 17. prosinca, s po\u010detkom u 18 sati, organiziran je razgovor s redateljem i scenaristom Nenadom Puhovskim, novinarom i publicistom Jerkom Bakotinom, koji \u0107e voditi Branka Vierda iz Inicijative mladih za ljudska prava (YIHR), a tokom kojeg \u0107e se raspravljati o filmovima, njihovom nastanku i percepciji, doga\u0111ajima tokom devedesetih, \u0161irenju propagande i straha protiv pripadnika srpske narodnosti, te motivaciji za snimanje filmova. Ova panel rasprava odvijat \u0107e se preko <a href=\"https:\/\/www.facebook.com\/antifavjesnik\">Facebook stranice Antifa\u0161isti\u010dki vjesnik<\/a> i direktno preko <a href=\"https:\/\/zoom.us\/s\/99637417237\">platforme Zoom na ovom linku<\/a>, gdje je za sudjelovanje potrebna prethodna registracija.<\/p>\n\n\n\n<p>S obzirom da je glavni fokus rada Antifa\u0161isti\u010dkog vjesnika borba protiv historijskog revizionizma, ukazivanje na neousta\u0161ko i fa\u0161isti\u010dko djelovanje te rad na o\u010duvanju sje\u0107anja na Narodnooslobodila\u010dki pokret, a kriti\u010dko sagledavanje devedesetih nerazdvojiv je dio borbe protiv historijskog revizionizma, u ovoj ediciji pod nazivom &#8220;Devedesete&#8221; bavit \u0107e se porastom nacionalizama na jugoslavenskom prostoru i ratnim zlo\u010dinima po\u010dinjenim u njihovo ime, ekonomskom devastacijom pra\u0107enom ideolo\u0161kim radom na rehabilitaciji usta\u0161tva, \u010detni\u0161tva te naslje\u0111em tu\u0111manizma.<\/p>\n\n\n\n<p>Izvori i dodatne informacije:<\/p>\n\n\n\n<p><a href=\"https:\/\/www.portalnovosti.com\/antifasisticki-vjesnik-predstavlja-filmove-nenada-puhovskog\">https:\/\/www.portalnovosti.com\/antifasisticki-vjesnik-predstavlja-filmove-nenada-puhovskog<\/a><\/p>\n\n\n\n<p><a href=\"https:\/\/www.facebook.com\/events\/134108791681230\/\">https:\/\/www.facebook.com\/events\/134108791681230\/<\/a><\/p>\n\n\n\n<p><a href=\"http:\/\/www.antifasisticki-vjesnik.org\/hr\/vijesti\/3\/edicija_devedesete_Antifasisticki_VJESNIK_predstavlja_filmove_Nenada_Puhovskog\/423\/\">http:\/\/www.antifasisticki-vjesnik.org\/hr\/vijesti\/3\/edicija_devedesete_Antifasisticki_VJESNIK_predstavlja_filmove_Nenada_Puhovskog\/423\/<\/a><\/p>\n\n\n\n<p><a href=\"https:\/\/www.facebook.com\/YIHRCroatia\">https:\/\/www.facebook.com\/YIHRCroatia<\/a><\/p>\n\n\n\n<hr class=\"wp-block-separator\"\/>\n","protected":false},"excerpt":{"rendered":"","protected":false},"author":2,"featured_media":24126,"comment_status":"open","ping_status":"open","sticky":false,"template":"","format":"standard","meta":{"_acf_changed":false,"jetpack_post_was_ever_published":false,"_jetpack_newsletter_access":"","_jetpack_dont_email_post_to_subs":false,"_jetpack_newsletter_tier_id":0,"_jetpack_memberships_contains_paywalled_content":false,"_jetpack_memberships_contains_paid_content":false,"footnotes":"","jetpack_publicize_message":"","jetpack_publicize_feature_enabled":true,"jetpack_social_post_already_shared":true,"jetpack_social_options":{"image_generator_settings":{"template":"highway","default_image_id":0,"font":"","enabled":false},"version":2}},"categories":[13,3],"tags":[],"class_list":["post-24125","post","type-post","status-publish","format-standard","has-post-thumbnail","hentry","category-filmovi-i-serije","category-novosti"],"acf":{"facebook_opis":""},"jetpack_publicize_connections":[],"jetpack_featured_media_url":"https:\/\/i0.wp.com\/historiografija.hr\/wp-content\/uploads\/2020\/12\/Poljana.jpg?fit=1200%2C628&ssl=1","jetpack_sharing_enabled":true,"jetpack-related-posts":[],"_links":{"self":[{"href":"https:\/\/historiografija.hr\/index.php?rest_route=\/wp\/v2\/posts\/24125","targetHints":{"allow":["GET"]}}],"collection":[{"href":"https:\/\/historiografija.hr\/index.php?rest_route=\/wp\/v2\/posts"}],"about":[{"href":"https:\/\/historiografija.hr\/index.php?rest_route=\/wp\/v2\/types\/post"}],"author":[{"embeddable":true,"href":"https:\/\/historiografija.hr\/index.php?rest_route=\/wp\/v2\/users\/2"}],"replies":[{"embeddable":true,"href":"https:\/\/historiografija.hr\/index.php?rest_route=%2Fwp%2Fv2%2Fcomments&post=24125"}],"version-history":[{"count":1,"href":"https:\/\/historiografija.hr\/index.php?rest_route=\/wp\/v2\/posts\/24125\/revisions"}],"predecessor-version":[{"id":24127,"href":"https:\/\/historiografija.hr\/index.php?rest_route=\/wp\/v2\/posts\/24125\/revisions\/24127"}],"wp:featuredmedia":[{"embeddable":true,"href":"https:\/\/historiografija.hr\/index.php?rest_route=\/wp\/v2\/media\/24126"}],"wp:attachment":[{"href":"https:\/\/historiografija.hr\/index.php?rest_route=%2Fwp%2Fv2%2Fmedia&parent=24125"}],"wp:term":[{"taxonomy":"category","embeddable":true,"href":"https:\/\/historiografija.hr\/index.php?rest_route=%2Fwp%2Fv2%2Fcategories&post=24125"},{"taxonomy":"post_tag","embeddable":true,"href":"https:\/\/historiografija.hr\/index.php?rest_route=%2Fwp%2Fv2%2Ftags&post=24125"}],"curies":[{"name":"wp","href":"https:\/\/api.w.org\/{rel}","templated":true}]}}