{"id":24119,"date":"2020-12-16T16:11:12","date_gmt":"2020-12-16T16:11:12","guid":{"rendered":"http:\/\/historiografija.hr\/?p=24119"},"modified":"2021-01-29T21:44:07","modified_gmt":"2021-01-29T21:44:07","slug":"preminuo-izv-prof-dr-sc-ivo-rendic-miocevic","status":"publish","type":"post","link":"https:\/\/historiografija.hr\/?p=24119","title":{"rendered":"Preminuo izv. prof. dr. sc. Ivo Rendi\u0107-Mio\u010devi\u0107"},"content":{"rendered":"\n<p>Sveu\u010dili\u0161te u Zadru s tugom javlja kako je u 85. godini \u017eivota u Rijeci preminuo njihov dragi kolega dr. sc. Ivo Rendi\u0107-Mio\u010devi\u0107, izvanredni profesor.<\/p>\n\n\n\n<p>&nbsp;<br>Prof. Rendi\u0107-Mio\u010devi\u0107 ro\u0111en je na Kor\u010duli 1935., za vrijeme Drugog svjetskog rata \u0161kolovao se u Makarskoj i Jelsi, \u0161kolovanje nastavio u Splitu gdje je 1953. zavr\u0161io Klasi\u010dnu gimnaziju. Diplomirao je arheologiju i povijest u Zagrebu. Doktorat pedago\u0161kih znanosti stekao je u Ljubljani 1987. obraniv\u0161i tezu pod naslovom Transfer povijesnog znanja u \u0161koli. Radio je u vi\u0161e \u0161kola u Zadru i Rijeci kao nastavnik povijesti, a istovremeno se bavio plivanjem te prou\u010davao sportsku psihologiju, a znanja iz tog podru\u010dja pomogla su mu u njegovim pedago\u0161ko-povijesnim istra\u017eivanjima. Na Filozofskom fakultetu u Zadru 1986. godine postaje predava\u010dem metodike nastave povijesti. Taj posao radio je sve do odlaska u mirovinu. Ostao je u sje\u0107anju kao posebno omiljen i stru\u010dan profesor kod brojnih kolega nastavnika i studenata.<\/p>\n\n\n\n<p><br>Objavio je vi\u0161e knjiga i veliki broj znanstvenih \u010dlanaka. Me\u0111u ostalim isti\u010demo sljede\u0107a djela: Didakti\u010dke inovacije u nastavi povijesti: transfer povijesnog znanja u \u0161koli (1989), Zlo velike jetre: povijest i nepovijest Crnogoraca, Hrvata, Muslimana i Srba (1996), U potrazi za hrvatskom kolijevkom (2000), Hrvatski identitet: trajnost i fluidnost: uporedba Kvarnera i gorske Dalmacije (2006), Uvod u hrvatsku interdisciplinarnu povijest (2011) i Osuda Hrvata na zaborav (2020).&nbsp;&nbsp;<\/p>\n\n\n\n<p>15. prosinca 2020.<\/p>\n\n\n\n<hr class=\"wp-block-separator\"\/>\n\n\n\n<p>Izvori i dodatne obavijesti:<\/p>\n\n\n\n<p><a href=\"https:\/\/www.unizd.hr\/obavijesti\/view\/artmid\/18146\/articleid\/42785\/tu%c5%bena-vijest\">https:\/\/www.unizd.hr\/obavijesti\/view\/artmid\/18146\/articleid\/42785\/tu%c5%bena-vijest<\/a><\/p>\n\n\n\n<hr class=\"wp-block-separator\"\/>\n\n\n\n<p><a href=\"https:\/\/ezadar.net.hr\/dogadaji\/3945880\/preminuo-izv-prof-dr-sc-ivo-rendic-miocevic\/\">https:\/\/ezadar.net.hr\/dogadaji\/3945880\/preminuo-izv-prof-dr-sc-ivo-rendic-miocevic\/<\/a><\/p>\n\n\n\n<p><a href=\"https:\/\/zadarski.slobodnadalmacija.hr\/zadar\/kalelarga\/preminuo-je-dr-sc-ivo-rendic-miocevic-omiljen-i-strucan-profesor-nastavnika-i-studenata-u-zadru-1064636\">https:\/\/zadarski.slobodnadalmacija.hr\/zadar\/kalelarga\/preminuo-je-dr-sc-ivo-rendic-miocevic-omiljen-i-strucan-profesor-nastavnika-i-studenata-u-zadru-1064636<\/a><\/p>\n\n\n\n<figure class=\"wp-block-embed-wordpress wp-block-embed is-type-wp-embed is-provider-antena-zadar\"><div class=\"wp-block-embed__wrapper\">\n<blockquote class=\"wp-embedded-content\" data-secret=\"kFkcODExHr\"><a href=\"https:\/\/www.antenazadar.hr\/clanak\/2020\/12\/preminuo-profesor-ivo-rendic-miocevic-ostao-je-u-sjecanju-kao-posebno-omiljen-i-strucan\/\">Preminuo profesor Ivo Rendi\u0107-Mio\u010devi\u0107; &#8220;Ostao je u sje\u0107anju kao posebno omiljen i stru\u010dan&#8221;<\/a><\/blockquote><iframe loading=\"lazy\" class=\"wp-embedded-content\" sandbox=\"allow-scripts\" security=\"restricted\" style=\"position: absolute; clip: rect(1px, 1px, 1px, 1px);\" title=\"&#8220;Preminuo profesor Ivo Rendi\u0107-Mio\u010devi\u0107; &#8220;Ostao je u sje\u0107anju kao posebno omiljen i stru\u010dan&#8221;&#8221; &#8212; Antena Zadar\" src=\"https:\/\/www.antenazadar.hr\/clanak\/2020\/12\/preminuo-profesor-ivo-rendic-miocevic-ostao-je-u-sjecanju-kao-posebno-omiljen-i-strucan\/embed\/#?secret=kFkcODExHr\" data-secret=\"kFkcODExHr\" width=\"600\" height=\"338\" frameborder=\"0\" marginwidth=\"0\" marginheight=\"0\" scrolling=\"no\"><\/iframe>\n<\/div><\/figure>\n\n\n\n<p><a href=\"https:\/\/www.glasistre.hr\/kultura\/objavljena-knjiga-ive-rendica-miocevica-osuda-hrvata-na-zaborav-682560\">https:\/\/www.glasistre.hr\/kultura\/objavljena-knjiga-ive-rendica-miocevica-osuda-hrvata-na-zaborav-682560<\/a><\/p>\n\n\n\n<hr class=\"wp-block-separator\"\/>\n\n\n\n<p><a href=\"https:\/\/www.matica.hr\/vijenac\/702\/odlazak-vodeceg-hrvatskog-metodicara-31236\/\">https:\/\/www.matica.hr\/vijenac\/702\/odlazak-vodeceg-hrvatskog-metodicara-31236\/<\/a><\/p>\n\n\n\n<hr class=\"wp-block-separator\"\/>\n","protected":false},"excerpt":{"rendered":"","protected":false},"author":2,"featured_media":24120,"comment_status":"open","ping_status":"open","sticky":false,"template":"","format":"standard","meta":{"_acf_changed":false,"jetpack_post_was_ever_published":false,"_jetpack_newsletter_access":"","_jetpack_dont_email_post_to_subs":false,"_jetpack_newsletter_tier_id":0,"_jetpack_memberships_contains_paywalled_content":false,"_jetpack_memberships_contains_paid_content":false,"footnotes":"","jetpack_publicize_message":"","jetpack_publicize_feature_enabled":true,"jetpack_social_post_already_shared":true,"jetpack_social_options":{"image_generator_settings":{"template":"highway","default_image_id":0,"font":"","enabled":false},"version":2}},"categories":[3,20],"tags":[],"class_list":["post-24119","post","type-post","status-publish","format-standard","has-post-thumbnail","hentry","category-novosti","category-obavijesti-o-smrti-i-nekrolozi"],"acf":{"facebook_opis":""},"jetpack_publicize_connections":[],"jetpack_featured_media_url":"https:\/\/i0.wp.com\/historiografija.hr\/wp-content\/uploads\/2020\/12\/IRM.jpg?fit=200%2C160&ssl=1","jetpack_sharing_enabled":true,"jetpack-related-posts":[],"_links":{"self":[{"href":"https:\/\/historiografija.hr\/index.php?rest_route=\/wp\/v2\/posts\/24119","targetHints":{"allow":["GET"]}}],"collection":[{"href":"https:\/\/historiografija.hr\/index.php?rest_route=\/wp\/v2\/posts"}],"about":[{"href":"https:\/\/historiografija.hr\/index.php?rest_route=\/wp\/v2\/types\/post"}],"author":[{"embeddable":true,"href":"https:\/\/historiografija.hr\/index.php?rest_route=\/wp\/v2\/users\/2"}],"replies":[{"embeddable":true,"href":"https:\/\/historiografija.hr\/index.php?rest_route=%2Fwp%2Fv2%2Fcomments&post=24119"}],"version-history":[{"count":2,"href":"https:\/\/historiografija.hr\/index.php?rest_route=\/wp\/v2\/posts\/24119\/revisions"}],"predecessor-version":[{"id":24834,"href":"https:\/\/historiografija.hr\/index.php?rest_route=\/wp\/v2\/posts\/24119\/revisions\/24834"}],"wp:featuredmedia":[{"embeddable":true,"href":"https:\/\/historiografija.hr\/index.php?rest_route=\/wp\/v2\/media\/24120"}],"wp:attachment":[{"href":"https:\/\/historiografija.hr\/index.php?rest_route=%2Fwp%2Fv2%2Fmedia&parent=24119"}],"wp:term":[{"taxonomy":"category","embeddable":true,"href":"https:\/\/historiografija.hr\/index.php?rest_route=%2Fwp%2Fv2%2Fcategories&post=24119"},{"taxonomy":"post_tag","embeddable":true,"href":"https:\/\/historiografija.hr\/index.php?rest_route=%2Fwp%2Fv2%2Ftags&post=24119"}],"curies":[{"name":"wp","href":"https:\/\/api.w.org\/{rel}","templated":true}]}}