{"id":24098,"date":"2020-12-16T13:52:02","date_gmt":"2020-12-16T13:52:02","guid":{"rendered":"http:\/\/historiografija.hr\/?p=24098"},"modified":"2020-12-16T13:52:02","modified_gmt":"2020-12-16T13:52:02","slug":"international-conference-juridification-of-history-between-collective-memory-historiography-and-politics-of-memory","status":"publish","type":"post","link":"https:\/\/historiografija.hr\/?p=24098","title":{"rendered":"International conference \u201cJuridification of history \u2013 between collective memory, historiography and politics of memory\u201d"},"content":{"rendered":"\n<p><em><strong>Juridification of history \u2013 between collective memory, historiography and politics of memory <\/strong><\/em>is part of the <strong>Law and Memory<\/strong> project, dealing with topics related to&nbsp;juridification, politics of memory and historical revisionism. This year\u2019s conference focuses on the subject of <strong>juridification of history<\/strong>.<\/p>\n\n\n\n<p>The conference will provide a legal and philosophical contribution to the discussion on the juridisation of history \u2013 a process of interference by legislator and the courts with public debate about the past.<\/p>\n\n\n\n<h3 class=\"wp-block-heading\">Juridification of history between collective memory, historiography and politics of memory<\/h3>\n\n\n\n<p>The formulation of narratives referring to the past is a key element of the politics of memory by countries and nations competing for \u201cmoral capital\u201d or striving to achieve other goals. The memory laws (lois m\u00e9morielles, Erinnerungsgesetze, prawa pami\u0119ci) may therefore be either ant negationist or anti-defamatory. In the former case, they are to set the boundaries to historical denialism, whereas in the latter \u2013 to protect against libel and defamation, i.e. behaviors that also demonstrate strong, yet more subtle revisionistic potential. Whatever their nature, memory laws create legal taboos that restrict freedom of expression.<\/p>\n\n\n\n<p>The premise of the conference is therefore to provide scientific perspectives on moral, philosophical, sociological and political questions related to the juridisation of history. Conference\u2019s main focus is on the laws enacted in various jurisdictions as well as judicial practice (national and international) regarding remembrance of Holocaust and other crimes committed during World War II. Some contributions will be dedicated to exploration of other junctions between law and memory.<\/p>\n\n\n\n<h3 class=\"wp-block-heading\">Programm<\/h3>\n\n\n\n<p>Conference:<br>Juridification of history between collective memory, historiography and politics of memory<br>Conference homepage: <a href=\"https:\/\/lawandmemory.eu\/\" target=\"_blank\" rel=\"noreferrer noopener\">https:\/\/lawandmemory.eu\/<\/a><\/p>\n\n\n\n<p>18th December 2020<br>The conference will be held online.<\/p>\n\n\n\n<p>Partners:<br>Institute for the Danube Region and Central Europe (IDM)<br>Institute for Comparative Media and Communication Studies (CMC) of the Austrian Academy of Sciences (\u00d6AW) and the Alpen-Adria-Universit\u00e4t Klagenfurt (AAU)<br>Documentation Centre of Austrian Resistance (D\u00d6W)<\/p>\n\n\n\n<p>Programme:<\/p>\n\n\n\n<p>OPENING ADDRESS<br>Juridification of history.<br>Necessity, futility and the rage of the powerless<\/p>\n\n\n\n<p>9.30 AM \u2013 9.45 AM<br>Prof. Arkadiusz Radwan<br>(Polish Academy of Sciences &#8211; Scientific Centre in Vienna; Vytautas Magnus University): Opening address<\/p>\n\n\n\n<p>SESSION I:<br>Moral, philosophical and cultural foundations of legal governance of history<br>Chair: Prof. Micha\u0142 Balcerzak<\/p>\n\n\n\n<p>09.45 AM \u2013 10.00 AM<br>Prof. Ji\u0159\u00ed P\u0159ib\u00e1\u0148<br>(School of Law and Politics, Cardiff University):<br>Political and legal constitution of collective memory and its functionaries:<br>on post-national Europe of historical hopes and fears<\/p>\n\n\n\n<p>10.00 AM \u2013 10.15 AM<br>Dr. Milosz Matuschek<br>(Panth\u00e9on-Sorbonne University):<br>A good idea? Moral-philosophical justification of legislative interference with collective memories and historical narratives<\/p>\n\n\n\n<p>10.15 AM &#8211; 10.30 AM<br>Dr. Au\u0161rin\u0117 Pasvenskien\u0117<br>(Vytautas Magnus University):<br>Political correctness, societal taboos and legally decreed truths \u2013 some reflections on the limits of academic freedom in debating genocides<\/p>\n\n\n\n<p>10.30 AM \u2013 10.45 AM<br>Dr. Lea David<br>(University College Dublin):<br>Ideological frameworks of the juridification of the past<\/p>\n\n\n\n<p>10.45 AM \u2013 11.15 AM<br>Discussion<\/p>\n\n\n\n<p>11 .15 AM \u2013 11.30 AM<br>Coffee break<\/p>\n\n\n\n<p>SESSION II:<br>Collective memory, genocides and international law<br>Chair: Dr. Sonia Horonziak<\/p>\n\n\n\n<p>11.30 AM \u2013 11.45 AM<br>Prof. Micha\u0142 Balcerzak<br>(Nicolaus Copernicus University in Toru\u0144):<br>Memory of genocides and other international crimes from the perspective of public international law and the protection of human rights<\/p>\n\n\n\n<p>11.45 AM &#8211; 12.00 PM<br>Prof. Pawe\u0142 Wili\u0144ski<br>(Adam Mickiewicz University in Pozna\u0144):<br>Fighting for truth. Achievements and limitations of international criminal law in preserving memory of genocide and other international crimes.<\/p>\n\n\n\n<p>12.00 PM \u2013 12.15 PM<br>Dr. hab. Dennis Lichtenstein<br>(Austrian Academy of Sciences; Alpen-Adria-University Klagenfurt):<br>Memory, identity, and legislative action in EU politics<\/p>\n\n\n\n<p>12.15 PM \u2013 12.45 PM<br>Discussion<\/p>\n\n\n\n<p>12.45 PM \u2013 13.30 PM<br>Lunch break<\/p>\n\n\n\n<p>SESSION III:<br>Nationalisation of memory &#8211; a comparative evidence of memory laws and their clashes<br>Chair: Prof. Arkadiusz Radwan<\/p>\n\n\n\n<p>1.30 PM \u2013 1.45 PM<br>Dr. Manuel Becker<br>(University of Bonn):<br>\u2018Vergangenheitspolitik\u2018 as the judicial part in modern German historical-political Research. Wording, Concepts and Controversies<\/p>\n\n\n\n<p>1.45 PM \u2013 2.00 PM<br>Dr. Peter Pirker<br>(University of Innsbruck):<br>First Sacrificers, then Victims: Austrian Post-Nazi Memory Regimes in European Comparison<\/p>\n\n\n\n<p>2.00 PM \u2013 2.15 PM<br>Dr. Mateusz Tondera<br>(Jagiellonian Club, Krak\u00f3w):<br>Memory clashes and victimhood rivalry \u2013 two models of legal protection of memory<\/p>\n\n\n\n<p>2.15 PM \u2013 2.30 PM<br>Dr. Sonia Horonziak<br>(Polish Academy of Sciences &#8211; Scientific Centre in Vienna):<br>The road to hell is paved with good intentions \u2013 unintended effects of the attempted criminalisation of revisionistic defamation in Poland<\/p>\n\n\n\n<p>2.30 PM \u2013 2.45 PM<br>Prof. Fryderyk Zoll<br>(Jagiellonian University Krak\u00f3w; University of Osnabr\u00fcck): Personal rights of a nation? On the abuse of the private law for political purposes<\/p>\n\n\n\n<p>2.45 PM \u2013 3.15 PM<br>Discussion<\/p>\n\n\n\n<p>3.15 PM \u2013 3.30 PM<br>Coffee break<\/p>\n\n\n\n<p>SESSION IV:<br>Look Who&#8217;s Back &#8211; Political and constitutional problems of preventing Nazi revival<br>Chair: Prof. Pawe\u0142 Wili\u0144ski<\/p>\n\n\n\n<p>3.30 PM \u2013 3.45 PM<br>Hon.-Prof.in Dr.in Brigitte Bailer-Galanda<br>(University of Vienna; Documentation Centre of Austrian Resistance):<br>From denazification to banning of Holocaust denial &#8211; the Austrian law against Nationalsocialist acitivities<\/p>\n\n\n\n<p>3.45 PM \u2013 4.00 PM<br>Dr. Janusz Roszkiewicz<br>(University of Warsaw):<br>Constitutional problems of outlawing political organisations a\ufb03rmative of Nazi legacy<\/p>\n\n\n\n<p>4.00 PM \u2013 4.20 PM<br>Discussion<\/p>\n\n\n\n<p>4.20 PM \u2013 4.35 PM<br>Coffee break<\/p>\n\n\n\n<p>SESSION V:<br>Living with the past \u2013 decommunization and transitional justice in Central and Eastern Europe Chair: Dr Au\u0161rin\u0117 Pasvenskien\u0117<\/p>\n\n\n\n<p>4.35 PM \u2013 4.50 PM<br>Dr. Jacek Soko\u0142owski<br>(Jagiellonian University Krak\u00f3w):<br>The grappling of legislature with the judiciary over decommunization and lustration laws \u2013 evidence from of Poland<\/p>\n\n\n\n<p>4.50 PM \u2013 5.05 PM<br>Dr. Mikl\u00f3s K\u00f6ncz\u00f6l<br>(P\u00e1zm\u00e1ny P\u00e9ter Catholic University; Hungarian Academy of Sciences):<br>Constitutional review of the Hungarian law governing accessibility of data concerning collaboration with the communist regime \u2013 the 1990s case law and its afterlife<\/p>\n\n\n\n<p>5.05 PM \u2013 5.20 PM<br>Prof. Klaus Ziemer<br>(Cardinal Stefan Wyszy\u0144ski University in Warsaw):<br>GDR&#8217;s &#8220;legal injustice&#8221; after Germany&#8217;s Reunification<\/p>\n\n\n\n<p>5.20 PM \u2013 5.35 PM<br>Discussion<\/p>\n\n\n\n<h4 class=\"wp-block-heading\">Kontakt<\/h4>\n\n\n\n<p>Polish Academy of Sciences &#8211; Scientific Centre in Vienna<br>Dr. Sonia Horonziak, horonziak@viennapan.org<\/p>\n\n\n\n<p><a href=\"https:\/\/www.hsozkult.de\/event\/id\/event-94512\">https:\/\/www.hsozkult.de\/event\/id\/event-94512<\/a><\/p>\n\n\n\n<figure class=\"wp-block-embed-wordpress wp-block-embed is-type-wp-embed is-provider-lawandmemory-pl\"><div class=\"wp-block-embed__wrapper\">\n<blockquote class=\"wp-embedded-content\" data-secret=\"utHt4EqIFO\"><a href=\"https:\/\/lawandmemory.eu\/\">Main<\/a><\/blockquote><iframe loading=\"lazy\" class=\"wp-embedded-content\" sandbox=\"allow-scripts\" security=\"restricted\" style=\"position: absolute; clip: rect(1px, 1px, 1px, 1px);\" title=\"&#8222;Main&#8221; &#8212; lawandmemory.pl\" src=\"https:\/\/lawandmemory.eu\/embed\/#?secret=utHt4EqIFO\" data-secret=\"utHt4EqIFO\" width=\"600\" height=\"338\" frameborder=\"0\" marginwidth=\"0\" marginheight=\"0\" scrolling=\"no\"><\/iframe>\n<\/div><\/figure>\n\n\n\n<hr class=\"wp-block-separator\"\/>\n","protected":false},"excerpt":{"rendered":"","protected":false},"author":2,"featured_media":24099,"comment_status":"open","ping_status":"open","sticky":false,"template":"","format":"standard","meta":{"_acf_changed":false,"jetpack_post_was_ever_published":false,"_jetpack_newsletter_access":"","_jetpack_dont_email_post_to_subs":false,"_jetpack_newsletter_tier_id":0,"_jetpack_memberships_contains_paywalled_content":false,"_jetpack_memberships_contains_paid_content":false,"footnotes":"","jetpack_publicize_message":"","jetpack_publicize_feature_enabled":true,"jetpack_social_post_already_shared":true,"jetpack_social_options":{"image_generator_settings":{"template":"highway","default_image_id":0,"font":"","enabled":false},"version":2}},"categories":[3,9],"tags":[],"class_list":["post-24098","post","type-post","status-publish","format-standard","has-post-thumbnail","hentry","category-novosti","category-skupovi"],"acf":{"facebook_opis":""},"jetpack_publicize_connections":[],"jetpack_featured_media_url":"https:\/\/i0.wp.com\/historiografija.hr\/wp-content\/uploads\/2020\/12\/conference.jpg?fit=1920%2C800&ssl=1","jetpack_sharing_enabled":true,"jetpack-related-posts":[],"_links":{"self":[{"href":"https:\/\/historiografija.hr\/index.php?rest_route=\/wp\/v2\/posts\/24098","targetHints":{"allow":["GET"]}}],"collection":[{"href":"https:\/\/historiografija.hr\/index.php?rest_route=\/wp\/v2\/posts"}],"about":[{"href":"https:\/\/historiografija.hr\/index.php?rest_route=\/wp\/v2\/types\/post"}],"author":[{"embeddable":true,"href":"https:\/\/historiografija.hr\/index.php?rest_route=\/wp\/v2\/users\/2"}],"replies":[{"embeddable":true,"href":"https:\/\/historiografija.hr\/index.php?rest_route=%2Fwp%2Fv2%2Fcomments&post=24098"}],"version-history":[{"count":1,"href":"https:\/\/historiografija.hr\/index.php?rest_route=\/wp\/v2\/posts\/24098\/revisions"}],"predecessor-version":[{"id":24100,"href":"https:\/\/historiografija.hr\/index.php?rest_route=\/wp\/v2\/posts\/24098\/revisions\/24100"}],"wp:featuredmedia":[{"embeddable":true,"href":"https:\/\/historiografija.hr\/index.php?rest_route=\/wp\/v2\/media\/24099"}],"wp:attachment":[{"href":"https:\/\/historiografija.hr\/index.php?rest_route=%2Fwp%2Fv2%2Fmedia&parent=24098"}],"wp:term":[{"taxonomy":"category","embeddable":true,"href":"https:\/\/historiografija.hr\/index.php?rest_route=%2Fwp%2Fv2%2Fcategories&post=24098"},{"taxonomy":"post_tag","embeddable":true,"href":"https:\/\/historiografija.hr\/index.php?rest_route=%2Fwp%2Fv2%2Ftags&post=24098"}],"curies":[{"name":"wp","href":"https:\/\/api.w.org\/{rel}","templated":true}]}}