{"id":24095,"date":"2020-12-16T13:40:44","date_gmt":"2020-12-16T13:40:44","guid":{"rendered":"http:\/\/historiografija.hr\/?p=24095"},"modified":"2020-12-16T13:40:44","modified_gmt":"2020-12-16T13:40:44","slug":"srebrenica-25-godina-poslije","status":"publish","type":"post","link":"https:\/\/historiografija.hr\/?p=24095","title":{"rendered":"Srebrenica. 25 godina poslije"},"content":{"rendered":"\n<p>Heinrich-B\u00f6ll-Stiftung Sarajevo je objavila knjigu \u201eSrebrenica. 25 godina poslije\u201c. Rije\u010d je o fotomonografiji u kojoj se, pored fotografija Velije Hasanbegovi\u0107a, nalaze i intervjui sa Christianom Schwarzom Schillingom, biv\u0161im visokim predstavnikom u BiH; Emirom Suljagi\u0107em, direktorom Memorijalnog centra Srebrenica \u2013 Poto\u010dari; \u0160ejlom Kameri\u0107, umjetnicom; Harizom Halilovi\u0107em, socijalnim antropologom; te Hajrom \u0106ati\u0107, predsjednicom Udru\u017eenja \u201c\u017dene Srebrenice\u201d, kao i pjesme iz posthumno objavljene zbirke pjesama \u201cLjudi bezna\u0111a\u201d Nihada Nine \u0106ati\u0107a.<\/p>\n\n\n\n<p>Knjiga \u201dSrebrenica \u2013 25 godina kasnije\u201d se bavi temom genocida u Srebrenici i time \u0161ta Srebrenica predstavlja svima nama danas, a kroz vizuru svjedoka, memorijalizacije, socijalne antropologije, politike i umjetnosti. Mir i pomirenje ne\u0107e do\u0107i slavljenjem zlo\u010dinaca i glorificiranjem ili negiranjem zlo\u010dina, nego prihvatanjem \u010dinjenica, naro\u010dito onih koje su sudski utvr\u0111ene. Mir dolazi govorom mira a ne govorom u slavu zlo\u010dina i zlo\u010dinaca.<\/p>\n\n\n\n<p>Knjige se mo\u017ee slobodno preuzeti <a href=\"https:\/\/ba.boell.org\/bs\/2020\/12\/09\/srebrenica-25-godina-kasnije\" target=\"_blank\" rel=\"noreferrer noopener\">Ovdje<\/a><\/p>\n\n\n\n<p>Izvor: <a href=\"https:\/\/ba.boell.org\/bs\/2020\/12\/10\/srebrenica-25-godina-kasnije\" target=\"_blank\" rel=\"noreferrer noopener\">Heinrich-B\u00f6ll-Stiftung Sarajevo<\/a><\/p>\n\n\n\n<p><strong>Preneseno s portala Historiografija.ba:<\/strong><\/p>\n\n\n\n<p><a href=\"https:\/\/www.historiografija.ba\/article.php?id=325\">https:\/\/www.historiografija.ba\/article.php?id=325<\/a><\/p>\n\n\n\n<hr class=\"wp-block-separator\"\/>\n","protected":false},"excerpt":{"rendered":"","protected":false},"author":2,"featured_media":24096,"comment_status":"open","ping_status":"open","sticky":false,"template":"","format":"standard","meta":{"_acf_changed":false,"jetpack_post_was_ever_published":false,"_jetpack_newsletter_access":"","_jetpack_dont_email_post_to_subs":false,"_jetpack_newsletter_tier_id":0,"_jetpack_memberships_contains_paywalled_content":false,"_jetpack_memberships_contains_paid_content":false,"footnotes":"","jetpack_publicize_message":"","jetpack_publicize_feature_enabled":true,"jetpack_social_post_already_shared":true,"jetpack_social_options":{"image_generator_settings":{"template":"highway","default_image_id":0,"font":"","enabled":false},"version":2}},"categories":[19,8,3],"tags":[],"class_list":["post-24095","post","type-post","status-publish","format-standard","has-post-thumbnail","hentry","category-e-knjige","category-knjige","category-novosti"],"acf":{"facebook_opis":""},"jetpack_publicize_connections":[],"jetpack_featured_media_url":"https:\/\/i0.wp.com\/historiografija.hr\/wp-content\/uploads\/2020\/12\/Srebrenica-25-godina-kasnije.jpg?fit=450%2C608&ssl=1","jetpack_sharing_enabled":true,"jetpack-related-posts":[],"_links":{"self":[{"href":"https:\/\/historiografija.hr\/index.php?rest_route=\/wp\/v2\/posts\/24095","targetHints":{"allow":["GET"]}}],"collection":[{"href":"https:\/\/historiografija.hr\/index.php?rest_route=\/wp\/v2\/posts"}],"about":[{"href":"https:\/\/historiografija.hr\/index.php?rest_route=\/wp\/v2\/types\/post"}],"author":[{"embeddable":true,"href":"https:\/\/historiografija.hr\/index.php?rest_route=\/wp\/v2\/users\/2"}],"replies":[{"embeddable":true,"href":"https:\/\/historiografija.hr\/index.php?rest_route=%2Fwp%2Fv2%2Fcomments&post=24095"}],"version-history":[{"count":1,"href":"https:\/\/historiografija.hr\/index.php?rest_route=\/wp\/v2\/posts\/24095\/revisions"}],"predecessor-version":[{"id":24097,"href":"https:\/\/historiografija.hr\/index.php?rest_route=\/wp\/v2\/posts\/24095\/revisions\/24097"}],"wp:featuredmedia":[{"embeddable":true,"href":"https:\/\/historiografija.hr\/index.php?rest_route=\/wp\/v2\/media\/24096"}],"wp:attachment":[{"href":"https:\/\/historiografija.hr\/index.php?rest_route=%2Fwp%2Fv2%2Fmedia&parent=24095"}],"wp:term":[{"taxonomy":"category","embeddable":true,"href":"https:\/\/historiografija.hr\/index.php?rest_route=%2Fwp%2Fv2%2Fcategories&post=24095"},{"taxonomy":"post_tag","embeddable":true,"href":"https:\/\/historiografija.hr\/index.php?rest_route=%2Fwp%2Fv2%2Ftags&post=24095"}],"curies":[{"name":"wp","href":"https:\/\/api.w.org\/{rel}","templated":true}]}}