{"id":24088,"date":"2020-12-15T12:32:42","date_gmt":"2020-12-15T12:32:42","guid":{"rendered":"http:\/\/historiografija.hr\/?p=24088"},"modified":"2020-12-15T12:32:42","modified_gmt":"2020-12-15T12:32:42","slug":"sasa-stanisic-porijeklo","status":"publish","type":"post","link":"https:\/\/historiografija.hr\/?p=24088","title":{"rendered":"Sa\u0161a Stani\u0161i\u0107, \u201cPorijeklo\u201d"},"content":{"rendered":"\n<p>Ovako stvari stoje: zemlja u kojoj sam ro\u0111en vi\u0161e ne postoji. Dok je jo\u0161 postojala, smatrao sam se Jugoslavenom. Bio sam dijete multietni\u010dke dr\u017eave, plod i o\u010ditovanje dvoje ljudi koji su se voljeli i koje je jugoslavenski melting pot oslobodio okova razli\u010ditih vjera i porijekla. Neko\u0107 je baka govorila \u2013 tada sam imao deset ili pet ili sedam godina \u2013 da ja nikad ne\u0107u varati ni lagati, nego samo pretjerivati i izmi\u0161ljati. Razliku tada nisam znao (\u010desto je ne \u017eelim znati ni danas), ali svi\u0111alo mi se \u0161to mi izgleda vjeruje. To jutro prije na\u0161ega puta u Oskoru\u0161u opet je ponovila da je to znala oduvijek: \u201cIzmi\u0161ljanje i pretjerivanje, danas time i novac zara\u0111uje\u0161.\u201d<\/p>\n\n\n\n<p>U svojem tre\u0107em romanu <em>Porijeklo<\/em> Sa\u0161a Stani\u0161i\u0107 pripovijeda o svojem putu iz rodnog Vi\u0161egrada do njema\u010dkog Heidelberga pa opet natrag, u bosanske planine, k svojoj baki. Topao, sjetan, duhovit i vrlo \u017eivopisan, o\u010darao je njema\u010dku publiku i dobio najzna\u010dajniju njema\u010dku knji\u017eevnu nagradu, Deutscher Buchpreis za 2019. godinu. Izvanserijsko djelo koje \u0107e vas osvojiti na prvo, drugo i tre\u0107e \u010ditanje.<\/p>\n\n\n\n<hr class=\"wp-block-separator\"\/>\n\n\n\n<p>\u201cSa\u0161a Stani\u0161i\u0107 pjesnik je i revolucionar, i u jeziku je prona\u0161ao svoju pravu domovinu.\u201d \u2013 Thomas Hummitzsch, <em>Rolling Stone<\/em><\/p>\n\n\n\n<p>\u201cOn je bez daljnjega jedan od na\u0161ih najboljih pripovjeda\u010da.\u201d \u2013 Richard K\u00e4mmerlings, <em>Die Welt<\/em><\/p>\n\n\n\n<p>\u201cNacionalizam i separatizam potresaju Europu. \u0160to nam je \u010diniti? Mo\u017eda najprije \u010ditati nove pisce zavi\u010daja, poput Sa\u0161e Stani\u0161i\u0107a.\u201d \u2013 Karin Janker, <em>S\u00fcddeutsche Zeitung<\/em><\/p>\n\n\n\n<hr class=\"wp-block-separator\"\/>\n\n\n\n<p>Jezik izvornika: njema\u010dki<\/p>\n\n\n\n<p>Prijevod: Anda Bukvi\u0107 Pa\u017ein<\/p>\n\n\n\n<p>Broj stranica: 320<\/p>\n\n\n\n<p>Datum izdanja: studeni 2020.<\/p>\n\n\n\n<p>Naslov izvornika: Herkunft<\/p>\n\n\n\n<hr class=\"wp-block-separator\"\/>\n\n\n\n<p>Izvor: <a href=\"https:\/\/fraktura.hr\/porijeklo.html\">https:\/\/fraktura.hr\/porijeklo.html<\/a><\/p>\n\n\n\n<hr class=\"wp-block-separator\"\/>\n","protected":false},"excerpt":{"rendered":"","protected":false},"author":2,"featured_media":24089,"comment_status":"open","ping_status":"open","sticky":false,"template":"","format":"standard","meta":{"_acf_changed":false,"jetpack_post_was_ever_published":false,"_jetpack_newsletter_access":"","_jetpack_dont_email_post_to_subs":false,"_jetpack_newsletter_tier_id":0,"_jetpack_memberships_contains_paywalled_content":false,"_jetpack_memberships_contains_paid_content":false,"footnotes":"","jetpack_publicize_message":"","jetpack_publicize_feature_enabled":true,"jetpack_social_post_already_shared":true,"jetpack_social_options":{"image_generator_settings":{"template":"highway","default_image_id":0,"font":"","enabled":false},"version":2}},"categories":[3,12],"tags":[],"class_list":["post-24088","post","type-post","status-publish","format-standard","has-post-thumbnail","hentry","category-novosti","category-knjizevnost"],"acf":{"facebook_opis":""},"jetpack_publicize_connections":[],"jetpack_featured_media_url":"https:\/\/i0.wp.com\/historiografija.hr\/wp-content\/uploads\/2020\/12\/porijeklo.jpg?fit=407%2C610&ssl=1","jetpack_sharing_enabled":true,"jetpack-related-posts":[],"_links":{"self":[{"href":"https:\/\/historiografija.hr\/index.php?rest_route=\/wp\/v2\/posts\/24088","targetHints":{"allow":["GET"]}}],"collection":[{"href":"https:\/\/historiografija.hr\/index.php?rest_route=\/wp\/v2\/posts"}],"about":[{"href":"https:\/\/historiografija.hr\/index.php?rest_route=\/wp\/v2\/types\/post"}],"author":[{"embeddable":true,"href":"https:\/\/historiografija.hr\/index.php?rest_route=\/wp\/v2\/users\/2"}],"replies":[{"embeddable":true,"href":"https:\/\/historiografija.hr\/index.php?rest_route=%2Fwp%2Fv2%2Fcomments&post=24088"}],"version-history":[{"count":1,"href":"https:\/\/historiografija.hr\/index.php?rest_route=\/wp\/v2\/posts\/24088\/revisions"}],"predecessor-version":[{"id":24090,"href":"https:\/\/historiografija.hr\/index.php?rest_route=\/wp\/v2\/posts\/24088\/revisions\/24090"}],"wp:featuredmedia":[{"embeddable":true,"href":"https:\/\/historiografija.hr\/index.php?rest_route=\/wp\/v2\/media\/24089"}],"wp:attachment":[{"href":"https:\/\/historiografija.hr\/index.php?rest_route=%2Fwp%2Fv2%2Fmedia&parent=24088"}],"wp:term":[{"taxonomy":"category","embeddable":true,"href":"https:\/\/historiografija.hr\/index.php?rest_route=%2Fwp%2Fv2%2Fcategories&post=24088"},{"taxonomy":"post_tag","embeddable":true,"href":"https:\/\/historiografija.hr\/index.php?rest_route=%2Fwp%2Fv2%2Ftags&post=24088"}],"curies":[{"name":"wp","href":"https:\/\/api.w.org\/{rel}","templated":true}]}}