{"id":24082,"date":"2020-12-15T12:13:45","date_gmt":"2020-12-15T12:13:45","guid":{"rendered":"http:\/\/historiografija.hr\/?p=24082"},"modified":"2020-12-15T12:13:45","modified_gmt":"2020-12-15T12:13:45","slug":"mirjana-kasapovic-bosna-i-hercegovina-1990-2020-rat-drzava-i-demokracija","status":"publish","type":"post","link":"https:\/\/historiografija.hr\/?p=24082","title":{"rendered":"Mirjana Kasapovi\u0107, \u201cBosna i Hercegovina 1990. \u2013 2020. Rat, dr\u017eava i demokracija\u201d"},"content":{"rendered":"\n<p>Premda su u rat u Bosni i Hercegovini 1992. \u2013 1995. bili umije\u0161ani brojni strani akteri, prema znanstvenim mjerilima to je primarno bio gra\u0111anski rat \u2013 nasilan sukob pripadnika triju konstitutivnih naroda, Srba, Bo\u0161njaka i Hrvata, za teritorij, ure\u0111enje i identitet dr\u017eave.<br>Obrasci proizvodnje i nova\u010denja politi\u010dkih neprijatelja pokazuju da je sukob u Bosni i Hercegovini, kao i u ostalima gra\u0111anskim ratovima, primarno bio \u201erat znanaca, a ne rat stranaca\u201d. Djelomice su posrijedi bili konkretni znanci \u2013 \u010dlanovi vlastitih obitelji, drugovi iz \u0161kole i s fakulteta, kolege s posla, susjedi, prijatelji, a djelomice figurativni znanci koji su dijelili jednaka ili sli\u010dna iskustva \u017eivota u istoj zemlji. \u017drtve su me\u0111u mu\u010diteljima prepoznavali svoje \u0161kolske u\u010ditelje i svoje u\u010denike, prodava\u010de i kupce s tr\u017enica i iz trgovina, gostioni\u010dare i goste, voza\u010de i putnike komunalnih autobusa, poslovo\u0111e i radnike iz tvornica, prve susjede i \u0161kolske prijatelje svoje djece. To je rat u\u010dinilo gorim nego da je zemlja napadnuta izvana, jer unutarnji sukob ne razara samo politi\u010dke i dru\u0161tvene institucije nego uni\u0161tava s\u00e2mo tkivo dru\u0161tva, a to su odnosi me\u0111u ljudima.<\/p>\n\n\n\n<hr class=\"wp-block-separator\"\/>\n\n\n\n<p>Izdava\u010d: \u0160kolska knjiga<\/p>\n\n\n\n<p>Broj stranica: 536<\/p>\n\n\n\n<p>Godina izdanja: 2020<\/p>\n\n\n\n<p>Izvor i dodatne informacije:<\/p>\n\n\n\n<p><a href=\"https:\/\/shop.skolskaknjiga.hr\/bosna-i-hercegovina-1990-2020-rat-drzava-i-demokracija.html\">https:\/\/shop.skolskaknjiga.hr\/bosna-i-hercegovina-1990-2020-rat-drzava-i-demokracija.html<\/a><\/p>\n\n\n\n<hr class=\"wp-block-separator\"\/>\n\n\n\n<p>Odjeci:<\/p>\n\n\n\n<p><a href=\"https:\/\/www.jutarnji.hr\/globus\/politika\/globus-o-novoj-vaznoj-knjizi-mirjane-kasapovic-zasto-je-rat-u-bih-bio-gradanski-a-u-hrvatskoj-ne-15035134\">https:\/\/www.jutarnji.hr\/globus\/politika\/globus-o-novoj-vaznoj-knjizi-mirjane-kasapovic-zasto-je-rat-u-bih-bio-gradanski-a-u-hrvatskoj-ne-15035134<\/a><\/p>\n\n\n\n<p><a href=\"https:\/\/www.jutarnji.hr\/vijesti\/svijet\/kapitalna-knjiga-mirjane-kasapovic-u-bosni-i-hercegovini-dogodio-se-gradanski-rat-15035084\">https:\/\/www.jutarnji.hr\/vijesti\/svijet\/kapitalna-knjiga-mirjane-kasapovic-u-bosni-i-hercegovini-dogodio-se-gradanski-rat-15035084<\/a><\/p>\n\n\n\n<p><a href=\"https:\/\/www.historiografija.ba\/article.php?id=318\">https:\/\/www.historiografija.ba\/article.php?id=318<\/a><\/p>\n\n\n\n<figure class=\"wp-block-embed-wordpress wp-block-embed is-type-wp-embed is-provider-the-bosnia-times\"><div class=\"wp-block-embed__wrapper\">\n<blockquote class=\"wp-embedded-content\" data-secret=\"gS56AYCLSd\"><a href=\"https:\/\/thebosniatimes.ba\/54218\/proslost-nikad-nije-mrtva-latic-milanoviceve-ludjacke-eskapade-su-vjesnici-nove-posttudjmanovske-politike-prema-bosni\/\">PRO\u0160LOST NIKAD NIJE MRTVA Lati\u0107: Milanovi\u0107eve lu\u0111a\u010dke eskapade su vjesnici nove posttu\u0111manovske politike prema Bosni<\/a><\/blockquote><iframe loading=\"lazy\" class=\"wp-embedded-content\" sandbox=\"allow-scripts\" security=\"restricted\" style=\"position: absolute; clip: rect(1px, 1px, 1px, 1px);\" title=\"&#8220;PRO\u0160LOST NIKAD NIJE MRTVA Lati\u0107: Milanovi\u0107eve lu\u0111a\u010dke eskapade su vjesnici nove posttu\u0111manovske politike prema Bosni&#8221; &#8212; The Bosnia Times\" src=\"https:\/\/thebosniatimes.ba\/54218\/proslost-nikad-nije-mrtva-latic-milanoviceve-ludjacke-eskapade-su-vjesnici-nove-posttudjmanovske-politike-prema-bosni\/embed\/#?secret=gS56AYCLSd\" data-secret=\"gS56AYCLSd\" width=\"600\" height=\"338\" frameborder=\"0\" marginwidth=\"0\" marginheight=\"0\" scrolling=\"no\"><\/iframe>\n<\/div><\/figure>\n\n\n\n<hr class=\"wp-block-separator\"\/>\n","protected":false},"excerpt":{"rendered":"","protected":false},"author":2,"featured_media":24083,"comment_status":"open","ping_status":"open","sticky":false,"template":"","format":"standard","meta":{"_acf_changed":false,"jetpack_post_was_ever_published":false,"_jetpack_newsletter_access":"","_jetpack_dont_email_post_to_subs":false,"_jetpack_newsletter_tier_id":0,"_jetpack_memberships_contains_paywalled_content":false,"_jetpack_memberships_contains_paid_content":false,"footnotes":"","jetpack_publicize_message":"","jetpack_publicize_feature_enabled":true,"jetpack_social_post_already_shared":true,"jetpack_social_options":{"image_generator_settings":{"template":"highway","default_image_id":0,"font":"","enabled":false},"version":2}},"categories":[8,3],"tags":[],"class_list":["post-24082","post","type-post","status-publish","format-standard","has-post-thumbnail","hentry","category-knjige","category-novosti"],"acf":{"facebook_opis":""},"jetpack_publicize_connections":[],"jetpack_featured_media_url":"https:\/\/i0.wp.com\/historiografija.hr\/wp-content\/uploads\/2020\/12\/Kasapovic.jpg?fit=760%2C1000&ssl=1","jetpack_sharing_enabled":true,"jetpack-related-posts":[],"_links":{"self":[{"href":"https:\/\/historiografija.hr\/index.php?rest_route=\/wp\/v2\/posts\/24082","targetHints":{"allow":["GET"]}}],"collection":[{"href":"https:\/\/historiografija.hr\/index.php?rest_route=\/wp\/v2\/posts"}],"about":[{"href":"https:\/\/historiografija.hr\/index.php?rest_route=\/wp\/v2\/types\/post"}],"author":[{"embeddable":true,"href":"https:\/\/historiografija.hr\/index.php?rest_route=\/wp\/v2\/users\/2"}],"replies":[{"embeddable":true,"href":"https:\/\/historiografija.hr\/index.php?rest_route=%2Fwp%2Fv2%2Fcomments&post=24082"}],"version-history":[{"count":1,"href":"https:\/\/historiografija.hr\/index.php?rest_route=\/wp\/v2\/posts\/24082\/revisions"}],"predecessor-version":[{"id":24084,"href":"https:\/\/historiografija.hr\/index.php?rest_route=\/wp\/v2\/posts\/24082\/revisions\/24084"}],"wp:featuredmedia":[{"embeddable":true,"href":"https:\/\/historiografija.hr\/index.php?rest_route=\/wp\/v2\/media\/24083"}],"wp:attachment":[{"href":"https:\/\/historiografija.hr\/index.php?rest_route=%2Fwp%2Fv2%2Fmedia&parent=24082"}],"wp:term":[{"taxonomy":"category","embeddable":true,"href":"https:\/\/historiografija.hr\/index.php?rest_route=%2Fwp%2Fv2%2Fcategories&post=24082"},{"taxonomy":"post_tag","embeddable":true,"href":"https:\/\/historiografija.hr\/index.php?rest_route=%2Fwp%2Fv2%2Ftags&post=24082"}],"curies":[{"name":"wp","href":"https:\/\/api.w.org\/{rel}","templated":true}]}}