{"id":24074,"date":"2020-12-15T11:57:09","date_gmt":"2020-12-15T11:57:09","guid":{"rendered":"http:\/\/historiografija.hr\/?p=24074"},"modified":"2020-12-15T11:59:20","modified_gmt":"2020-12-15T11:59:20","slug":"medunarodna-konferencija-povodom-25-godisnjice-daytonsko-pariskog-sporazuma-international-conference-the-legacy-of-peace-25-years-of-the-dayton-paris-peace-agreement","status":"publish","type":"post","link":"https:\/\/historiografija.hr\/?p=24074","title":{"rendered":"Me\u0111unarodna konferencija povodom 25. godi\u0161njice Daytonsko-pari\u0161kog sporazuma \/ International Conference \u201cThe Legacy of Peace \u2013 25 Years of the Dayton-Paris Peace Agreement\u201d"},"content":{"rendered":"\n<p>U organizaciji Hrvatske akademije znanosti i umjetnosti i Ministarstva vanjskih i europskih poslova u utorak 15. prosinca 2020. s po\u010detkom u 14 sati u Nacionalnoj i sveu\u010dili\u0161noj knji\u017enici u Zagrebu odr\u017eat \u0107e se me\u0111unarodna konferencija\u00a0 \u201eNaslije\u0111e mira &#8211; 25 godina Daytonsko-pari\u0161kog mirovnog sporazuma\u201c. Pozdravni govor odr\u017eat \u0107e predsjednik HAZU akademik Velimir Neidhardt, a uvodna izlaganja odr\u017eat \u0107e predsjednik Vlade Andrej Plenkovi\u0107 te\u00a0Josep Borrell, potpredsjednik Europske komisije i visoki predstavnik Europske unije za vanjske poslove i sigurnosnu politiku.\u00a0<\/p>\n\n\n\n<p>Konferenciju je mogu\u0107e pratiti i putem YouTube kanala Ministarstva vanjskih i europskih poslova.<\/p>\n\n\n\n<figure class=\"wp-block-embed-youtube wp-block-embed is-type-video is-provider-youtube wp-embed-aspect-16-9 wp-has-aspect-ratio\"><div class=\"wp-block-embed__wrapper\">\n<span class=\"embed-youtube\" style=\"text-align:center; display: block;\"><iframe loading=\"lazy\" class=\"youtube-player\" width=\"860\" height=\"484\" src=\"https:\/\/www.youtube.com\/embed\/RPu6gesgkmk?version=3&#038;rel=1&#038;showsearch=0&#038;showinfo=1&#038;iv_load_policy=1&#038;fs=1&#038;hl=hr&#038;autohide=2&#038;wmode=transparent\" allowfullscreen=\"true\" style=\"border:0;\" sandbox=\"allow-scripts allow-same-origin allow-popups allow-presentation allow-popups-to-escape-sandbox\"><\/iframe><\/span>\n<\/div><\/figure>\n\n\n\n<p><a href=\"http:\/\/info.hazu.hr\/upload\/File\/2020\/201412-Naslje%C4%91e-mira---25-godina-Daytonsko-pari%C5%A1kog-mirovnog-sporazuma.pdf\">Program<\/a><\/p>\n\n\n\n<p>Izvor:<\/p>\n\n\n\n<p><a href=\"http:\/\/info.hazu.hr\/hr\/\">http:\/\/info.hazu.hr\/hr\/<\/a><\/p>\n\n\n\n<p><a href=\"http:\/\/www.mvep.hr\/hr\/mediji\/diplomatski-kalendar\/medunarodna-konferencija-%e2%80%9enasljede-mira---25-godina-14122020,15604.html\">http:\/\/www.mvep.hr\/hr\/mediji\/diplomatski-kalendar\/medunarodna-konferencija-%e2%80%9enasljede-mira&#8212;25-godina-14122020,15604.html<\/a><\/p>\n\n\n\n<hr class=\"wp-block-separator\"\/>\n","protected":false},"excerpt":{"rendered":"","protected":false},"author":2,"featured_media":24075,"comment_status":"open","ping_status":"open","sticky":false,"template":"","format":"standard","meta":{"_acf_changed":false,"jetpack_post_was_ever_published":false,"_jetpack_newsletter_access":"","_jetpack_dont_email_post_to_subs":false,"_jetpack_newsletter_tier_id":0,"_jetpack_memberships_contains_paywalled_content":false,"_jetpack_memberships_contains_paid_content":false,"footnotes":"","jetpack_publicize_message":"","jetpack_publicize_feature_enabled":true,"jetpack_social_post_already_shared":true,"jetpack_social_options":{"image_generator_settings":{"template":"highway","default_image_id":0,"font":"","enabled":false},"version":2}},"categories":[3,9],"tags":[],"class_list":["post-24074","post","type-post","status-publish","format-standard","has-post-thumbnail","hentry","category-novosti","category-skupovi"],"acf":{"facebook_opis":""},"jetpack_publicize_connections":[],"jetpack_featured_media_url":"https:\/\/i0.wp.com\/historiografija.hr\/wp-content\/uploads\/2020\/12\/Dayton.jpg?fit=189%2C266&ssl=1","jetpack_sharing_enabled":true,"jetpack-related-posts":[],"_links":{"self":[{"href":"https:\/\/historiografija.hr\/index.php?rest_route=\/wp\/v2\/posts\/24074","targetHints":{"allow":["GET"]}}],"collection":[{"href":"https:\/\/historiografija.hr\/index.php?rest_route=\/wp\/v2\/posts"}],"about":[{"href":"https:\/\/historiografija.hr\/index.php?rest_route=\/wp\/v2\/types\/post"}],"author":[{"embeddable":true,"href":"https:\/\/historiografija.hr\/index.php?rest_route=\/wp\/v2\/users\/2"}],"replies":[{"embeddable":true,"href":"https:\/\/historiografija.hr\/index.php?rest_route=%2Fwp%2Fv2%2Fcomments&post=24074"}],"version-history":[{"count":2,"href":"https:\/\/historiografija.hr\/index.php?rest_route=\/wp\/v2\/posts\/24074\/revisions"}],"predecessor-version":[{"id":24077,"href":"https:\/\/historiografija.hr\/index.php?rest_route=\/wp\/v2\/posts\/24074\/revisions\/24077"}],"wp:featuredmedia":[{"embeddable":true,"href":"https:\/\/historiografija.hr\/index.php?rest_route=\/wp\/v2\/media\/24075"}],"wp:attachment":[{"href":"https:\/\/historiografija.hr\/index.php?rest_route=%2Fwp%2Fv2%2Fmedia&parent=24074"}],"wp:term":[{"taxonomy":"category","embeddable":true,"href":"https:\/\/historiografija.hr\/index.php?rest_route=%2Fwp%2Fv2%2Fcategories&post=24074"},{"taxonomy":"post_tag","embeddable":true,"href":"https:\/\/historiografija.hr\/index.php?rest_route=%2Fwp%2Fv2%2Ftags&post=24074"}],"curies":[{"name":"wp","href":"https:\/\/api.w.org\/{rel}","templated":true}]}}