{"id":2406,"date":"2016-09-08T22:00:05","date_gmt":"2016-09-08T22:00:05","guid":{"rendered":"http:\/\/historiografija.hr\/?p=2406"},"modified":"2016-09-08T22:00:05","modified_gmt":"2016-09-08T22:00:05","slug":"skup-muzeji-sa-zbirkama-oruzja-i-odjece-u-hrvatskoj","status":"publish","type":"post","link":"https:\/\/historiografija.hr\/?p=2406","title":{"rendered":"Skup \u201cMuzeji sa zbirkama oru\u017eja i odje\u0107e u Hrvatskoj\u201d"},"content":{"rendered":"<p align=\"justify\"><font  size=\"3\">  <br \/><\/font><\/p>\n<p align=\"justify\" style=\"margin: 0cm 0cm 10pt;\"><font face=\"Calibri\" size=\"3\">TAGUNGSPROGRAMM<\/font><\/p>\n<p align=\"justify\"><font  size=\"3\">  <br \/><\/font><\/p>\n<p align=\"justify\" style=\"margin: 0cm 0cm 10pt;\"><font face=\"Calibri\" size=\"3\">&nbsp;<\/font><\/p>\n<p align=\"justify\"><font  size=\"3\">  <br \/><\/font><\/p>\n<p align=\"justify\" style=\"margin: 0cm 0cm 10pt;\"><b style=\"mso-bidi-font-weight: normal;\"><font face=\"Calibri\" size=\"3\">Gesellschaft f\u00fcr historische Waffen- und Kost\u00fcmkunde<\/font><\/b><\/p>\n<p align=\"justify\"><font  size=\"3\">  <br \/><\/font><\/p>\n<p align=\"justify\" style=\"margin: 0cm 0cm 10pt;\"><font face=\"Calibri\" size=\"3\">&nbsp;<\/font><\/p>\n<p align=\"justify\"><font  size=\"3\">  <br \/><\/font><\/p>\n<p align=\"justify\" style=\"margin: 0cm 0cm 10pt;\"><font face=\"Calibri\" size=\"3\">ZAGREB, 8. bis 11. September 2016<\/font><\/p>\n<p align=\"justify\"><font  size=\"3\">  <br \/><\/font><\/p>\n<p align=\"justify\" style=\"margin: 0cm 0cm 10pt;\"><font face=\"Calibri\" size=\"3\">&nbsp;<\/font><\/p>\n<p align=\"justify\"><font  size=\"3\">  <br \/><\/font><\/p>\n<p align=\"justify\" style=\"margin: 0cm 0cm 10pt;\"><b style=\"mso-bidi-font-weight: normal;\"><font face=\"Calibri\" size=\"3\">Donnerstag, 8.09.2016<\/font><\/b><\/p>\n<p align=\"justify\"><font  size=\"3\">  <br \/><\/font><\/p>\n<p align=\"justify\" style=\"margin: 0cm 0cm 10pt;\"><font face=\"Calibri\" size=\"3\">&nbsp;<\/font><\/p>\n<p align=\"justify\"><font  size=\"3\">  <br \/><\/font><\/p>\n<p align=\"justify\" style=\"margin: 0cm 0cm 10pt;\"><font face=\"Calibri\" size=\"3\">Kroatisches Institut f\u00fcr Geschichte, Opati\u010dka 10, Zagreb<\/font><\/p>\n<p align=\"justify\"><font  size=\"3\">  <br \/><\/font><\/p>\n<p align=\"justify\" style=\"margin: 0cm 0cm 10pt;\"><font face=\"Calibri\"><font size=\"3\"><span style=\"mso-spacerun: yes;\">&nbsp;<\/span>08.30-09.00<span style=\"mso-spacerun: yes;\">&nbsp;&nbsp;&nbsp; <\/span>Einschreiben im Kroatischen Institut f\u00fcr Geschichte<\/font><\/font><\/p>\n<p align=\"justify\"><font  size=\"3\">  <br \/><\/font><\/p>\n<p align=\"justify\" style=\"margin: 0cm 0cm 10pt;\"><font face=\"Calibri\"><font size=\"3\"><span style=\"mso-spacerun: yes;\">&nbsp;<\/span>09.00-09.30<span style=\"mso-spacerun: yes;\">&nbsp;&nbsp;&nbsp; <\/span>Begr\u00fcssung<span style=\"mso-spacerun: yes;\">&nbsp; <\/span>durch Herrn Dr. Gordan Ravan\u010di\u0107 (Gehilfe<span style=\"mso-spacerun: yes;\">&nbsp; <\/span>der Direktorin des Kroatischen Instituts f\u00fcr Geschichte), Herrn Dr. Marco Leutenegger (Vorsitzender der Gesellschaft f\u00fcr Historische Waffen- und Kost\u00fcmkunde) und<span style=\"mso-spacerun: yes;\">&nbsp; <\/span>Frau Matea Brstilo Re\u0161etar (Direktorin des Kroatischen historischen Museums)<\/font><\/font><\/p>\n<p align=\"justify\"><font  size=\"3\">  <br \/><\/font><\/p>\n<p align=\"justify\" style=\"margin: 0cm 0cm 10pt;\"><font face=\"Calibri\"><font size=\"3\"><span style=\"mso-spacerun: yes;\">&nbsp;<\/span>09.30-10.00<span style=\"mso-spacerun: yes;\">&nbsp;&nbsp;&nbsp; <\/span>Er\u00f6ffnungsvortrag von Frau Spomenka Te\u017eak (Stadtmuseum Vara\u017edin)<\/font><\/font><\/p>\n<p align=\"justify\"><font  size=\"3\">  <br \/><\/font><\/p>\n<p align=\"justify\" style=\"margin: 0cm 0cm 10pt;\"><font face=\"Calibri\"><font size=\"3\"><span style=\"mso-spacerun: yes;\">&nbsp;<\/span>10.00-10.20<span style=\"mso-spacerun: yes;\">&nbsp;&nbsp;&nbsp; <\/span>Pause im Kroatischen Institut f\u00fcr Geschichte<\/font><\/font><\/p>\n<p align=\"justify\"><font  size=\"3\">  <br \/><\/font><\/p>\n<p align=\"justify\" style=\"margin: 0cm 0cm 10pt;\"><font face=\"Calibri\" size=\"3\">&nbsp;<\/font><\/p>\n<p align=\"justify\"><font  size=\"3\">  <br \/><\/font><\/p>\n<p align=\"justify\" style=\"margin: 0cm 0cm 10pt;\"><font face=\"Calibri\" size=\"3\">10.20-10.50<span style=\"mso-spacerun: yes;\">&nbsp;&nbsp;&nbsp; <\/span>Alfred Geibig (Coburg): Die Mordschl\u00e4ge von Weitschawar \/ Bajcsa<\/font><\/p>\n<p align=\"justify\"><font  size=\"3\">  <br \/><\/font><\/p>\n<p align=\"justify\" style=\"margin: 0cm 0cm 10pt;\"><font face=\"Calibri\"><font size=\"3\"><span style=\"mso-spacerun: yes;\">&nbsp;<\/span>10.50-11.20<span style=\"mso-spacerun: yes;\">&nbsp;&nbsp;&nbsp; <\/span>Berndt Augustin (Hamburg): Eine Menagerie in der Hand des Gro\u00dfmoguls. Die<\/font><\/font><\/p>\n<p align=\"justify\"><font  size=\"3\">  <br \/><\/font><\/p>\n<p align=\"justify\" style=\"margin: 0cm 0cm 10pt;\"><font face=\"Calibri\"><font size=\"3\"><span style=\"mso-spacerun: yes;\">&nbsp;<\/span><span lang=\"FR\" style=\"mso-ansi-language: FR;\">Tierportraits in der islamischen Steinschneidekunst des 17. <\/span>Jahrhunderts<\/font><\/font><\/p>\n<p align=\"justify\"><font  size=\"3\">  <br \/><\/font><\/p>\n<p align=\"justify\" style=\"margin: 0cm 0cm 10pt;\"><font face=\"Calibri\"><font size=\"3\"><span style=\"mso-spacerun: yes;\">&nbsp;<\/span>11.20-11.45<span style=\"mso-spacerun: yes;\">&nbsp;&nbsp;&nbsp; <\/span>Katarina Nina Simon\u010di\u0107: Croatian Fashion in the Late 19th and Early 20th Century<\/font><\/font><\/p>\n<p align=\"justify\"><font  size=\"3\">  <br \/><\/font><\/p>\n<p align=\"justify\" style=\"margin: 0cm 0cm 10pt;\"><font face=\"Calibri\"><font size=\"3\"><span style=\"mso-spacerun: yes;\">&nbsp;<\/span>11.45-12.00<span style=\"mso-spacerun: yes;\">&nbsp;&nbsp;&nbsp; <\/span>Kanone Lotrscak<\/font><\/font><\/p>\n<p align=\"justify\"><font  size=\"3\">  <br \/><\/font><\/p>\n<p align=\"justify\" style=\"margin: 0cm 0cm 10pt;\"><font face=\"Calibri\"><font size=\"3\"><span style=\"mso-spacerun: yes;\">&nbsp;<\/span>12.05-14.00<span style=\"mso-spacerun: yes;\">&nbsp;&nbsp;&nbsp; <\/span>Mittagspause<\/font><\/font><\/p>\n<p align=\"justify\"><font  size=\"3\">  <br \/><\/font><\/p>\n<p align=\"justify\" style=\"margin: 0cm 0cm 10pt;\"><font face=\"Calibri\" size=\"3\">&nbsp;<\/font><\/p>\n<p align=\"justify\"><font  size=\"3\">  <br \/><\/font><\/p>\n<p align=\"justify\" style=\"margin: 0cm 0cm 10pt;\"><font face=\"Calibri\" size=\"3\">Kroatisches Institut f\u00fcr Geschichte, Opati\u010dka 10, Zagreb<\/font><\/p>\n<p align=\"justify\"><font  size=\"3\">  <br \/><\/font><\/p>\n<p align=\"justify\" style=\"margin: 0cm 0cm 10pt;\"><font face=\"Calibri\"><font size=\"3\"><span style=\"mso-spacerun: yes;\">&nbsp;<\/span>14.00-14.30<span style=\"mso-spacerun: yes;\">&nbsp;&nbsp;&nbsp; <\/span>Ivica Valent (Sisak): Die milit\u00e4rische Bedeutung der Festung Sissek \/ Sisak<\/font><\/font><\/p>\n<p align=\"justify\"><font  size=\"3\">  <br \/><\/font><\/p>\n<p align=\"justify\" style=\"margin: 0cm 0cm 10pt;\"><font face=\"Calibri\"><font size=\"3\"><span style=\"mso-spacerun: yes;\">&nbsp;<\/span>14.30-15.00<span style=\"mso-spacerun: yes;\">&nbsp;&nbsp;&nbsp;&nbsp; <\/span>Rudolf Nowak (Wien): Historische Waffen und Politik.<span style=\"mso-spacerun: yes;\">&nbsp; <\/span>Das Schicksal der Wiener<\/font><\/font><\/p>\n<p align=\"justify\"><font  size=\"3\">  <br \/><\/font><\/p>\n<p align=\"justify\" style=\"margin: 0cm 0cm 10pt;\"><font face=\"Calibri\"><font size=\"3\"><span style=\"mso-spacerun: yes;\">&nbsp;<\/span>napoleonischen Waffenbeute.<\/font><\/font><\/p>\n<p align=\"justify\"><font  size=\"3\">  <br \/><\/font><\/p>\n<p align=\"justify\" style=\"margin: 0cm 0cm 10pt;\"><font face=\"Calibri\"><font size=\"3\"><span style=\"mso-spacerun: yes;\">&nbsp;<\/span>15.00-15.30<span style=\"mso-spacerun: yes;\">&nbsp;&nbsp;&nbsp;&nbsp; <\/span>Matea Brstilo Re\u0161etar (Zagreb): Heraldic Symbols at the Coat of Arms of the military<\/font><\/font><\/p>\n<p align=\"justify\"><font  size=\"3\">  <br \/><\/font><\/p>\n<p align=\"justify\" style=\"margin: 0cm 0cm 10pt;\"><font face=\"Calibri\"><font size=\"3\"><span style=\"mso-spacerun: yes;\">&nbsp;<\/span>nobility<\/font><\/font><\/p>\n<p align=\"justify\"><font  size=\"3\">  <br \/><\/font><\/p>\n<p align=\"justify\" style=\"margin: 0cm 0cm 10pt;\"><font face=\"Calibri\"><font size=\"3\"><span style=\"mso-spacerun: yes;\">&nbsp;<\/span>16.00-16.30<span style=\"mso-spacerun: yes;\">&nbsp;&nbsp;&nbsp; <\/span>Wechsel ins Kroatische historische Museum und Kaffeepause<\/font><\/font><\/p>\n<p align=\"justify\"><font  size=\"3\">  <br \/><\/font><\/p>\n<p align=\"justify\" style=\"margin: 0cm 0cm 10pt;\"><font face=\"Calibri\" size=\"3\">&nbsp;<\/font><\/p>\n<p align=\"justify\"><font  size=\"3\">  <br \/><\/font><\/p>\n<p align=\"justify\" style=\"margin: 0cm 0cm 10pt;\"><font face=\"Calibri\" size=\"3\">Kroatisches historisches Museum, Antuna Gustava Mato\u0161a 9<\/font><\/p>\n<p align=\"justify\"><font  size=\"3\">  <br \/><\/font><\/p>\n<p align=\"justify\" style=\"margin: 0cm 0cm 10pt;\"><font face=\"Calibri\"><font size=\"3\"><span style=\"mso-spacerun: yes;\">&nbsp;<\/span>16.30-18.00<span style=\"mso-spacerun: yes;\">&nbsp;&nbsp;&nbsp; <\/span>Pr\u00e4sentation von Waffen aus dem Kroatischen historischen Museum im historischen<\/font><\/font><\/p>\n<p align=\"justify\"><font  size=\"3\">  <br \/><\/font><\/p>\n<p align=\"justify\" style=\"margin: 0cm 0cm 10pt;\"><font face=\"Calibri\"><font size=\"3\"><span style=\"mso-spacerun: yes;\">&nbsp;<\/span>Kellergew\u00f6lbe des Museums durch Dora Bo\u0161kovi\u0107 sowie Besichtigung der Ausstellung<\/font><\/font><\/p>\n<p align=\"justify\"><font  size=\"3\">  <br \/><\/font><\/p>\n<p align=\"justify\" style=\"margin: 0cm 0cm 10pt;\"><font face=\"Calibri\" size=\"3\">\u201e1945\u201c im Kroatischen historischen Museum (zwei Gruppen wechseln sich ab)<\/font><\/p>\n<p align=\"justify\"><font  size=\"3\">  <br \/><\/font><\/p>\n<p align=\"justify\" style=\"margin: 0cm 0cm 10pt;\"><font face=\"Calibri\" size=\"3\">&nbsp;<\/font><\/p>\n<p align=\"justify\"><font  size=\"3\">  <br \/><\/font><\/p>\n<p align=\"justify\" style=\"margin: 0cm 0cm 10pt;\"><font face=\"Calibri\" size=\"3\">18.30- 21.30<span style=\"mso-spacerun: yes;\">&nbsp;&nbsp;&nbsp; <\/span>Empfang im Kroatischen historischen Museum<\/font><\/p>\n<p align=\"justify\"><font  size=\"3\">  <br \/><\/font><\/p>\n<p align=\"justify\" style=\"margin: 0cm 0cm 10pt;\"><font face=\"Calibri\" size=\"3\">&nbsp;<\/font><\/p>\n<p align=\"justify\"><font  size=\"3\">  <br \/><\/font><\/p>\n<p align=\"justify\" style=\"margin: 0cm 0cm 10pt;\"><b style=\"mso-bidi-font-weight: normal;\"><font face=\"Calibri\" size=\"3\">Freitag, 09.09.2016<\/font><\/b><\/p>\n<p align=\"justify\"><font  size=\"3\">  <br \/><\/font><\/p>\n<p align=\"justify\" style=\"margin: 0cm 0cm 10pt;\"><font face=\"Calibri\" size=\"3\">&nbsp;<\/font><\/p>\n<p align=\"justify\"><font  size=\"3\">  <br \/><\/font><\/p>\n<p align=\"justify\" style=\"margin: 0cm 0cm 10pt;\"><font face=\"Calibri\" size=\"3\">07.30-09.00<span style=\"mso-spacerun: yes;\">&nbsp;&nbsp;&nbsp; <\/span>Abfahrt nach Trako\u0161\u0107an<\/font><\/p>\n<p align=\"justify\"><font  size=\"3\">  <br \/><\/font><\/p>\n<p align=\"justify\" style=\"margin: 0cm 0cm 10pt;\"><font face=\"Calibri\"><font size=\"3\"><span style=\"mso-spacerun: yes;\">&nbsp;<\/span>09.15-11.30<span style=\"mso-spacerun: yes;\">&nbsp;&nbsp;&nbsp; <\/span>Besichtigung des Schlosses Trako\u0161\u0107an und der dortigen Waffensammlung<\/font><\/font><\/p>\n<p align=\"justify\"><font  size=\"3\">  <br \/><\/font><\/p>\n<p align=\"justify\" style=\"margin: 0cm 0cm 10pt;\"><font face=\"Calibri\"><font size=\"3\"><span style=\"mso-spacerun: yes;\">&nbsp;<\/span>11.45-12.00<span style=\"mso-spacerun: yes;\">&nbsp;&nbsp;&nbsp; <\/span>Fahrt von Trako\u0161\u0107an nach Lepoglava<\/font><\/font><\/p>\n<p align=\"justify\"><font  size=\"3\">  <br \/><\/font><\/p>\n<p align=\"justify\" style=\"margin: 0cm 0cm 10pt;\"><font face=\"Calibri\"><font size=\"3\"><span style=\"mso-spacerun: yes;\">&nbsp;<\/span>12.00-12.30<span style=\"mso-spacerun: yes;\">&nbsp;&nbsp;&nbsp; <\/span>Besuch einer Ausstellung von historischen Spitzen in Lepoglava<\/font><\/font><\/p>\n<p align=\"justify\"><font  size=\"3\">  <br \/><\/font><\/p>\n<p align=\"justify\" style=\"margin: 0cm 0cm 10pt;\"><font face=\"Calibri\"><font size=\"3\"><span style=\"mso-spacerun: yes;\">&nbsp;<\/span>12.30-13.45<span style=\"mso-spacerun: yes;\">&nbsp;&nbsp;&nbsp; <\/span>Busfahrt nach Vara\u017edin<\/font><\/font><\/p>\n<p align=\"justify\"><font  size=\"3\">  <br \/><\/font><\/p>\n<p align=\"justify\" style=\"margin: 0cm 0cm 10pt;\"><font face=\"Calibri\"><font size=\"3\"><span style=\"mso-spacerun: yes;\">&nbsp;<\/span>13.45-16.00<span style=\"mso-spacerun: yes;\">&nbsp;&nbsp;&nbsp; <\/span>Mittagessen im Restaurant \u201cVerglec\u201d im Zentrum von Vara\u017edin<\/font><\/font><\/p>\n<p align=\"justify\"><font  size=\"3\">  <br \/><\/font><\/p>\n<p align=\"justify\" style=\"margin: 0cm 0cm 10pt;\"><font face=\"Calibri\"><font size=\"3\"><span style=\"mso-spacerun: yes;\">&nbsp;<\/span>16.00-16.30<span style=\"mso-spacerun: yes;\">&nbsp;&nbsp;&nbsp; <\/span>Besuch im Depot des Stadtmuseums von Vara\u017edin unter Leitung von Frau Spomenka<\/font><\/font><\/p>\n<p align=\"justify\"><font  size=\"3\">  <br \/><\/font><\/p>\n<p align=\"justify\" style=\"margin: 0cm 0cm 10pt;\"><font face=\"Calibri\"><font size=\"3\"><span style=\"mso-spacerun: yes;\">&nbsp;<\/span>Te\u017eak<\/font><\/font><\/p>\n<p align=\"justify\"><font  size=\"3\">  <br \/><\/font><\/p>\n<p align=\"justify\" style=\"margin: 0cm 0cm 10pt;\"><font face=\"Calibri\"><font size=\"3\"><span style=\"mso-spacerun: yes;\">&nbsp;<\/span>16.30-17.15<span style=\"mso-spacerun: yes;\">&nbsp;&nbsp;&nbsp; <\/span>Kurze Stadtbesichtigung in Vara\u017edin<\/font><\/font><\/p>\n<p align=\"justify\"><font  size=\"3\">  <br \/><\/font><\/p>\n<p align=\"justify\" style=\"margin: 0cm 0cm 10pt;\"><font face=\"Calibri\"><font size=\"3\"><span style=\"mso-spacerun: yes;\">&nbsp;<\/span>17.15-18.30<span style=\"mso-spacerun: yes;\">&nbsp;&nbsp;&nbsp; <\/span>Besichtigung der Festung von Vara\u017edin und der dortigen Gesch\u00fctzsammlung, Waffensammlung und Textilsammlung durch Spomenka Te\u017eak und Ljerka \u0160imuni\u0107<\/font><\/font><\/p>\n<p align=\"justify\"><font  size=\"3\">  <br \/><\/font><\/p>\n<p align=\"justify\" style=\"margin: 0cm 0cm 10pt;\"><font face=\"Calibri\" size=\"3\">&nbsp;<\/font><\/p>\n<p align=\"justify\"><font  size=\"3\">  <br \/><\/font><\/p>\n<p align=\"justify\" style=\"margin: 0cm 0cm 10pt;\"><font face=\"Calibri\" size=\"3\">18.30-19.30<span style=\"mso-spacerun: yes;\">&nbsp;&nbsp;&nbsp; <\/span>Empfang in der Burg von Vara\u017edin<\/font><\/p>\n<p align=\"justify\"><font  size=\"3\">  <br \/><\/font><\/p>\n<p align=\"justify\" style=\"margin: 0cm 0cm 10pt;\"><font face=\"Calibri\"><font size=\"3\"><span style=\"mso-spacerun: yes;\">&nbsp;<\/span>ca. 19.30<span style=\"mso-spacerun: yes;\">&nbsp;&nbsp;&nbsp; <\/span>R\u00fcckfahrt nach Zagreb<\/font><\/font><\/p>\n<p align=\"justify\"><font  size=\"3\">  <br \/><\/font><\/p>\n<p align=\"justify\" style=\"margin: 0cm 0cm 10pt;\"><font face=\"Calibri\" size=\"3\">&nbsp;<\/font><\/p>\n<p align=\"justify\"><font  size=\"3\">  <br \/><\/font><\/p>\n<p align=\"justify\" style=\"margin: 0cm 0cm 10pt;\"><b style=\"mso-bidi-font-weight: normal;\"><font face=\"Calibri\" size=\"3\">Samstag, 10. 9. 2016<\/font><\/b><\/p>\n<p align=\"justify\"><font  size=\"3\">  <br \/><\/font><\/p>\n<p align=\"justify\" style=\"margin: 0cm 0cm 10pt;\"><font face=\"Calibri\" size=\"3\">&nbsp;<\/font><\/p>\n<p align=\"justify\"><font  size=\"3\">  <br \/><\/font><\/p>\n<p align=\"justify\" style=\"margin: 0cm 0cm 10pt;\"><font face=\"Calibri\" size=\"3\">Kroatisches Institut f\u00fcr Geschichte, Opati\u010dka 10, Zagreb<\/font><\/p>\n<p align=\"justify\"><font  size=\"3\">  <br \/><\/font><\/p>\n<p align=\"justify\" style=\"margin: 0cm 0cm 10pt;\"><font face=\"Calibri\"><font size=\"3\"><span style=\"mso-spacerun: yes;\">&nbsp;<\/span>09.00- 09.30<span style=\"mso-spacerun: yes;\">&nbsp;&nbsp;&nbsp;&nbsp;&nbsp;&nbsp;&nbsp; <\/span>Andreja Smetko (Zagreb): \u201cAlong with the national spirit and the national language,<\/font><\/font><\/p>\n<p align=\"justify\"><font  size=\"3\">  <br \/><\/font><\/p>\n<p align=\"justify\" style=\"margin: 0cm 0cm 10pt;\"><font face=\"Calibri\"><font size=\"3\"><span style=\"mso-spacerun: yes;\">&nbsp;<\/span>let the national attire rule! Clothing as medium for expressing the national identity<\/font><\/font><\/p>\n<p align=\"justify\"><font  size=\"3\">  <br \/><\/font><\/p>\n<p align=\"justify\" style=\"margin: 0cm 0cm 10pt;\"><font face=\"Calibri\"><font size=\"3\"><span style=\"mso-spacerun: yes;\">&nbsp;<\/span>at the time of the Croatian National Revival\u201d<\/font><\/font><\/p>\n<p align=\"justify\"><font  size=\"3\">  <br \/><\/font><\/p>\n<p align=\"justify\" style=\"margin: 0cm 0cm 10pt;\"><font face=\"Calibri\" size=\"3\">09.30-10.00<span style=\"mso-spacerun: yes;\">&nbsp;&nbsp;&nbsp;&nbsp; <\/span>Leopold Toifl (Graz): \u201eF\u00fcnf besondere S\u00e4bel im Landeszeughaus Graz\u201c<\/font><\/p>\n<p align=\"justify\"><font  size=\"3\">  <br \/><\/font><\/p>\n<p align=\"justify\" style=\"margin: 0cm 0cm 10pt;\"><font face=\"Calibri\" size=\"3\">10.00- 10.30<span style=\"mso-spacerun: yes;\">&nbsp;&nbsp;&nbsp; <\/span>Pause im Kroatischen Institut f\u00fcr Geschichte<\/font><\/p>\n<p align=\"justify\"><font  size=\"3\">  <br \/><\/font><\/p>\n<p align=\"justify\" style=\"margin: 0cm 0cm 10pt;\"><font face=\"Calibri\"><font size=\"3\"><span style=\"mso-spacerun: yes;\">&nbsp;<\/span>10.30-11.00<span style=\"mso-spacerun: yes;\">&nbsp;&nbsp;&nbsp; <\/span>Besichtigung des Kroatischen Instituts f\u00fcr Geschichte<\/font><\/font><\/p>\n<p align=\"justify\"><font  size=\"3\">  <br \/><\/font><\/p>\n<p align=\"justify\" style=\"margin: 0cm 0cm 10pt;\"><font face=\"Calibri\"><font size=\"3\"><span style=\"mso-spacerun: yes;\">&nbsp;<\/span>11.00- 12.15<span style=\"mso-spacerun: yes;\">&nbsp;&nbsp;&nbsp; <\/span>Generalversammlung im Kroatischen Institut f\u00fcr Geschichte<\/font><\/font><\/p>\n<p align=\"justify\"><font  size=\"3\">  <br \/><\/font><\/p>\n<p align=\"justify\" style=\"margin: 0cm 0cm 10pt;\"><font face=\"Calibri\"><font size=\"3\"><span style=\"mso-spacerun: yes;\">&nbsp;<\/span>12.15-14.00<span style=\"mso-spacerun: yes;\">&nbsp;&nbsp;&nbsp; <\/span>Individuelle Mittagspause<\/font><\/font><\/p>\n<p align=\"justify\"><font  size=\"3\">  <br \/><\/font><\/p>\n<p align=\"justify\" style=\"margin: 0cm 0cm 10pt;\"><font face=\"Calibri\"><font size=\"3\"><span style=\"mso-spacerun: yes;\">&nbsp;<\/span>14.00-16.30<span style=\"mso-spacerun: yes;\">&nbsp;&nbsp;&nbsp;&nbsp; <\/span>Stadtbesichtigung im Zentrum von Zagreb<\/font><\/font><\/p>\n<p align=\"justify\"><font  size=\"3\">  <br \/><\/font><\/p>\n<p align=\"justify\" style=\"margin: 0cm 0cm 10pt;\"><font face=\"Calibri\" size=\"3\">&nbsp;<\/font><\/p>\n<p align=\"justify\"><font  size=\"3\">  <br \/><\/font><\/p>\n<p align=\"justify\" style=\"margin: 0cm 0cm 10pt;\"><font face=\"Calibri\" size=\"3\">19.30<span style=\"mso-spacerun: yes;\">&nbsp;&nbsp;&nbsp;&nbsp;&nbsp;&nbsp;&nbsp; <\/span>Abschlussessen im Restaurant Kaptolska klet<\/font><\/p>\n<p align=\"justify\"><font  size=\"3\">  <br \/><\/font><\/p>\n<p align=\"justify\" style=\"margin: 0cm 0cm 10pt;\"><font face=\"Calibri\" size=\"3\">&nbsp;<\/font><\/p>\n<p align=\"justify\"><font  size=\"3\">  <br \/><\/font><\/p>\n<p align=\"justify\" style=\"margin: 0cm 0cm 10pt;\"><b style=\"mso-bidi-font-weight: normal;\"><font face=\"Calibri\" size=\"3\">Sonntag, 11. 9. 2016.<\/font><\/b><\/p>\n<p align=\"justify\"><font  size=\"3\">  <br \/><\/font><\/p>\n<p align=\"justify\" style=\"margin: 0cm 0cm 10pt;\"><font face=\"Calibri\" size=\"3\">&nbsp;<\/font><\/p>\n<p align=\"justify\"><font  size=\"3\">  <br \/><\/font><\/p>\n<p align=\"justify\" style=\"margin: 0cm 0cm 10pt;\"><font face=\"Calibri\" size=\"3\">Postexkursion nach Ljubljana<\/font><\/p>\n<p align=\"justify\"><font  size=\"3\">  <br \/><\/font><\/p>\n<p align=\"justify\" style=\"margin: 0cm 0cm 10pt;\"><font face=\"Calibri\"><font size=\"3\"><span style=\"mso-spacerun: yes;\">&nbsp;<\/span>08.00-10.00<span style=\"mso-spacerun: yes;\">&nbsp;&nbsp;&nbsp;&nbsp; <\/span>Fahrt von Zagreb nach Ljubljana<\/font><\/font><\/p>\n<p align=\"justify\"><font  size=\"3\">  <br \/><\/font><\/p>\n<p align=\"justify\" style=\"margin: 0cm 0cm 10pt;\"><font face=\"Calibri\"><font size=\"3\"><span style=\"mso-spacerun: yes;\">&nbsp;<\/span>10.00-10.30<span style=\"mso-spacerun: yes;\">&nbsp;&nbsp;&nbsp;&nbsp; <\/span>Kurze Pause im NMS (Narodni muzej Slovenije) in der Metelkova ulica 5,<\/font><\/font><\/p>\n<p align=\"justify\"><font  size=\"3\">  <br \/><\/font><\/p>\n<p align=\"justify\" style=\"margin: 0cm 0cm 10pt;\"><font face=\"Calibri\"><font size=\"3\"><span style=\"mso-spacerun: yes;\">&nbsp;<\/span>anschlie\u00dfend Begr\u00fc\u00dfung durch Frau Direktor Barbara Ravnik<\/font><\/font><\/p>\n<p align=\"justify\"><font  size=\"3\">  <br \/><\/font><\/p>\n<p align=\"justify\" style=\"margin: 0cm 0cm 10pt;\"><font face=\"Calibri\"><font size=\"3\"><span style=\"mso-spacerun: yes;\">&nbsp;<\/span>10.30-12.15<span style=\"mso-spacerun: yes;\">&nbsp;&nbsp;&nbsp; <\/span>Besichtigungen der Waffensammlung (Aufstellung und Depot) unter F\u00fchrung von<\/font><\/font><\/p>\n<p align=\"justify\"><font  size=\"3\">  <br \/><\/font><\/p>\n<p align=\"justify\" style=\"margin: 0cm 0cm 10pt;\"><font face=\"Calibri\"><font size=\"3\"><span style=\"mso-spacerun: yes;\">&nbsp;<\/span>Herrn Ga\u0161par Oitzel. Auch die Besichtigung der Textilsammlung ist m\u00f6glich.<\/font><\/font><\/p>\n<p align=\"justify\"><font  size=\"3\">  <br \/><\/font><\/p>\n<p align=\"justify\" style=\"margin: 0cm 0cm 10pt;\"><font face=\"Calibri\"><font size=\"3\"><span style=\"mso-spacerun: yes;\">&nbsp;<\/span>12.15-12.30<span style=\"mso-spacerun: yes;\">&nbsp;&nbsp;&nbsp; <\/span>Transfer mit dem Bus in die Innenstadt von Ljubljana (Miklo\u0161i\u010deva ulica)<\/font><\/font><\/p>\n<p align=\"justify\"><font  size=\"3\">  <br \/><\/font><\/p>\n<p align=\"justify\" style=\"margin: 0cm 0cm 10pt;\"><font face=\"Calibri\"><font size=\"3\"><span style=\"mso-spacerun: yes;\">&nbsp;<\/span>12.30-14.00<span style=\"mso-spacerun: yes;\">&nbsp;&nbsp;&nbsp; <\/span>Mittagspause in der Innenstadt<\/font><\/font><\/p>\n<p align=\"justify\"><font  size=\"3\">  <br \/><\/font><\/p>\n<p align=\"justify\" style=\"margin: 0cm 0cm 10pt;\"><font face=\"Calibri\"><font size=\"3\"><span style=\"mso-spacerun: yes;\">&nbsp;<\/span>14.00-16.00<span style=\"mso-spacerun: yes;\">&nbsp;&nbsp;&nbsp; <\/span>Stadtbesichtigung im Zentrum von Ljubljana, die am NMS (Arch\u00e4ologische Abteilung) endet<\/font><\/font><\/p>\n<p align=\"justify\"><font  size=\"3\">  <br \/><\/font><\/p>\n<p align=\"justify\" style=\"margin: 0cm 0cm 10pt;\"><font face=\"Calibri\"><font size=\"3\"><span style=\"mso-spacerun: yes;\">&nbsp;<\/span>16.00-ca.17.30<span style=\"mso-spacerun: yes;\">&nbsp;&nbsp;&nbsp; <\/span>Empfang in der Arch\u00e4ologischen Abteilung des NMS durch Herrn Toma\u017e Nabergoj und F\u00fchrung durch die Sammlung und das Depot (eventuell werden St\u00fccke aus dem Depot in die Sammlung gebracht)<\/font><\/font><\/p>\n<p align=\"justify\"><font  size=\"3\">  <br \/><\/font><\/p>\n<p align=\"justify\" style=\"margin: 0cm 0cm 10pt;\"><font face=\"Calibri\"><font size=\"3\"><span style=\"mso-spacerun: yes;\">&nbsp;<\/span>ca.17.30<span style=\"mso-spacerun: yes;\">&nbsp;&nbsp;&nbsp; <\/span>R\u00fcckfahrt von Ljubljana nach Zagreb (Ankunft etwa um 19.30)<\/font><\/font><\/p>\n<p align=\"justify\"><font  size=\"3\">  <br \/><\/font><\/p>\n<p align=\"justify\" style=\"margin: 0cm 0cm 10pt;\"><font face=\"Calibri\" size=\"3\">&nbsp;<\/font><\/p>\n<p align=\"justify\"><font  size=\"3\">  <br \/><\/font><\/p>\n<p align=\"justify\" style=\"margin: 0cm 0cm 10pt;\"><font face=\"Calibri\" size=\"3\"><a href=\"http:\/\/www.isp.hr\/skup-muzeji-sa-zbirkama-oruzja-i-odjece-u-hrvatskoj\/\">http:\/\/www.isp.hr\/skup-muzeji-sa-zbirkama-oruzja-i-odjece-u-hrvatskoj\/<\/a><\/font><\/p>\n<p align=\"justify\" style=\"margin: 0cm 0cm 10pt;\"><font face=\"Calibri\" size=\"3\"><br \/><\/font><\/p>\n<p align=\"justify\" style=\"margin: 0cm 0cm 10pt;\"><font face=\"Calibri\" size=\"3\"><br \/><\/font><\/p>\n<p align=\"justify\"><font  size=\"3\">  <br \/><\/font><\/p>\n","protected":false},"excerpt":{"rendered":"","protected":false},"author":1,"featured_media":0,"comment_status":"open","ping_status":"open","sticky":false,"template":"","format":"standard","meta":{"_acf_changed":false,"jetpack_post_was_ever_published":false,"_jetpack_newsletter_access":"","_jetpack_dont_email_post_to_subs":false,"_jetpack_newsletter_tier_id":0,"_jetpack_memberships_contains_paywalled_content":false,"_jetpack_memberships_contains_paid_content":false,"footnotes":"","jetpack_publicize_message":"","jetpack_publicize_feature_enabled":true,"jetpack_social_post_already_shared":false,"jetpack_social_options":{"image_generator_settings":{"template":"highway","default_image_id":0,"font":"","enabled":false},"version":2}},"categories":[3],"tags":[],"class_list":["post-2406","post","type-post","status-publish","format-standard","hentry","category-novosti"],"acf":{"facebook_opis":""},"jetpack_publicize_connections":[],"jetpack_featured_media_url":"","jetpack_sharing_enabled":true,"jetpack-related-posts":[],"_links":{"self":[{"href":"https:\/\/historiografija.hr\/index.php?rest_route=\/wp\/v2\/posts\/2406","targetHints":{"allow":["GET"]}}],"collection":[{"href":"https:\/\/historiografija.hr\/index.php?rest_route=\/wp\/v2\/posts"}],"about":[{"href":"https:\/\/historiografija.hr\/index.php?rest_route=\/wp\/v2\/types\/post"}],"author":[{"embeddable":true,"href":"https:\/\/historiografija.hr\/index.php?rest_route=\/wp\/v2\/users\/1"}],"replies":[{"embeddable":true,"href":"https:\/\/historiografija.hr\/index.php?rest_route=%2Fwp%2Fv2%2Fcomments&post=2406"}],"version-history":[{"count":0,"href":"https:\/\/historiografija.hr\/index.php?rest_route=\/wp\/v2\/posts\/2406\/revisions"}],"wp:attachment":[{"href":"https:\/\/historiografija.hr\/index.php?rest_route=%2Fwp%2Fv2%2Fmedia&parent=2406"}],"wp:term":[{"taxonomy":"category","embeddable":true,"href":"https:\/\/historiografija.hr\/index.php?rest_route=%2Fwp%2Fv2%2Fcategories&post=2406"},{"taxonomy":"post_tag","embeddable":true,"href":"https:\/\/historiografija.hr\/index.php?rest_route=%2Fwp%2Fv2%2Ftags&post=2406"}],"curies":[{"name":"wp","href":"https:\/\/api.w.org\/{rel}","templated":true}]}}