{"id":24053,"date":"2020-12-14T22:56:11","date_gmt":"2020-12-14T22:56:11","guid":{"rendered":"http:\/\/historiografija.hr\/?p=24053"},"modified":"2020-12-14T22:56:11","modified_gmt":"2020-12-14T22:56:11","slug":"zvane-crnja-izlozba-na-portalu-virtualne-izlozbe-nsk-u-povodu-100-obljetnice-rodenja-zvane-crnje","status":"publish","type":"post","link":"https:\/\/historiografija.hr\/?p=24053","title":{"rendered":"\u201eZvane \u010crnja\u201c \u2013 izlo\u017eba na portalu Virtualne izlo\u017ebe NSK u povodu 100. obljetnice ro\u0111enja Zvane \u010crnje"},"content":{"rendered":"\n<p>Na portalu Nacionalne i sveu\u010dili\u0161ne knji\u017enice u Zagrebu <a href=\"http:\/\/virtualna.nsk.hr\/\">Virtualne izlo\u017ebe NSK<\/a> dostupna je izlo\u017eba <em><a href=\"http:\/\/virtualna.nsk.hr\/zvane-crnja\/\">Zvane \u010crnja<\/a><\/em>, izra\u0111ena u suradnji NSK i <a href=\"https:\/\/www.dapa.hr\/\">Dr\u017eavnog arhiva u Pazinu<\/a> u povodu 100. obljetnice ro\u0111enja hrvatskog pjesnika, publicista, esejista i kulturnog povjesni\u010dara Zvane \u010crnje.<\/p>\n\n\n\n<p>Zvane \u010crnja (1920. \u2013 1991.) kroz svoj bogat rad isticao se u esejistici, kulturologiji, ali i u filmologiji. Na hrvatskoj knji\u017eevnoj sceni ostao je zapam\u0107en kao esejist, kulturolog, scenarist, novinar i urednik, a kao filmski dramaturg radio je na scenarijima te pisao filmske kritike i osvrte. Za potrebe izlo\u017ebe kori\u0161teno je arhivsko gradivo i knji\u017eni\u010dna gra\u0111a pazinskog Arhiva, arhivsko gradivo <a href=\"http:\/\/www.arhiv.hr\/hr-hr\/\">Hrvatskog dr\u017eavnog arhiva<\/a> i \u017dupnog ureda u \u017dminju, izvori digitalne zbirke Alda Klimana te gra\u0111a o Zvani \u010crnji koju posjeduje <a href=\"http:\/\/www.cakavskisabor.hr\/\">\u010cakavski sabor u \u017dminju<\/a>.<\/p>\n\n\n\n<p>Izlo\u017eba je izra\u0111ena kori\u0161tenjem predlo\u0161ka u obliku vremenske lente te donosi pregled va\u017enih doga\u0111aja iz autorova \u017eivota s popratnim tekstovima te fotografijama i arhivskim gradivom. U sklopu izlo\u017ebe dostupne su i preslike naslovnica \u010crnjinih knjiga popra\u0107ene kratkim tekstom o svakom pojedinom djelu, a predstavljena su i dru\u0161tvena i knji\u017eevna priznanja koja je dobio za knji\u017eevni rad, ponajprije za svoj \u010dakavski pjesni\u010dki opus.<\/p>\n\n\n\n<p>Portal&nbsp;<a href=\"http:\/\/virtualna.nsk.hr\/\">Virtualne izlo\u017ebe NSK<\/a>&nbsp;ima za cilj predstaviti i unaprijediti kreativno kori\u0161tenje digitalne gra\u0111e kroz izgradnju mre\u017ee virtualnih izlo\u017ebi, digitalno pripovijedanje, virtualno povezivanje digitalnog sadr\u017eaja i njegovu kontekstualizaciju, okupljanje i zajedni\u010dko predstavljanje virtualnih izlo\u017ebi, suradnju u izradi virtualnih izlo\u017ebi, edukaciji i pru\u017eanju pomo\u0107i u kori\u0161tenju alata za izradu virtualnih izlo\u017ebi te suradnju u razvoju i implementaciji novih alata.<\/p>\n\n\n\n<p>Na Portalu je trenuta\u010dno dostupno 30 virtualnih izlo\u017ebi knji\u017enica, arhiva, muzeja i ostalih ustanova od kojih je dio izra\u0111en u sustavu NSK, a dio u sustavima ustanova koje na Portalu predstavljaju svoj rad i kulturnu ba\u0161tinu.<\/p>\n\n\n\n<p>Izvor: <a href=\"https:\/\/www.nsk.hr\/zvane-crnja-izlozba-na-portalu-virtualne-izlozbe-nsk-u-povodu-100-obljetnice-rodenja-zvane-crnje\/\">https:\/\/www.nsk.hr\/zvane-crnja-izlozba-na-portalu-virtualne-izlozbe-nsk-u-povodu-100-obljetnice-rodenja-zvane-crnje\/<\/a><\/p>\n\n\n\n<hr class=\"wp-block-separator\"\/>\n","protected":false},"excerpt":{"rendered":"","protected":false},"author":2,"featured_media":24054,"comment_status":"open","ping_status":"open","sticky":false,"template":"","format":"standard","meta":{"_acf_changed":false,"jetpack_post_was_ever_published":false,"_jetpack_newsletter_access":"","_jetpack_dont_email_post_to_subs":false,"_jetpack_newsletter_tier_id":0,"_jetpack_memberships_contains_paywalled_content":false,"_jetpack_memberships_contains_paid_content":false,"footnotes":"","jetpack_publicize_message":"","jetpack_publicize_feature_enabled":true,"jetpack_social_post_already_shared":true,"jetpack_social_options":{"image_generator_settings":{"template":"highway","default_image_id":0,"font":"","enabled":false},"version":2}},"categories":[10,3],"tags":[],"class_list":["post-24053","post","type-post","status-publish","format-standard","has-post-thumbnail","hentry","category-izlozbe","category-novosti"],"acf":{"facebook_opis":""},"jetpack_publicize_connections":[],"jetpack_featured_media_url":"https:\/\/i0.wp.com\/historiografija.hr\/wp-content\/uploads\/2020\/12\/crnja.png?fit=1902%2C696&ssl=1","jetpack_sharing_enabled":true,"jetpack-related-posts":[],"_links":{"self":[{"href":"https:\/\/historiografija.hr\/index.php?rest_route=\/wp\/v2\/posts\/24053","targetHints":{"allow":["GET"]}}],"collection":[{"href":"https:\/\/historiografija.hr\/index.php?rest_route=\/wp\/v2\/posts"}],"about":[{"href":"https:\/\/historiografija.hr\/index.php?rest_route=\/wp\/v2\/types\/post"}],"author":[{"embeddable":true,"href":"https:\/\/historiografija.hr\/index.php?rest_route=\/wp\/v2\/users\/2"}],"replies":[{"embeddable":true,"href":"https:\/\/historiografija.hr\/index.php?rest_route=%2Fwp%2Fv2%2Fcomments&post=24053"}],"version-history":[{"count":1,"href":"https:\/\/historiografija.hr\/index.php?rest_route=\/wp\/v2\/posts\/24053\/revisions"}],"predecessor-version":[{"id":24055,"href":"https:\/\/historiografija.hr\/index.php?rest_route=\/wp\/v2\/posts\/24053\/revisions\/24055"}],"wp:featuredmedia":[{"embeddable":true,"href":"https:\/\/historiografija.hr\/index.php?rest_route=\/wp\/v2\/media\/24054"}],"wp:attachment":[{"href":"https:\/\/historiografija.hr\/index.php?rest_route=%2Fwp%2Fv2%2Fmedia&parent=24053"}],"wp:term":[{"taxonomy":"category","embeddable":true,"href":"https:\/\/historiografija.hr\/index.php?rest_route=%2Fwp%2Fv2%2Fcategories&post=24053"},{"taxonomy":"post_tag","embeddable":true,"href":"https:\/\/historiografija.hr\/index.php?rest_route=%2Fwp%2Fv2%2Ftags&post=24053"}],"curies":[{"name":"wp","href":"https:\/\/api.w.org\/{rel}","templated":true}]}}