{"id":24050,"date":"2020-12-14T22:49:15","date_gmt":"2020-12-14T22:49:15","guid":{"rendered":"http:\/\/historiografija.hr\/?p=24050"},"modified":"2020-12-14T22:49:15","modified_gmt":"2020-12-14T22:49:15","slug":"rajka-glusica-crnogorski-jezik-i-nacionalizam","status":"publish","type":"post","link":"https:\/\/historiografija.hr\/?p=24050","title":{"rendered":"Rajka Glu\u0161ica, \u201cCrnogorski jezik i nacionalizam\u201d"},"content":{"rendered":"\n<p>Biblioteka XX vek objavila je 2020. godine knjigu Rajke Glu\u0161ice \u201cCrnogorski jezik i nacionalizam\u201d. Detaljnije u nastavku.<\/p>\n\n\n\n<hr class=\"wp-block-separator\"\/>\n\n\n\n<p>Dr Rajka (Bigovi\u0107) Glu\u0161ica, redovni profesor Filolo\u0161kog fakulteta Univerziteta Crne Gore za predmet <em>Op\u0161ta lingvstika<\/em>. Diplomirala je na Odsjeku za srpskohrvatski jezik i jugoslovenske knji\u017eevnosti Filozofskog fakulteta u Nik\u0161i\u0107u. Magistrirala i doktorirala na Filolo\u0161kom fakultetu u Beogradu. Predavala je \u010detiri godine (1989 \u0336 1993) srpskohrvatski jezik na Univerzitetu \u201cFransoa Rable\u201d u Poatijeu u Francuskoj. Po pozivu dr\u017eala predavanja na Univerzitetu u Oslu (2007), Filozofskom fakultetu Univerziteta u Ljubljani (2013. i 2016), na Filozofskom fakultetu Univerziteta u Novom Sadu (2013) i na Odsjeku za slavistiku i ma\u0111arske studije Humboltovog univerziteta u Berlinu (2018). Predaje na postdiplomskim i doktorskom studijama i ure\u0111uje \u010dasopis za nauku o jeziku i knji\u017eevnosti <em>Rije\u010d<\/em>. Autorka je brojnih radova iz raznih oblasti nauke o jeziku, nekoliko ud\u017ebenika i skripti, kao i stru\u010dnih radova, \u010dlanaka, prikaza i recenzija.<\/p>\n\n\n\n<p><a href=\"http:\/\/www.bibliotekaxxvek.com\/wp-content\/uploads\/2020\/04\/Rajka_Glusica_CG_Jezik_Nacionalizam_281_283_Sadrzaj.pdf\" target=\"_blank\" rel=\"noreferrer noopener\"><strong>Sadr\u017eaj<\/strong><\/a><\/p>\n\n\n\n<p><a href=\"http:\/\/www.bibliotekaxxvek.com\/wp-content\/uploads\/2020\/06\/Rajka_Glusica_CG_Predgovor_2020.pdf\" target=\"_blank\" rel=\"noreferrer noopener\"><strong>Predgovor<\/strong><\/a><\/p>\n\n\n\n<p>Izvor i dodatne informacije:<\/p>\n\n\n\n<figure class=\"wp-block-embed-wordpress wp-block-embed is-type-wp-embed is-provider-biblioteka-xx-vek\"><div class=\"wp-block-embed__wrapper\">\n<blockquote class=\"wp-embedded-content\" data-secret=\"gcG9gIk9Of\"><a href=\"https:\/\/www.bibliotekaxxvek.com\/dve-nove-knjige-10\/\">Dve nove knjige<\/a><\/blockquote><iframe loading=\"lazy\" class=\"wp-embedded-content\" sandbox=\"allow-scripts\" security=\"restricted\" style=\"position: absolute; clip: rect(1px, 1px, 1px, 1px);\" title=\"&#8220;Dve nove knjige&#8221; &#8212; Biblioteka XX vek\" src=\"https:\/\/www.bibliotekaxxvek.com\/dve-nove-knjige-10\/embed\/#?secret=gcG9gIk9Of\" data-secret=\"gcG9gIk9Of\" width=\"600\" height=\"338\" frameborder=\"0\" marginwidth=\"0\" marginheight=\"0\" scrolling=\"no\"><\/iframe>\n<\/div><\/figure>\n\n\n\n<figure class=\"wp-block-embed-wordpress wp-block-embed is-type-wp-embed is-provider-pescanik\"><div class=\"wp-block-embed__wrapper\">\n<blockquote class=\"wp-embedded-content\" data-secret=\"GwunWJDHBB\"><a href=\"https:\/\/pescanik.net\/nova-norma-dupletna\/\">Nova norma \u2013 dupletna<\/a><\/blockquote><iframe loading=\"lazy\" class=\"wp-embedded-content\" sandbox=\"allow-scripts\" security=\"restricted\" style=\"position: absolute; clip: rect(1px, 1px, 1px, 1px);\" title=\"&#8220;Nova norma \u2013 dupletna&#8221; &#8212; Pe\u0161\u010danik\" src=\"https:\/\/pescanik.net\/nova-norma-dupletna\/embed\/#?secret=GwunWJDHBB\" data-secret=\"GwunWJDHBB\" width=\"600\" height=\"338\" frameborder=\"0\" marginwidth=\"0\" marginheight=\"0\" scrolling=\"no\"><\/iframe>\n<\/div><\/figure>\n\n\n\n<hr class=\"wp-block-separator\"\/>\n","protected":false},"excerpt":{"rendered":"","protected":false},"author":2,"featured_media":24051,"comment_status":"open","ping_status":"open","sticky":false,"template":"","format":"standard","meta":{"_acf_changed":false,"jetpack_post_was_ever_published":false,"_jetpack_newsletter_access":"","_jetpack_dont_email_post_to_subs":false,"_jetpack_newsletter_tier_id":0,"_jetpack_memberships_contains_paywalled_content":false,"_jetpack_memberships_contains_paid_content":false,"footnotes":"","jetpack_publicize_message":"","jetpack_publicize_feature_enabled":true,"jetpack_social_post_already_shared":true,"jetpack_social_options":{"image_generator_settings":{"template":"highway","default_image_id":0,"font":"","enabled":false},"version":2}},"categories":[8,3],"tags":[],"class_list":["post-24050","post","type-post","status-publish","format-standard","has-post-thumbnail","hentry","category-knjige","category-novosti"],"acf":{"facebook_opis":""},"jetpack_publicize_connections":[],"jetpack_featured_media_url":"https:\/\/i0.wp.com\/historiografija.hr\/wp-content\/uploads\/2020\/12\/Korice-Ivan-Mesner.jpg?fit=554%2C800&ssl=1","jetpack_sharing_enabled":true,"jetpack-related-posts":[],"_links":{"self":[{"href":"https:\/\/historiografija.hr\/index.php?rest_route=\/wp\/v2\/posts\/24050","targetHints":{"allow":["GET"]}}],"collection":[{"href":"https:\/\/historiografija.hr\/index.php?rest_route=\/wp\/v2\/posts"}],"about":[{"href":"https:\/\/historiografija.hr\/index.php?rest_route=\/wp\/v2\/types\/post"}],"author":[{"embeddable":true,"href":"https:\/\/historiografija.hr\/index.php?rest_route=\/wp\/v2\/users\/2"}],"replies":[{"embeddable":true,"href":"https:\/\/historiografija.hr\/index.php?rest_route=%2Fwp%2Fv2%2Fcomments&post=24050"}],"version-history":[{"count":1,"href":"https:\/\/historiografija.hr\/index.php?rest_route=\/wp\/v2\/posts\/24050\/revisions"}],"predecessor-version":[{"id":24052,"href":"https:\/\/historiografija.hr\/index.php?rest_route=\/wp\/v2\/posts\/24050\/revisions\/24052"}],"wp:featuredmedia":[{"embeddable":true,"href":"https:\/\/historiografija.hr\/index.php?rest_route=\/wp\/v2\/media\/24051"}],"wp:attachment":[{"href":"https:\/\/historiografija.hr\/index.php?rest_route=%2Fwp%2Fv2%2Fmedia&parent=24050"}],"wp:term":[{"taxonomy":"category","embeddable":true,"href":"https:\/\/historiografija.hr\/index.php?rest_route=%2Fwp%2Fv2%2Fcategories&post=24050"},{"taxonomy":"post_tag","embeddable":true,"href":"https:\/\/historiografija.hr\/index.php?rest_route=%2Fwp%2Fv2%2Ftags&post=24050"}],"curies":[{"name":"wp","href":"https:\/\/api.w.org\/{rel}","templated":true}]}}