{"id":2405,"date":"2016-09-07T22:00:05","date_gmt":"2016-09-07T22:00:05","guid":{"rendered":"http:\/\/historiografija.hr\/?p=2405"},"modified":"2016-09-07T22:00:05","modified_gmt":"2016-09-07T22:00:05","slug":"2-fra-ma-fu-festival-novinara-i-reportera","status":"publish","type":"post","link":"https:\/\/historiografija.hr\/?p=2405","title":{"rendered":"2. Fra Ma Fu, festival novinara i reportera"},"content":{"rendered":"<p>Drugo izdanje Fra Ma Fu, festivala novinara i reportera, odr\u017eat \u0107e se od 1. do 10. rujna u Virovitici, rodnom gradu Franje Martina Fuisa. Organizatori festivala, Studijski institut za novinarstvo, kulturu i obrazovanje i Hrvatsko novinarsko dru\u0161tvo, zajedno s partnerima Gradom Virovitica i gradskom turisti\u010dkom zajednicom, pripremili su bogat stru\u010dni, kulturni, gastronomsko \u2013 turisti\u010dki, glazbeni i obrazovni program. <\/p>\n<p><b>2. Fra Ma Fu festival \u2013 Virovitica 1. &#8211; 10. rujna<\/b><\/p>\n<p>http:\/\/www.hnd.hr\/objavljujemo-program-2-fra-ma-fu-festivala<\/p>\n<p><b>PROGRAM<\/b><\/p>\n<p><b>\u010cETVRTAK, 1.RUJNA<\/b><\/p>\n<p>TO SAM RADIO U RATU SINE<br \/>Izlo\u017eba fotografija i promocija knjige<br \/>Autor:&nbsp; Toni Hnoj\u010dik<br \/>Tema: Ratna reporterska fotografija<br \/>Mjesto: Gradska knji\u017enica i \u010ditaonica Virovitica<br \/>Vrijeme: 19:00 sati <\/p>\n<p>Gosti govornici:<br \/>Dr.sc Natko Martini\u0107 Jer\u010di\u0107 (HMDCDR), \u0110uro De\u010dak, umirovljeni general i ratni zapovjednik 127 brigade,&nbsp; Sa\u0161a Lekovi\u0107,&nbsp; ratni reporter i predsjednik Hrvatskog novinarskog dru\u0161tva, Darko Baronica, urednik Pakra\u010dkog lista.<br \/>Moderator: Goran Gazdek<\/p>\n<p>Bit \u0107e izlo\u017eeno 25 crno-bijelih fotografija A3+ formata (33&#215;47) kojima je Hnoj\u010dik dokumentirao rat i pora\u0107e u zapadnoj Slavoniji: dekadenciju socijalizma potkraj osamdesetih, prve mitinge i osnivanje stranaka na prijelomu desetlje\u0107a, stra\u0161na razaranja 1991., povratak u razoreni Pakrac i Lipik, do osloba\u0111anja u \u00bbBljesku\u00ab 1995.<\/p>\n<p>Hnoj\u010dik, \u010ceh i svojedobni pra\u0161ki student, dostojan je nastavlja\u010d tradicije pra\u0161ke \u0161kole fotografije, koja i u najte\u017eim ljudskim situacijama traga za empatijom i solidarno\u0161\u0107u, pa \u010dak i humorom.&nbsp; Novinari&nbsp; su nazvali \u00bbdobrim duhom zapadne Slavonije\u00ab.<\/p>\n<p>Njegove fotografije odi\u0161u razumijevanjem ljudskih tragedija, ali i odlu\u010dno\u0161\u0107u da se dokumentiraju \u010dak i najte\u017ee ratne bestijalnosti. Sve je to vidljivo na stotinama fotografija objavljenih u knjizi: tu su fotografije tijela raskomadanih granatama, ali i najsuptilniji izrazi lica optere\u0107enih patnjom; fotografije ratnih akcija, pucnjave i ranjavanja, ali i emotivni trenuci povratka u razru\u0161ene ku\u0107e, nabijeni tugom, nadom, odlu\u010dno\u0161\u0107u&#8230;<\/p>\n<p>Fotomonografiju \u00bbTo sam radio u ratu, sine \u2013 Zapadna Slavonija 1990.-1995\u00ab (261 str.) na hrvatskom i engleskom objavili su Hrvatski memorijalno dokumentacijski centar Domovinskoga rata i Hrvatski institut za povijest \u2013 Podru\u017enica za povijest Slavonije, Baranje i Srijema \u2013 Slavonski Brod.<\/p>\n<p>MOJIH 25 GODINA OKTOBERFESTA<br \/>Izlo\u017eba fotografija i promocija knji\u017eice reporta\u017ea<br \/>Tema: Reporta\u017ea i reporta\u017ena fotografija<br \/>Autor: Mato Peji\u0107<br \/>Mjesto: Caffe bar Pub<br \/>Vrijeme: 21:00 sat<\/p>\n<p><b><br \/>PETAK, 2. RUJNA<\/b><\/p>\n<p>SPIDER GRUPA<br \/>Obilazak tvrtke<br \/>Mjesto: Pitoma\u010da<br \/>Vrijeme: 13:00 sati<\/p>\n<p>MLADI U NOVINARSTVU<br \/>Okrugli stol<br \/>Moderator: Sandra Pocrni\u0107 Mlakar<br \/>Mjesto: Hotel \u0160ulenti\u0107<br \/>Vrijeme: 17:00 sati<\/p>\n<p>Do svoje prerane smrti u dobi od 35 godina, Franjo Martin Fuis objavio je tri knjige &#8220;Tajna svjetionika svetoga Luke&#8221;, &#8220;Barek iz \u0160estina&#8221; i &#8220;Moja Tre\u0161njevka&#8221; te desetak scenarija za stripove koje je crtao Andrija Maurovi\u0107. Njegova drama &#8220;U ime \u010dovje\u010danstva&#8221; izvedena je u Hrvatskom narodnom kazali\u0161tu u Zagrebu 1979. godine, a reporta\u017ee objavljene u zbirci &#8220;Podzemni Zagreb&#8221; 1953. godine i danas se navode kao primjer reporterskog rada i spisateljskog dara slavnog novinara. &nbsp;<\/p>\n<p>Djelo Fra Ma Fua povod je da na okruglom stolu Fra Ma Fu festivala raspravimo u kakvim uvjetima danas stvaraju mladi novinari i koja su njihova dostignu\u0107a. Primje\u0107uje li se i poti\u010de njihov talent u sredinama u kojima rade? Kao su vrednovani i imaju li priliku eksperimentirati novinarskim formama i tra\u017eiti svoj izraz, kao Fra Ma Fu,&nbsp; rije\u010dju i fotografijom? Mogu li, bave\u0107i se novinarstvom, osigurati egzistenciju?<\/p>\n<p>Novinarstvo je danas usmjereno na tr\u017ei\u0161te i njegove zahtjeve, tako da novinari \u010desto rade u uvjetima hiperprodukcije i poja\u010danog pritiska. Gdje se u javnim medijima mo\u017ee otvoriti prostor za slobodu stvaranja i razvoj mladih novinara? Kakav su poticaj nagrade Hrvatskog novinarskog dru\u0161tva, koje nagra\u0111uje mlade novinare za internet novinarstvo?<\/p>\n<p>FRANJO MARTIN FUIS<br \/>Sve\u010dana akademija<br \/>Vrijeme: 19:00 sati<br \/>Mjesto: Gradska knji\u017enica i \u010ditaonica<br \/>Izlaganja:<br \/>O Franji Fuisu govore: knji\u017eevnik Branislav Glumac,&nbsp; prof.dr.sc Vladimir Kolesar\u0107, prof.dr.scVinko Bre\u0161i\u0107, Dubravka Saboli\u0107 (Matica hrvatska Virovitica), novinar i publicista Veljko Krul\u010di\u0107.<\/p>\n<p>BROD BEZ KOMPASA, promocija knjige<\/p>\n<p>Pustolovni roman Franje Fuisa Brod bez kompasa uo\u010di festivala izlazi u nakladi udruge Art 9. Roman je objavljivan 1938. godine na stranicama tjednika \u201eMickey strip\u201c. Najavljivali su ga kao roman najuzbudljivijeg sadr\u017eaj u kojem se opisuju uzbudljive romanti\u010dne pustolovine triju simpati\u010dnih pomoraca u opasnim i neistra\u017eenim predjelima dalekih oceana i kao roman koji je pisan prema do\u017eivljajima fantasti\u010dne la\u0111e, koja je u\u0161la u povijest tajanstvenih gusarskih galija minulih vremena. Dvije godine kasnije u dnevnom listu Novosti od 28. srpnja do 18. prosinca 1940. godine objavljena je strip adaptacija romana koju je crtao velemajstor stripovnih crte\u017ea, stripovne naracije i vizualizacije Andrija Maurovi\u0107. Bio je to najambicioznijih, najdu\u017eih i najeskapisti\u010dkijih projekata dvojice autora u naponu snage. Strip je tako\u0111er izdao Vedis.<\/p>\n<p>\u0160IFRA GALEB, projekcija dokumentarnog filma<\/p>\n<p><b>SUBOTA, 3. RUJNA<\/b><\/p>\n<p>&nbsp;<br \/>VIROVITI\u010cKO SUBOTNJE JUTRO<br \/>\u0160etnja gradom<br \/>Mjesto: Virovitica \u2013sredi\u0161te grada&nbsp;&nbsp;&nbsp;&nbsp;&nbsp;&nbsp;&nbsp;&nbsp;&nbsp;&nbsp;&nbsp;&nbsp;&nbsp;&nbsp;&nbsp;&nbsp;&nbsp;&nbsp;&nbsp;&nbsp;&nbsp;&nbsp;&nbsp;&nbsp;&nbsp;&nbsp;&nbsp;&nbsp;&nbsp;&nbsp;&nbsp;&nbsp;&nbsp;&nbsp;&nbsp;&nbsp;&nbsp;&nbsp;&nbsp;&nbsp;&nbsp;&nbsp;&nbsp;&nbsp;&nbsp;&nbsp;&nbsp;&nbsp;&nbsp;&nbsp;&nbsp;&nbsp;&nbsp;&nbsp;&nbsp;&nbsp;&nbsp;&nbsp;&nbsp;&nbsp;&nbsp;&nbsp;&nbsp;&nbsp;&nbsp;&nbsp;&nbsp;&nbsp;&nbsp;&nbsp;&nbsp;&nbsp;&nbsp;&nbsp;&nbsp;&nbsp;&nbsp;&nbsp;&nbsp;&nbsp; &nbsp;<br \/>Vrijeme: 9:30<\/p>\n<p>TRAGOVIMA FRA MA FUA<br \/>Rodna ku\u0107a i muzej Petra Preradovi\u0107a<br \/>Mjesto:Grabrovnica&nbsp;&nbsp;&nbsp;&nbsp;&nbsp;&nbsp;&nbsp;&nbsp;&nbsp;&nbsp;&nbsp;&nbsp;&nbsp;&nbsp;&nbsp;&nbsp;&nbsp;&nbsp;&nbsp;&nbsp;&nbsp;&nbsp;&nbsp;&nbsp;&nbsp;&nbsp;&nbsp;&nbsp;&nbsp;&nbsp;&nbsp;&nbsp;&nbsp;&nbsp;&nbsp;&nbsp;&nbsp;&nbsp;&nbsp;&nbsp;&nbsp;&nbsp;&nbsp;&nbsp;&nbsp;&nbsp;&nbsp;&nbsp;&nbsp;&nbsp;&nbsp;&nbsp;&nbsp;&nbsp;&nbsp;&nbsp;&nbsp;&nbsp;&nbsp;&nbsp;&nbsp;&nbsp;&nbsp;&nbsp;&nbsp;&nbsp;&nbsp;&nbsp;&nbsp;&nbsp;&nbsp;&nbsp;&nbsp;&nbsp;&nbsp;&nbsp;&nbsp;&nbsp;&nbsp;&nbsp;&nbsp;&nbsp;&nbsp;&nbsp;&nbsp;&nbsp;&nbsp;&nbsp;&nbsp;&nbsp;&nbsp;&nbsp;&nbsp;&nbsp;&nbsp;&nbsp;&nbsp;&nbsp;&nbsp;&nbsp;&nbsp;&nbsp;&nbsp;&nbsp;&nbsp;&nbsp;&nbsp;&nbsp; &nbsp;<br \/>Vrijeme: 12:00<\/p>\n<p>Grabrovnica je tipi\u010dno podravsko naselje podno Bilogore u Op\u0107ini Pitoma\u010da s petstotinjak stanovnika u 137 obiteljskih ku\u0107a. Tamo je 19. o\u017eujka 1818. godine ro\u0111en hrvatski pjesnik ilirac, kraji\u0161ki general Petar Preradovi\u0107 koji je sudjelovao u hrvatskom ilirskom preporodu. Poznat je po svojim domoljubnim pjesmama, a posebno po pjesmama &#8220;Rodu o jeziku&#8221;, &#8220;Putnik&#8221;&nbsp; Rodna ku\u0107a koju obilazimo veliko je zadnje s visokim krovi\u0161tem podignuto&nbsp; u 18. stolje\u0107u. Ku\u0107a je za Vojne krajine slu\u017eila kao grani\u010darska \u201e\u0161tacija\u201c, a nakon razvoja\u010denja u drugoj polovici 19. stoje\u0107a pa sve do pedesetih godina pro\u0161log stolje\u0107a u njoj je bila smje\u0161tena lugarnica i poljoprivredna zadruga. <\/p>\n<p>Muzej je otvoren 23.lipnja 1968. godine u prigodi 150. godi\u0161njice pjesnikova ro\u0111enja. Sastoji se od dvije sobe u kojima je izlo\u017eeno nekoliko originala i stotinjak fotoreprodukcija njegovih rukopisa, tekstova objavljenih u knjigama, \u010dasopisima, novinama, almanasima, zbornicima, njegovih pisama, njemu posve\u0107enih tekstova, dokumenata o njegovom radu te reprodukcije fotografija, crte\u017ea i portreta njegove obitelji.<\/p>\n<p>&nbsp;<br \/>VIROVITI\u010cKI VIDICI<br \/>Glumci za novinare<br \/>Mjesto: Viroviti\u010dka vinska cesta<br \/>Vrijeme: 16:00 sati<\/p>\n<p><b>&nbsp;NEDJELJA, 4. RUJNA<\/b><\/p>\n<p>&nbsp;AFRIKA<br \/>Izlo\u017eba putopisnih fotografija&nbsp; i pri\u010da o \u010daju<br \/>Tema: Putopisna fotografija<br \/>Autor: Davor Schunk<br \/>Mjesto: Pitoma\u010da, Corner pub<br \/>Vrijeme: 10:00<\/p>\n<p>TRAGOVIMA FRA MA FUA<br \/>Dravski otok Kri\u017enica<br \/>Mjesto: Kri\u017enica&nbsp;&nbsp;&nbsp;&nbsp;&nbsp;&nbsp;&nbsp;&nbsp;&nbsp;&nbsp;&nbsp;&nbsp;&nbsp;&nbsp;&nbsp;&nbsp;&nbsp;&nbsp;&nbsp;&nbsp;&nbsp;&nbsp;&nbsp;&nbsp;&nbsp;&nbsp;&nbsp;&nbsp;&nbsp;&nbsp;&nbsp;&nbsp;&nbsp;&nbsp;&nbsp;&nbsp;&nbsp;&nbsp;&nbsp;&nbsp;&nbsp;&nbsp;&nbsp;&nbsp;&nbsp;&nbsp;&nbsp;&nbsp;&nbsp;&nbsp;&nbsp;&nbsp;&nbsp;&nbsp;&nbsp;&nbsp;&nbsp;&nbsp;&nbsp;&nbsp;&nbsp;&nbsp;&nbsp;&nbsp;&nbsp;&nbsp;&nbsp;&nbsp;&nbsp;&nbsp;&nbsp;&nbsp;&nbsp;&nbsp;&nbsp;&nbsp;&nbsp;&nbsp;&nbsp;&nbsp;&nbsp;&nbsp;&nbsp;&nbsp;&nbsp;&nbsp;&nbsp;&nbsp;&nbsp;&nbsp;&nbsp;&nbsp;&nbsp;&nbsp;&nbsp;&nbsp;&nbsp;&nbsp;&nbsp;&nbsp;&nbsp;&nbsp;&nbsp;&nbsp;&nbsp;&nbsp;&nbsp;&nbsp;&nbsp;&nbsp; &nbsp;<br \/>Vrijeme: 11:30 sati<\/p>\n<p><b>\u010cETVRTAK, 8. RUJNA<\/b><\/p>\n<p>RAZGOVORI SA SMOJOM<br \/>Promocija knjige<br \/>Tema: Novinarstvo<br \/>Autor: Boris De\u017eulovi\u0107<br \/>Moderator: Zlatko Petrovi\u0107<br \/>Sudjeluju: Dragan Ogurl\u0107 (urednik knjige), Predrag Luci\u0107 (autor pogovora, novinar i pisac)<br \/>Vrijeme: 19:00 sati<br \/>Mjesto: \u010ce\u0161ki dom<\/p>\n<p>Miljenko Smoje (1923.-1995.) bio je knji\u017eevnik, satiri\u010dar, pisac scenarija i vrsni reporter. Naj\u010de\u0161\u0107e je, poput Franje Fuisa, pisao o malim ljudima i njihovim sudbinama. Objavljivao je na Radio Splitu te u Slobodnoj Dalmaciji, Vjesniku i Feral Tribuneu. Bio je jedan od najuglednijih novinara u Hrvatskoj i Jugoslaviji, a njegovoj slavi posebno su doprinijele tv serije za koje je pisao scenarije \u2013 Na\u0161e malo misto i Velom isto. &nbsp;<\/p>\n<p>MELODIJE NAJNA I ILEVENA<br \/>Satiri\u010dno pjesni\u010dki kabaret<br \/>Autori: Boris De\u017eulovi\u0107 &amp; Predrag Luci\u0107, Studio LuDe\u017e<br \/>Vrijeme: 21:00 sat<br \/>Mjesto: Caffe galerija Boom<\/p>\n<p><b>&nbsp;PETAK, 9. RUJNA<\/b><\/p>\n<p>&nbsp;<br \/>STRIP FANZIN GAVRAN<br \/>Promocija novog broja<br \/>Mjesto:Gradska knji\u017enica i \u010ditaonica<br \/>Datum: 9.9.2016<br \/>Vrijeme: 18:00 sati<\/p>\n<p>VIROVITI\u010cKI STRIP CRTA\u010cI<br \/>Izlo\u017eba stripova<br \/>Tema: Strip<br \/>Autori: \u010clanovi Strip cluba 85<br \/>Moderator: Zvonko Jesenkovi\u0107<br \/>Mjesto: Cafe Bar \u0160tedna<br \/>Vrijeme: 20:00 sati&nbsp;&nbsp;&nbsp;&nbsp;&nbsp;&nbsp; <\/p>\n<p>&nbsp;&nbsp;&nbsp;&nbsp;&nbsp;&nbsp;&nbsp;&nbsp;&nbsp;&nbsp;&nbsp;&nbsp;&nbsp;&nbsp;&nbsp;&nbsp;&nbsp;&nbsp;&nbsp;&nbsp;&nbsp;&nbsp;&nbsp;&nbsp;&nbsp;&nbsp;&nbsp;&nbsp;&nbsp;&nbsp;&nbsp;&nbsp;&nbsp;&nbsp;&nbsp;&nbsp;&nbsp;&nbsp;&nbsp;&nbsp;&nbsp;&nbsp;&nbsp;&nbsp;&nbsp;&nbsp;&nbsp;&nbsp;&nbsp;&nbsp;&nbsp;&nbsp;&nbsp;&nbsp;&nbsp;&nbsp;&nbsp;&nbsp;&nbsp;&nbsp;&nbsp;&nbsp;&nbsp;&nbsp;&nbsp;&nbsp;&nbsp;&nbsp;&nbsp;&nbsp;&nbsp;&nbsp;&nbsp;&nbsp;&nbsp;&nbsp;&nbsp;&nbsp;&nbsp;&nbsp;&nbsp;&nbsp;&nbsp;&nbsp;&nbsp;&nbsp;&nbsp;&nbsp;&nbsp;&nbsp;&nbsp;&nbsp;&nbsp;&nbsp;&nbsp;&nbsp;&nbsp;&nbsp;&nbsp;&nbsp;&nbsp;&nbsp;&nbsp;&nbsp;&nbsp;&nbsp;&nbsp;&nbsp;&nbsp;&nbsp;&nbsp;&nbsp;&nbsp;&nbsp;&nbsp;&nbsp;&nbsp;&nbsp;&nbsp;&nbsp;&nbsp;&nbsp;&nbsp;&nbsp;&nbsp;&nbsp;&nbsp;&nbsp;&nbsp;&nbsp;&nbsp;&nbsp;&nbsp;&nbsp;&nbsp;&nbsp;&nbsp;&nbsp;&nbsp;&nbsp;&nbsp;&nbsp;&nbsp;&nbsp;&nbsp;&nbsp;&nbsp;&nbsp;&nbsp;&nbsp;&nbsp;&nbsp;&nbsp;&nbsp;&nbsp;&nbsp;&nbsp;&nbsp;&nbsp;&nbsp; <\/p>\n","protected":false},"excerpt":{"rendered":"","protected":false},"author":1,"featured_media":0,"comment_status":"open","ping_status":"open","sticky":false,"template":"","format":"standard","meta":{"_acf_changed":false,"jetpack_post_was_ever_published":false,"_jetpack_newsletter_access":"","_jetpack_dont_email_post_to_subs":false,"_jetpack_newsletter_tier_id":0,"_jetpack_memberships_contains_paywalled_content":false,"_jetpack_memberships_contains_paid_content":false,"footnotes":"","jetpack_publicize_message":"","jetpack_publicize_feature_enabled":true,"jetpack_social_post_already_shared":false,"jetpack_social_options":{"image_generator_settings":{"template":"highway","default_image_id":0,"font":"","enabled":false},"version":2}},"categories":[3],"tags":[],"class_list":["post-2405","post","type-post","status-publish","format-standard","hentry","category-novosti"],"acf":{"facebook_opis":""},"jetpack_publicize_connections":[],"jetpack_featured_media_url":"","jetpack_sharing_enabled":true,"jetpack-related-posts":[{"id":52699,"url":"https:\/\/historiografija.hr\/?p=52699","url_meta":{"origin":2405,"position":0},"title":"Sve\u010dano otvaranje Festivala povijesti Kliofest","author":"Filip \u0160imunjak","date":"28. travnja 2026.","format":false,"excerpt":"Pozivamo Vas na sve\u010dano otvaranje XIII. Festivala povijesti Kliofest, u utorak, 5. svibnja 2026. u Nacionalnoj i sveu\u010dili\u0161noj knji\u017enici u Zagrebu, s po\u010detkom u 11 sati. Cijeli program skupa mo\u017eete poglededati na www.kliofest.hr te https:\/\/historiografija.hr\/?p=52681.","rel":"","context":"U &quot;Novosti&quot;","block_context":{"text":"Novosti","link":"https:\/\/historiografija.hr\/?cat=3"},"img":{"alt_text":"","src":"https:\/\/i0.wp.com\/historiografija.hr\/wp-content\/uploads\/2026\/04\/Otvaranje-Kliofest-2026.jpg?fit=1200%2C566&ssl=1&resize=350%2C200","width":350,"height":200,"srcset":"https:\/\/i0.wp.com\/historiografija.hr\/wp-content\/uploads\/2026\/04\/Otvaranje-Kliofest-2026.jpg?fit=1200%2C566&ssl=1&resize=350%2C200 1x, https:\/\/i0.wp.com\/historiografija.hr\/wp-content\/uploads\/2026\/04\/Otvaranje-Kliofest-2026.jpg?fit=1200%2C566&ssl=1&resize=525%2C300 1.5x, https:\/\/i0.wp.com\/historiografija.hr\/wp-content\/uploads\/2026\/04\/Otvaranje-Kliofest-2026.jpg?fit=1200%2C566&ssl=1&resize=700%2C400 2x, https:\/\/i0.wp.com\/historiografija.hr\/wp-content\/uploads\/2026\/04\/Otvaranje-Kliofest-2026.jpg?fit=1200%2C566&ssl=1&resize=1050%2C600 3x"},"classes":[]},{"id":52666,"url":"https:\/\/historiografija.hr\/?p=52666","url_meta":{"origin":2405,"position":1},"title":"Najava programa Festivala povijesti Kliofest (5-8. V. 2026)","author":"Branimir Jankovi\u0107","date":"24. travnja 2026.","format":false,"excerpt":"Po trinaesti put odr\u017eava se Festival povijesti Kliofest! Do petka \u0107emo odr\u017eati osam okruglih stolova i dva kolokvija te niz predstavljanja knjiga i projekata razli\u010dite tematike, od antike do suvremenosti. Bit \u0107e predstavljeno i nekoliko izlo\u017ebi te odr\u017ean jedan povijesni kviz. Prikazat \u0107emo i jedan film \u2013 o generalu Boroevi\u0107u.\u2026","rel":"","context":"U &quot;Novosti&quot;","block_context":{"text":"Novosti","link":"https:\/\/historiografija.hr\/?cat=3"},"img":{"alt_text":"","src":"https:\/\/i0.wp.com\/historiografija.hr\/wp-content\/uploads\/2026\/04\/Kliofest-2026.jpg?fit=526%2C526&ssl=1&resize=350%2C200","width":350,"height":200,"srcset":"https:\/\/i0.wp.com\/historiografija.hr\/wp-content\/uploads\/2026\/04\/Kliofest-2026.jpg?fit=526%2C526&ssl=1&resize=350%2C200 1x, https:\/\/i0.wp.com\/historiografija.hr\/wp-content\/uploads\/2026\/04\/Kliofest-2026.jpg?fit=526%2C526&ssl=1&resize=525%2C300 1.5x"},"classes":[]},{"id":52712,"url":"https:\/\/historiografija.hr\/?p=52712","url_meta":{"origin":2405,"position":2},"title":"Okrugli stol &#8220;Proslava 1100 godina Hrvatskoga Kraljevstva \u2013 kako danas gledamo na hrvatski rani srednji vijek?&#8221;","author":"Filip \u0160imunjak","date":"29. travnja 2026.","format":false,"excerpt":"Godinu iza nas obilje\u017eile su brojne manifestacije posve\u0107ene 1100. obljetnici Hrvatskoga Kraljevstva, koje su privukle veliku pozornost javnosti i medija, pa tako i na\u0161ega portala. Nastavljaju\u0107i se na taj niz, pozivamo Vas na okrugli stol \u201eProslava 1100 godina Hrvatskoga Kraljevstva \u2013 kako danas gledamo na hrvatski rani srednji vijek?\u201d, koji\u2026","rel":"","context":"U &quot;Novosti&quot;","block_context":{"text":"Novosti","link":"https:\/\/historiografija.hr\/?cat=3"},"img":{"alt_text":"","src":"https:\/\/i0.wp.com\/historiografija.hr\/wp-content\/uploads\/2026\/04\/Kliofest-01-utorak-I-01-OS-1100-godina.jpg?fit=1200%2C566&ssl=1&resize=350%2C200","width":350,"height":200,"srcset":"https:\/\/i0.wp.com\/historiografija.hr\/wp-content\/uploads\/2026\/04\/Kliofest-01-utorak-I-01-OS-1100-godina.jpg?fit=1200%2C566&ssl=1&resize=350%2C200 1x, https:\/\/i0.wp.com\/historiografija.hr\/wp-content\/uploads\/2026\/04\/Kliofest-01-utorak-I-01-OS-1100-godina.jpg?fit=1200%2C566&ssl=1&resize=525%2C300 1.5x, https:\/\/i0.wp.com\/historiografija.hr\/wp-content\/uploads\/2026\/04\/Kliofest-01-utorak-I-01-OS-1100-godina.jpg?fit=1200%2C566&ssl=1&resize=700%2C400 2x, https:\/\/i0.wp.com\/historiografija.hr\/wp-content\/uploads\/2026\/04\/Kliofest-01-utorak-I-01-OS-1100-godina.jpg?fit=1200%2C566&ssl=1&resize=1050%2C600 3x"},"classes":[]},{"id":52717,"url":"https:\/\/historiografija.hr\/?p=52717","url_meta":{"origin":2405,"position":3},"title":"Okrugli stol &#8220;Dvjestapedeset godina Sjedinjenih Ameri\u010dkih Dr\u017eava \u2013 od kolonije do prve zemlje svijeta i dalje&#8221;","author":"Filip \u0160imunjak","date":"29. travnja 2026.","format":false,"excerpt":"Ove godine obilje\u017eava se 250. obljetnica osnutka Sjedinjenih Ameri\u010dkih Dr\u017eava, povodom koje je pokrenut niz rasprava o ameri\u010dkoj povijesti, njezinoj globalnoj ulozi i naslje\u0111u koje se prote\u017ee od 1776. do danas. Obljetnica je ujedno prilika za promi\u0161ljanje o tome kako danas tuma\u010dimo ameri\u010dku pro\u0161lost, ali i (aktualnu) ulogu SAD-a u\u2026","rel":"","context":"U &quot;Novosti&quot;","block_context":{"text":"Novosti","link":"https:\/\/historiografija.hr\/?cat=3"},"img":{"alt_text":"","src":"https:\/\/i0.wp.com\/historiografija.hr\/wp-content\/uploads\/2026\/04\/Kliofest-01-utorak-I-02-OS-250-godina-SAD.jpg?fit=1200%2C566&ssl=1&resize=350%2C200","width":350,"height":200,"srcset":"https:\/\/i0.wp.com\/historiografija.hr\/wp-content\/uploads\/2026\/04\/Kliofest-01-utorak-I-02-OS-250-godina-SAD.jpg?fit=1200%2C566&ssl=1&resize=350%2C200 1x, https:\/\/i0.wp.com\/historiografija.hr\/wp-content\/uploads\/2026\/04\/Kliofest-01-utorak-I-02-OS-250-godina-SAD.jpg?fit=1200%2C566&ssl=1&resize=525%2C300 1.5x, https:\/\/i0.wp.com\/historiografija.hr\/wp-content\/uploads\/2026\/04\/Kliofest-01-utorak-I-02-OS-250-godina-SAD.jpg?fit=1200%2C566&ssl=1&resize=700%2C400 2x, https:\/\/i0.wp.com\/historiografija.hr\/wp-content\/uploads\/2026\/04\/Kliofest-01-utorak-I-02-OS-250-godina-SAD.jpg?fit=1200%2C566&ssl=1&resize=1050%2C600 3x"},"classes":[]},{"id":52704,"url":"https:\/\/historiografija.hr\/?p=52704","url_meta":{"origin":2405,"position":4},"title":"Predstavljanje knjige &#8220;Vladimir Vasiljevi\u0107: Moji do\u017eivljaji. Dnevni\u010dki zapisi iz Prvoga svjetskog rata i poratnoga vremena&#8221;","author":"Filip \u0160imunjak","date":"29. travnja 2026.","format":false,"excerpt":"Doga\u0111anja ovogodi\u0161njega Festivala povijesti Kliofest zapo\u010dinjemo ve\u0107 i prije samoga slu\u017ebenog otvaranja, predstavljanjem knjige \u201eMoji do\u017eivljaji. Dnevni\u010dki zapisi iz Prvoga svjetskog rata i poratnoga vremena\u201d Vladimira Vasiljevi\u0107a, koju su priredili Karlo Rukavina i Damir Agi\u010di\u0107. Pozivamo Vas na predstavljanje koje \u0107e se odr\u017eati u ponedjeljak 4. svibnja, s po\u010detkom u\u2026","rel":"","context":"U &quot;Knjige&quot;","block_context":{"text":"Knjige","link":"https:\/\/historiografija.hr\/?cat=8"},"img":{"alt_text":"","src":"https:\/\/i0.wp.com\/historiografija.hr\/wp-content\/uploads\/2026\/04\/Naslovna-V.-Vasiljevic.webp?fit=1200%2C600&ssl=1&resize=350%2C200","width":350,"height":200,"srcset":"https:\/\/i0.wp.com\/historiografija.hr\/wp-content\/uploads\/2026\/04\/Naslovna-V.-Vasiljevic.webp?fit=1200%2C600&ssl=1&resize=350%2C200 1x, https:\/\/i0.wp.com\/historiografija.hr\/wp-content\/uploads\/2026\/04\/Naslovna-V.-Vasiljevic.webp?fit=1200%2C600&ssl=1&resize=525%2C300 1.5x, https:\/\/i0.wp.com\/historiografija.hr\/wp-content\/uploads\/2026\/04\/Naslovna-V.-Vasiljevic.webp?fit=1200%2C600&ssl=1&resize=700%2C400 2x, https:\/\/i0.wp.com\/historiografija.hr\/wp-content\/uploads\/2026\/04\/Naslovna-V.-Vasiljevic.webp?fit=1200%2C600&ssl=1&resize=1050%2C600 3x"},"classes":[]},{"id":52681,"url":"https:\/\/historiografija.hr\/?p=52681","url_meta":{"origin":2405,"position":5},"title":"XIII. Festival povijesti Kliofest 2026.","author":"Branimir Jankovi\u0107","date":"27. travnja 2026.","format":false,"excerpt":"Trinaesti Festival povijesti Kliofest odr\u017eava se od 5. do 8. svibnja 2026. u Nacionalnoj i sveu\u010dili\u0161noj knji\u017enici u Zagrebu, kao i na nekoliko drugih lokacija u gradu. Cjelokupni program nalazi se u programskoj knji\u017eici u nastavku. Kliofest 2026 - ProgramPreuzmi","rel":"","context":"U &quot;Prikazi i osvrti&quot;","block_context":{"text":"Prikazi i osvrti","link":"https:\/\/historiografija.hr\/?cat=4"},"img":{"alt_text":"","src":"","width":0,"height":0},"classes":[]}],"_links":{"self":[{"href":"https:\/\/historiografija.hr\/index.php?rest_route=\/wp\/v2\/posts\/2405","targetHints":{"allow":["GET"]}}],"collection":[{"href":"https:\/\/historiografija.hr\/index.php?rest_route=\/wp\/v2\/posts"}],"about":[{"href":"https:\/\/historiografija.hr\/index.php?rest_route=\/wp\/v2\/types\/post"}],"author":[{"embeddable":true,"href":"https:\/\/historiografija.hr\/index.php?rest_route=\/wp\/v2\/users\/1"}],"replies":[{"embeddable":true,"href":"https:\/\/historiografija.hr\/index.php?rest_route=%2Fwp%2Fv2%2Fcomments&post=2405"}],"version-history":[{"count":0,"href":"https:\/\/historiografija.hr\/index.php?rest_route=\/wp\/v2\/posts\/2405\/revisions"}],"wp:attachment":[{"href":"https:\/\/historiografija.hr\/index.php?rest_route=%2Fwp%2Fv2%2Fmedia&parent=2405"}],"wp:term":[{"taxonomy":"category","embeddable":true,"href":"https:\/\/historiografija.hr\/index.php?rest_route=%2Fwp%2Fv2%2Fcategories&post=2405"},{"taxonomy":"post_tag","embeddable":true,"href":"https:\/\/historiografija.hr\/index.php?rest_route=%2Fwp%2Fv2%2Ftags&post=2405"}],"curies":[{"name":"wp","href":"https:\/\/api.w.org\/{rel}","templated":true}]}}