{"id":24039,"date":"2020-12-11T21:29:48","date_gmt":"2020-12-11T21:29:48","guid":{"rendered":"http:\/\/historiografija.hr\/?p=24039"},"modified":"2020-12-11T21:30:29","modified_gmt":"2020-12-11T21:30:29","slug":"tonia-sophie-muller-minderwertige-literatur-und-nationale-integration-die-deutsche-bucherei-leipzig-als-projekt-des-burgertums-im-kaiserreich-und-in-der-weimarer-republik","status":"publish","type":"post","link":"https:\/\/historiografija.hr\/?p=24039","title":{"rendered":"Tonia Sophie M\u00fcller, &#8220;\u00bbMinderwertige\u00ab Literatur und nationale Integration. Die Deutsche B\u00fccherei Leipzig als Projekt des B\u00fcrgertums im Kaiserreich und in der Weimarer Republik&#8221;"},"content":{"rendered":"\n<p>Bibliotheksgeschichte als Kultur- und Sozialgeschichte: die Sammlung \u00bbminderwertiger\u00ab Literatur in der nationalen Zentralbibliothek.<\/p>\n\n\n\n<hr class=\"wp-block-separator\"\/>\n\n\n\n<p>Mit der Gr\u00fcndung der Deutschen B\u00fccherei 1912 in Leipzig wurde &#8211; zeitgleich zur \u00bbSchmutz- und Schunddebatte\u00ab &#8211; ein in Deutschland bisher undenkbares Sammelkonzept realisiert: Die nationale Zentralbibliothek des B\u00f6rsenvereins der Deutschen Buchh\u00e4ndler erhielt den Auftrag, die gesamte Literatur des Reichs und deutsche Schriften im Ausland zu sammeln &#8211; auch die so genannte \u00bbminderwertige\u00ab Literatur. Sophie M\u00fcller weist in ihrer kulturgeschichtlichen Studie empirisch nach, dass dieser Anspruch der Bibliotheksgr\u00fcnder mit \u00fcberraschender Gewissenhaftigkeit umgesetzt wurde und er\u00f6rtert die Begr\u00fcndungen, Faktoren und Interessen, die zur Aufnahme diskreditierter Literatur in die Sammlung f\u00fchrten: Die Auffassung von einer modernen wissenschaftlichen Quellensammlung f\u00fcr alle Disziplinen, ein rationalisierter Bibliotheksbetrieb, ein weiter Kulturbegriff und romantisch-nationale Begr\u00fcndungen einer Sammlung aller \u00c4u\u00dferungen des \u00bbVolksgeists\u00ab. Im Kontext der Nationsbildung propagierten die nationalkonservativen und nationalliberalen Verantwortlichen die Integration aller Gesellschaftsgruppen nach innen und einen Kulturimperialismus nach au\u00dfen.<\/p>\n\n\n\n<hr class=\"wp-block-separator\"\/>\n\n\n\n<p>Tonia Sophie M\u00fcller, geb. 1983, studierte Deutsche Philologie und Kulturanthropologie \/ Europ\u00e4ische Ethnologie an der Universit\u00e4t G\u00f6ttingen und promovierte im Fach Empirische Kulturwissenschaft an der Universit\u00e4t T\u00fcbingen. An beiden Universit\u00e4ten war sie als wissenschaftliche Projektmitarbeiterin t\u00e4tig. Derzeit ist sie Referendarin an der Universit\u00e4ts- und Landesbibliothek Darmstadt.<\/p>\n\n\n\n<hr class=\"wp-block-separator\"\/>\n\n\n\n<p><a href=\"https:\/\/www.wallstein-verlag.de\/9783835335165-minderwertige-literatur-und-nationale-integration.html\">https:\/\/www.wallstein-verlag.de\/9783835335165-minderwertige-literatur-und-nationale-integration.html<\/a><\/p>\n\n\n\n<p><a href=\"https:\/\/www.hsozkult.de\/publicationreview\/id\/reb-28655\">https:\/\/www.hsozkult.de\/publicationreview\/id\/reb-28655<\/a><\/p>\n\n\n\n<hr class=\"wp-block-separator\"\/>\n","protected":false},"excerpt":{"rendered":"","protected":false},"author":2,"featured_media":24040,"comment_status":"open","ping_status":"open","sticky":false,"template":"","format":"standard","meta":{"_acf_changed":false,"jetpack_post_was_ever_published":false,"_jetpack_newsletter_access":"","_jetpack_dont_email_post_to_subs":false,"_jetpack_newsletter_tier_id":0,"_jetpack_memberships_contains_paywalled_content":false,"_jetpack_memberships_contains_paid_content":false,"footnotes":"","jetpack_publicize_message":"","jetpack_publicize_feature_enabled":true,"jetpack_social_post_already_shared":true,"jetpack_social_options":{"image_generator_settings":{"template":"highway","default_image_id":0,"font":"","enabled":false},"version":2}},"categories":[8,3],"tags":[],"class_list":["post-24039","post","type-post","status-publish","format-standard","has-post-thumbnail","hentry","category-knjige","category-novosti"],"acf":{"facebook_opis":""},"jetpack_publicize_connections":[],"jetpack_featured_media_url":"https:\/\/i0.wp.com\/historiografija.hr\/wp-content\/uploads\/2020\/12\/Leipzig.png?fit=240%2C380&ssl=1","jetpack_sharing_enabled":true,"jetpack-related-posts":[],"_links":{"self":[{"href":"https:\/\/historiografija.hr\/index.php?rest_route=\/wp\/v2\/posts\/24039","targetHints":{"allow":["GET"]}}],"collection":[{"href":"https:\/\/historiografija.hr\/index.php?rest_route=\/wp\/v2\/posts"}],"about":[{"href":"https:\/\/historiografija.hr\/index.php?rest_route=\/wp\/v2\/types\/post"}],"author":[{"embeddable":true,"href":"https:\/\/historiografija.hr\/index.php?rest_route=\/wp\/v2\/users\/2"}],"replies":[{"embeddable":true,"href":"https:\/\/historiografija.hr\/index.php?rest_route=%2Fwp%2Fv2%2Fcomments&post=24039"}],"version-history":[{"count":2,"href":"https:\/\/historiografija.hr\/index.php?rest_route=\/wp\/v2\/posts\/24039\/revisions"}],"predecessor-version":[{"id":24042,"href":"https:\/\/historiografija.hr\/index.php?rest_route=\/wp\/v2\/posts\/24039\/revisions\/24042"}],"wp:featuredmedia":[{"embeddable":true,"href":"https:\/\/historiografija.hr\/index.php?rest_route=\/wp\/v2\/media\/24040"}],"wp:attachment":[{"href":"https:\/\/historiografija.hr\/index.php?rest_route=%2Fwp%2Fv2%2Fmedia&parent=24039"}],"wp:term":[{"taxonomy":"category","embeddable":true,"href":"https:\/\/historiografija.hr\/index.php?rest_route=%2Fwp%2Fv2%2Fcategories&post=24039"},{"taxonomy":"post_tag","embeddable":true,"href":"https:\/\/historiografija.hr\/index.php?rest_route=%2Fwp%2Fv2%2Ftags&post=24039"}],"curies":[{"name":"wp","href":"https:\/\/api.w.org\/{rel}","templated":true}]}}