{"id":24036,"date":"2020-12-11T21:21:56","date_gmt":"2020-12-11T21:21:56","guid":{"rendered":"http:\/\/historiografija.hr\/?p=24036"},"modified":"2020-12-11T21:21:56","modified_gmt":"2020-12-11T21:21:56","slug":"kosta-sofronijevic-berlinski-zapisi-iz-dva-svetska-rata-priredio-zoran-janjetovic","status":"publish","type":"post","link":"https:\/\/historiografija.hr\/?p=24036","title":{"rendered":"Kosta Sofronijevi\u0107, \u201eBerlinski zapisi iz dva svetska rata\u201c (priredio Zoran Janjetovi\u0107)"},"content":{"rendered":"\n<p>Institut za noviju istoriju Srbije iz Beograda objavio je 2020. godine knjigu Koste Sofronijevi\u0107a \u201eBerlinski zapisi iz dva svetska rata\u201c koju je priredio Zoran Janjetovi\u0107.<\/p>\n\n\n\n<hr class=\"wp-block-separator\"\/>\n\n\n\n<p>KOSTA SOFRONIJEVI\u0106&nbsp; BERLINSKI ZAPISI IZ DVA SVETSKA RATA<\/p>\n\n\n\n<p>O dijaspori sa ovih prostora, do odlaska velikog gastarbajterskog talasa \u0161ezdesetih godina XX veka, postoji malo saznanja. Zapisi \u0161e\u0161ird\u017eijskog radnika Koste Sofronijevi\u0107a nam otkrivaju da je srpska i uop\u0161te ju\u017enoslovenska emigracija u Berlinu bila relativno brojna jo\u0161 pre Prvog svetskog rata. Nije se radilo samo o fizi\u010dkim radnicima, ve\u0107 i o kvalifikovanim zanatlijama koje su \u010desto imale sopstvene radnje, kafed\u017eijama, pa i ponekom vlasniku fabrike. Zapa\u017ea se jo\u0161 jedna pojava koju smo obi\u010dno skloni da vezujemo za novije vreme \u2013 me\u0161ani brakovi sa Nemicama.<\/p>\n\n\n\n<p>Kostini zapisi o Prvom svetskom ratu sadr\u017ee prikaz \u017eivota jednog \u201eneprijateljskog stranca\u201c me\u0111u Nemcima tokom Velikog rata i potonje revolucije i pru\u017eaju odli\u010dan uvid u pona\u0161anje i razmi\u0161ljanje kako obi\u010dnih ljudi tako i predstavnika vlasti.<\/p>\n\n\n\n<p>Za period Drugog svetskog rata autor nam je ostavio plasti\u010dnu sliku velegrada pod bombama koje uni\u0161tavaju cele gradske \u010detvrti.<\/p>\n\n\n\n<p>Izvori i dodatne informacije:<\/p>\n\n\n\n<p><a href=\"https:\/\/www.inisbgd.co.rs\/lat\/vesti\/9\/2020\/10\/29\/nova-knjiga-dr-zorana-janjetovica.html\">https:\/\/www.inisbgd.co.rs\/lat\/vesti\/9\/2020\/10\/29\/nova-knjiga-dr-zorana-janjetovica.html<\/a><\/p>\n\n\n\n<p><a href=\"https:\/\/www.historiografija.ba\/article.php?id=271\">https:\/\/www.historiografija.ba\/article.php?id=271<\/a><\/p>\n\n\n\n<hr class=\"wp-block-separator\"\/>\n","protected":false},"excerpt":{"rendered":"","protected":false},"author":2,"featured_media":24037,"comment_status":"open","ping_status":"open","sticky":false,"template":"","format":"standard","meta":{"_acf_changed":false,"jetpack_post_was_ever_published":false,"_jetpack_newsletter_access":"","_jetpack_dont_email_post_to_subs":false,"_jetpack_newsletter_tier_id":0,"_jetpack_memberships_contains_paywalled_content":false,"_jetpack_memberships_contains_paid_content":false,"footnotes":"","jetpack_publicize_message":"","jetpack_publicize_feature_enabled":true,"jetpack_social_post_already_shared":true,"jetpack_social_options":{"image_generator_settings":{"template":"highway","default_image_id":0,"font":"","enabled":false},"version":2}},"categories":[8,3],"tags":[],"class_list":["post-24036","post","type-post","status-publish","format-standard","has-post-thumbnail","hentry","category-knjige","category-novosti"],"acf":{"facebook_opis":""},"jetpack_publicize_connections":[],"jetpack_featured_media_url":"https:\/\/i0.wp.com\/historiografija.hr\/wp-content\/uploads\/2020\/12\/Berlinski-zapisi.jpg?fit=450%2C549&ssl=1","jetpack_sharing_enabled":true,"jetpack-related-posts":[],"_links":{"self":[{"href":"https:\/\/historiografija.hr\/index.php?rest_route=\/wp\/v2\/posts\/24036","targetHints":{"allow":["GET"]}}],"collection":[{"href":"https:\/\/historiografija.hr\/index.php?rest_route=\/wp\/v2\/posts"}],"about":[{"href":"https:\/\/historiografija.hr\/index.php?rest_route=\/wp\/v2\/types\/post"}],"author":[{"embeddable":true,"href":"https:\/\/historiografija.hr\/index.php?rest_route=\/wp\/v2\/users\/2"}],"replies":[{"embeddable":true,"href":"https:\/\/historiografija.hr\/index.php?rest_route=%2Fwp%2Fv2%2Fcomments&post=24036"}],"version-history":[{"count":1,"href":"https:\/\/historiografija.hr\/index.php?rest_route=\/wp\/v2\/posts\/24036\/revisions"}],"predecessor-version":[{"id":24038,"href":"https:\/\/historiografija.hr\/index.php?rest_route=\/wp\/v2\/posts\/24036\/revisions\/24038"}],"wp:featuredmedia":[{"embeddable":true,"href":"https:\/\/historiografija.hr\/index.php?rest_route=\/wp\/v2\/media\/24037"}],"wp:attachment":[{"href":"https:\/\/historiografija.hr\/index.php?rest_route=%2Fwp%2Fv2%2Fmedia&parent=24036"}],"wp:term":[{"taxonomy":"category","embeddable":true,"href":"https:\/\/historiografija.hr\/index.php?rest_route=%2Fwp%2Fv2%2Fcategories&post=24036"},{"taxonomy":"post_tag","embeddable":true,"href":"https:\/\/historiografija.hr\/index.php?rest_route=%2Fwp%2Fv2%2Ftags&post=24036"}],"curies":[{"name":"wp","href":"https:\/\/api.w.org\/{rel}","templated":true}]}}