{"id":24020,"date":"2020-12-10T11:56:46","date_gmt":"2020-12-10T11:56:46","guid":{"rendered":"http:\/\/historiografija.hr\/?p=24020"},"modified":"2022-07-15T14:02:02","modified_gmt":"2022-07-15T14:02:02","slug":"kritika-casopis-za-filozofiju-i-teoriju-drustva-revizija-treba-li-braniti-istoriju","status":"publish","type":"post","link":"https:\/\/historiografija.hr\/?p=24020","title":{"rendered":"\u201eKritika: \u010dasopis za filozofiju i teoriju dru\u0161tva\u201c &#8211; (Re)vizija: treba li braniti istoriju?"},"content":{"rendered":"\n<p>Objavljen je novi broj \u201eKritike: \u010dasopisa za filozofiju i teoriju dru\u0161tva\u201c (God. 1, br. 2, 2020) koji donosi tematski prilog \u201e(Re)vizija: treba li braniti istoriju?\u201c povodom objave deklaracije \u201eOdbranimo istoriju\u201c u kojem sudjeluju Husnija Kamberovi\u0107, Tvrtko Jakovina, Dubravka Stojanovi\u0107, Aleksandar Mileti\u0107, Petar Todorov, Momir Samard\u017ei\u0107, Hrvoje Klasi\u0107, Sr\u0111an Milo\u0161evi\u0107, Goran Vasin i Adnan Preki\u0107.<\/p>\n\n\n\n<hr class=\"wp-block-separator\"\/>\n\n\n\n<p>Prilog je dostupan na sljede\u0107im poveznicama:<\/p>\n\n\n\n<p><a href=\"http:\/\/kritika.instifdt.bg.ac.rs\/index.php\/kc\/article\/view\/39\">http:\/\/kritika.instifdt.bg.ac.rs\/index.php\/kc\/article\/view\/39<\/a><\/p>\n\n\n\n<p><a href=\"http:\/\/kritika.instifdt.bg.ac.rs\/index.php\/kc\/issue\/view\/5\">http:\/\/kritika.instifdt.bg.ac.rs\/index.php\/kc\/issue\/view\/5<\/a><\/p>\n\n\n\n<p><a href=\"https:\/\/www.historiografija.ba\/article.php?id=323\">https:\/\/www.historiografija.ba\/article.php?id=323<\/a><\/p>\n\n\n\n<hr class=\"wp-block-separator\"\/>\n","protected":false},"excerpt":{"rendered":"","protected":false},"author":2,"featured_media":24021,"comment_status":"open","ping_status":"open","sticky":false,"template":"","format":"standard","meta":{"_acf_changed":false,"jetpack_post_was_ever_published":false,"_jetpack_newsletter_access":"","_jetpack_dont_email_post_to_subs":false,"_jetpack_newsletter_tier_id":0,"_jetpack_memberships_contains_paywalled_content":false,"_jetpack_memberships_contains_paid_content":false,"footnotes":"","jetpack_publicize_message":"","jetpack_publicize_feature_enabled":true,"jetpack_social_post_already_shared":true,"jetpack_social_options":{"image_generator_settings":{"template":"highway","default_image_id":0,"font":"","enabled":false},"version":2}},"categories":[21,3,17],"tags":[],"class_list":["post-24020","post","type-post","status-publish","format-standard","has-post-thumbnail","hentry","category-casopisi","category-novosti","category-rasprave"],"acf":{"facebook_opis":""},"jetpack_publicize_connections":[],"jetpack_featured_media_url":"https:\/\/i0.wp.com\/historiografija.hr\/wp-content\/uploads\/2020\/12\/Kritika.jpg?fit=450%2C641&ssl=1","jetpack_sharing_enabled":true,"jetpack-related-posts":[],"_links":{"self":[{"href":"https:\/\/historiografija.hr\/index.php?rest_route=\/wp\/v2\/posts\/24020","targetHints":{"allow":["GET"]}}],"collection":[{"href":"https:\/\/historiografija.hr\/index.php?rest_route=\/wp\/v2\/posts"}],"about":[{"href":"https:\/\/historiografija.hr\/index.php?rest_route=\/wp\/v2\/types\/post"}],"author":[{"embeddable":true,"href":"https:\/\/historiografija.hr\/index.php?rest_route=\/wp\/v2\/users\/2"}],"replies":[{"embeddable":true,"href":"https:\/\/historiografija.hr\/index.php?rest_route=%2Fwp%2Fv2%2Fcomments&post=24020"}],"version-history":[{"count":2,"href":"https:\/\/historiografija.hr\/index.php?rest_route=\/wp\/v2\/posts\/24020\/revisions"}],"predecessor-version":[{"id":24024,"href":"https:\/\/historiografija.hr\/index.php?rest_route=\/wp\/v2\/posts\/24020\/revisions\/24024"}],"wp:featuredmedia":[{"embeddable":true,"href":"https:\/\/historiografija.hr\/index.php?rest_route=\/wp\/v2\/media\/24021"}],"wp:attachment":[{"href":"https:\/\/historiografija.hr\/index.php?rest_route=%2Fwp%2Fv2%2Fmedia&parent=24020"}],"wp:term":[{"taxonomy":"category","embeddable":true,"href":"https:\/\/historiografija.hr\/index.php?rest_route=%2Fwp%2Fv2%2Fcategories&post=24020"},{"taxonomy":"post_tag","embeddable":true,"href":"https:\/\/historiografija.hr\/index.php?rest_route=%2Fwp%2Fv2%2Ftags&post=24020"}],"curies":[{"name":"wp","href":"https:\/\/api.w.org\/{rel}","templated":true}]}}