{"id":2401,"date":"2016-09-06T22:00:05","date_gmt":"2016-09-06T22:00:05","guid":{"rendered":"http:\/\/historiografija.hr\/?p=2401"},"modified":"2016-09-06T22:00:05","modified_gmt":"2016-09-06T22:00:05","slug":"izlozba-kako-zivi-narod-izvjestaj-o-pasivnosti","status":"publish","type":"post","link":"https:\/\/historiografija.hr\/?p=2401","title":{"rendered":"Izlo\u017eba \u201eKako \u017eivi narod \u2013 izvje\u0161taj o pasivnosti\u201c"},"content":{"rendered":"<p class=\"MsoNormal\" align=\"justify\"><b style=\"mso-bidi-font-weight:normal\"><span style=\"font-size:12.0pt;line-height:115%\">MSU Zagreb<\/span><\/b><span style=\"font-size:12.0pt;line-height:115%\"> <\/span><\/p>\n<p class=\"MsoNormal\" align=\"justify\"><span style=\"font-size:12.0pt;line-height:115%\">&nbsp;<\/span><\/p>\n<p class=\"MsoNormal\" align=\"justify\"><span style=\"font-size:12.0pt;line-height:115%\"><a href=\"http:\/\/www.msu.hr\/\">http:\/\/www.msu.hr\/<\/a><\/span><\/p>\n<p class=\"MsoNormal\" align=\"justify\"><span style=\"font-size:12.0pt;line-height:115%\">&nbsp;<\/span><\/p>\n<p class=\"MsoNormal\" align=\"justify\"><span style=\"font-size:12.0pt;line-height:115%\">08\/09\/2016 \u2013 21\/10\/2016<\/span><\/p>\n<p class=\"MsoNormal\" align=\"justify\"><span style=\"font-size:12.0pt;line-height:115%\">&nbsp;<\/span><\/p>\n<p class=\"MsoNormal\" align=\"justify\"><b style=\"mso-bidi-font-weight:normal\"><span style=\"font-size:12.0pt;line-height:115%\">Pou\u010dna izlo\u017eba u osam cjelina, otvorenje 8. 9. 2016. u 20 sati<\/span><\/b><\/p>\n<p class=\"MsoNormal\" align=\"justify\"><b style=\"mso-bidi-font-weight:normal\"><span style=\"font-size:12.0pt;line-height:115%\">&nbsp;<\/span><\/b><\/p>\n<p class=\"MsoNormal\" align=\"justify\"><b style=\"mso-bidi-font-weight:normal\"><span style=\"font-size:12.0pt;line-height:115%\">Kristina Leko i suradnici\/ca<\/span><\/b><\/p>\n<p class=\"MsoNormal\" align=\"justify\"><span style=\"font-size:12.0pt;line-height:115%\">&nbsp;<\/span><\/p>\n<p class=\"MsoNormal\" align=\"justify\"><span style=\"font-size:12.0pt;line-height:115%\">&nbsp;<\/span><\/p>\n<p class=\"MsoNormal\" align=\"justify\"><span style=\"font-size:12.0pt;line-height:115%\">Izlo\u017eba dokumentira i predstavlja osam posve obi\u010dnih obitelji iz Hrvatske. To su ljudi koji marljivo rade i razmjerno skromno \u017eive. Nadahnuta je knjigom Rudolfa Bi\u0107ani\u0107a <i style=\"mso-bidi-font-style:normal\">Kako \u017eivi narod \u2013 \u017divot u pasivnim krajevima<\/i> iz 1936. godine. Taj je ugledni ekonomist pje\u0161ice putovao po pasivnim krajevima Hrvatske (\u0161to je uklju\u010divalo i dijelove BiH) i podrobno bilje\u017eio \u017eivotne prilike i dru\u0161tveno-ekonomske odnose.<\/span><\/p>\n<p class=\"MsoNormal\" align=\"justify\"><span style=\"font-size:12.0pt;line-height:115%\">&nbsp;<\/span><\/p>\n<p class=\"MsoNormal\" align=\"justify\"><span style=\"font-size:12.0pt;line-height:115%\">Osamdeset godina poslije, umjetnica Krstina Leko putuje istim krajevima, od Livna, preko zapadne Hercegovine, Like, Dalmatinske zagore, zale\u0111a i otoka, te razgovara s ljudima i na tragu Bi\u0107ani\u0107a bilje\u017ei \u017eivotne okolnosti stavljaju\u0107i naglasak na rad i ekonomiju, odnosno na aktualne dru\u0161tvene i ekonomske probleme u povijesnoj perspektivi. Izlo\u017eba promi\u0161lja i tra\u017ei rje\u0161enja za situacije pasivnosti kroz razgovore s protagonistima projekta, \u010dlanovima osam obitelji. Kako iza\u0107i iz kruga pasivnosti? Gdje vidimo budu\u0107nost? Koje su psiholo\u0161ke kategorije pasivnosti?<\/span><\/p>\n<p class=\"MsoNormal\" align=\"justify\"><span style=\"font-size:12.0pt;line-height:115%\">&nbsp;<\/span><\/p>\n<p class=\"MsoNormal\" align=\"justify\"><span style=\"font-size:12.0pt;line-height:115%\">U prostoru za povremene izlo\u017ebe MSU-a bit \u0107e 8 tlocrta ku\u0107a iscrtanih na podu. Tlocrti su organizirani tako da je muzejski prostor pretvoren u imaginarno selo.<\/span><\/p>\n<p class=\"MsoNormal\" align=\"justify\"><span style=\"font-size:12.0pt;line-height:115%\">&nbsp;<\/span><\/p>\n<p class=\"MsoNormal\" align=\"justify\"><span style=\"font-size:12.0pt;line-height:115%\">Svaka od osam izlo\u017ebenih cjelina predstavit \u0107e jednu lokalnu mikroekonomsku zajednicu, te kroz razgovor s protagonistima i sudionicima, kriti\u010dki se fokusirati na neiskori\u0161tene gospodarske i prirodne potencijale, slijede\u0107i misao Rudolfa Bi\u0107ani\u0107a koji je bio uvjeren da ljudi najbolje sami znaju \u0161to treba poduzeti kako bi njihovoj zajednici bilo bolje. Bit \u0107e tu i razna gra\u0111a prema odabiru umjetnice i sudionika\/ca projekta (dokumenti, video dokumenti, zvu\u010dna arhiva, namje\u0161taj, osobni predmeti sudionika\/ca) koja predstavljaja \u017eivot obitelji iz osam razli\u010ditih zajednica.<\/span><\/p>\n<p class=\"MsoNormal\" align=\"justify\"><span style=\"font-size:12.0pt;line-height:115%\">&nbsp;<\/span><\/p>\n<p class=\"MsoNormal\" align=\"justify\"><span style=\"font-size:12.0pt;line-height:115%\">Izlo\u017ebu prati za ovu priliku posebno osmi\u0161ljen edukativno-performativni program u okviru kojega \u0107e oko 5000 mladih imati priliku aktivno sudjelovati u razgovorima i raspravama u svrhu razvijanja vlastite vizije boljeg dru\u0161tva i stvaranja zdravijih dru\u0161tveno-ekonomskih odnosa. Uz umjetnicu, taj program osmi\u0161ljavaju kazali\u0161na redateljica Anica Tomi\u0107 i filozofkinja Ankica \u010cakardi\u0107.<\/span><\/p>\n<p class=\"MsoNormal\" align=\"justify\"><span style=\"font-size:12.0pt;line-height:115%\">&nbsp;<\/span><\/p>\n<p class=\"MsoNormal\" align=\"justify\"><span style=\"font-size:12.0pt;line-height:115%\">Izlo\u017eba je dobila posebnu preporuku Ministarstva znanosti i obrazovanja, kao pogodan interdisciplinarni nastavni sadr\u017eaj.<\/span><\/p>\n<p class=\"MsoNormal\" align=\"justify\"><span style=\"font-size:12.0pt;line-height:115%\">&nbsp;<\/span><\/p>\n<p class=\"MsoNormal\" align=\"justify\"><span style=\"font-size:12.0pt;line-height:115%\">Izlo\u017ebu producira Muzej suvremene umjetnosti u suradnji s Umjetni\u010dkom organizacijom Otvoreni likovni pogon Zagreb uz podr\u0161ku Ministarstva kulture RH, Grada Zagreba, te Zaklade Kultura Nova.<\/span><\/p>\n<p class=\"MsoNormal\" align=\"justify\"><span style=\"font-size:12.0pt;line-height:115%\">&nbsp;<\/span><\/p>\n<p class=\"MsoNormal\" align=\"justify\"><b style=\"mso-bidi-font-weight:normal\"><span style=\"font-size:12.0pt;line-height:115%\">Kristina Leko<\/span><\/b><span style=\"font-size:12.0pt;line-height:115%\">, likovna umjetnica ro\u0111ena 1966. u Zagrebu, docentica na Universit\u00e4t der K\u00fcnste Berlin, \u017eivi i radi u Berlinu i Zagrebu. Studirala je grafiku u klasi Miroslava \u0160uteja na Akademiji likovnih umjetnosti u Zagrebu te filozofiju i indologiju na Filozofskom fakultetu Sveu\u010dili\u0161ta u Zagrebu. Poslijediplomski studij zavr\u0161ava na Universit\u00e4t der K\u00fcnste Berlin. Specijalizirala se za dru\u0161tveno anga\u017eiranu, kriti\u010dku i participacijsku umjetnost, te radi u mediju videa, filma, fotografije, teksta i instalacije. U sredi\u0161tu njezina interesa i aktivnosti je dru\u0161tvena interakcija, \u010desto smje\u0161tena u javnom prostoru. Pokrenula je i realizirala nekoliko opse\u017enijih projekata umjetnosti u zajednici u razli\u010ditim zemljama, ve\u0107inom u suradnji sa zakinutim dru\u0161tvenim skupinama. Dobitnica je presti\u017enih nagrada i stipendija a njezina se djela nalaze u javnim muzejskim zbirkama u zemlji i u inozemstvu. \u010cak i oni koji ne prate suvremenu umjetnost sjetit \u0107e se projekta Sir i vrhnje (2002\/06), u kojem je poku\u0161ala obratiti pozornost javnosti i pomo\u0107i zagreba\u010dkim mljekaricama. Kristinine akcije, koje su pratili mediji, instalacija i fotografije mljekarica s kravom ispred Me\u0161trovi\u0107evog paviljona u Zagrebu, imale su odjeka i na slu\u017ebenu politiku.<\/span><\/p>\n<p class=\"MsoNormal\" align=\"justify\"><span style=\"font-size:12.0pt;line-height:115%\">&nbsp;<\/span><\/p>\n<p class=\"MsoNormal\" align=\"justify\"><span style=\"font-size:12.0pt;line-height:115%\">&nbsp;<\/span><\/p>\n<p class=\"MsoNormal\" align=\"justify\"><span style=\"font-size:12.0pt;line-height:115%\"><a href=\"http:\/\/www.kristinaleko.net\/\">http:\/\/www.kristinaleko.net\/<\/a><\/span><\/p>\n<p class=\"MsoNormal\" align=\"justify\"><span style=\"font-size:12.0pt;line-height:115%\">&nbsp;<\/span><\/p>\n<p class=\"MsoNormal\" align=\"justify\"><span style=\"font-size:12.0pt;line-height:115%\">&nbsp;<\/span><\/p>\n<p class=\"MsoNormal\" align=\"justify\"><span style=\"font-size:12.0pt;line-height:115%\">Autorica: Kristina Leko<\/span><\/p>\n<p class=\"MsoNormal\" align=\"justify\"><span style=\"font-size:12.0pt;line-height:115%\">Kustosica: Jasna Jak\u0161i\u0107<\/span><\/p>\n<p class=\"MsoNormal\" align=\"justify\"><span style=\"font-size:12.0pt;line-height:115%\">Asistentica: Ana Bedenko<\/span><\/p>\n<p class=\"MsoNormal\" align=\"justify\"><span style=\"font-size:12.0pt;line-height:115%\">Postav izlo\u017ebe: David Smithson<\/span><\/p>\n<p class=\"MsoNormal\" align=\"justify\"><span style=\"font-size:12.0pt;line-height:115%\">Video produkcija: Kristina Leko i Martin Semen\u010di\u0107<\/span><\/p>\n<p class=\"MsoNormal\" align=\"justify\"><span style=\"font-size:12.0pt;line-height:115%\">Autorica vizualnog identiteta: Sanja Kuzmanovi\u0107<\/span><\/p>\n<p class=\"MsoNormal\" align=\"justify\"><span style=\"font-size:12.0pt;line-height:115%\">Edukativno-performativni program: dr. sc. Ankica \u010cakardi\u0107, Kristina Leko, Anica Tomi\u0107.<\/span><\/p>\n<p class=\"MsoNormal\" align=\"justify\"><span style=\"font-size:12.0pt;line-height:115%\">Koordinatorica edukativno-performativnog programa: dr.sc. Kosjenka Laszlo Klemar, Umjetni\u010dka organizacija Otvoreni likovni pogon<\/span><\/p>\n<p class=\"MsoNormal\" align=\"justify\"><span style=\"font-size:12.0pt;line-height:115%\">Izvo\u0111a\u010di-aktivisti edukativno-performativnog programa: studenti povijesti umjetnosti, muzeologije, sociologije, etnologije\/kulturne antropologije, multimedije, novinarstva, politologije, ekonomije te volonteri<\/span><\/p>\n<p class=\"MsoNormal\" align=\"justify\"><span style=\"font-size:12.0pt;line-height:115%\">Posebni gosti: protagonisti projekta, \u010dlanovi obitelji, istaknuti \u010dlanovi lokalnih zajednica<\/span><\/p>\n<p class=\"MsoNormal\" align=\"justify\"><span style=\"font-size:12.0pt;line-height:115%\">&nbsp;<\/span><\/p>\n<p class=\"MsoNormal\" align=\"justify\"><span style=\"font-size:12.0pt;line-height:115%\">Partneri projekta su: Filozofski fakultet Sveu\u010dili\u0161ta u Zagrebu (Odsjek za povijest umjetnosti, Odsjek za sociologiju, Odsjek za informacijske i komunikacijske znanosti, Odsjek za etnologiju i kulturnu antropologiju), Sveu\u010dili\u0161te Sjever, Gradski muzej Vukovar, Muzej likovnih umjetnosti u Osijeku, Hrvatski filmski savez (lista partnera bit \u0107e nadopunjena).<\/span><\/p>\n<p class=\"MsoNormal\" align=\"justify\"><span style=\"font-size:12.0pt;line-height:115%\">&nbsp;<\/span><\/p>\n<p class=\"MsoNormal\" align=\"justify\"><span style=\"font-size:12.0pt;line-height:115%\">&#8212;<\/span><\/p>\n<p class=\"MsoNormal\" align=\"justify\"><span style=\"font-size:12.0pt;line-height:115%\">&nbsp;<\/span><\/p>\n<p class=\"MsoNormal\" align=\"justify\"><b style=\"mso-bidi-font-weight:normal\"><span style=\"font-size:12.0pt;line-height:115%\">Dodatne informacije:<\/span><\/b><\/p>\n<p class=\"MsoNormal\" align=\"justify\"><span style=\"font-size:12.0pt;line-height:115%\">&nbsp;<\/span><\/p>\n<p class=\"MsoNormal\" align=\"justify\"><span style=\"font-size:12.0pt;line-height:115%\"><a href=\"http:\/\/www.tportal.hr\/kultura\/kulturmiks\/441306\/Kristina-Leko-kroz-osam-obitelji-razgolitila-hrvatsko-drustvo.html\">http:\/\/www.tportal.hr\/kultura\/kulturmiks\/441306\/Kristina-Leko-kroz-osam-obitelji-razgolitila-hrvatsko-drustvo.html<\/a><\/span><\/p>\n<p class=\"MsoNormal\" align=\"justify\"><span style=\"font-size:12.0pt;line-height:115%\">&nbsp;<\/span><\/p>\n<p class=\"MsoNormal\" align=\"justify\"><span style=\"font-size:12.0pt;line-height:115%\"><a href=\"http:\/\/www.jutarnji.hr\/kultura\/art\/sto-se-u-80-godina-promijenilo-u-zivotu-hrvata-kako-zivi-narod-izvjestaj-o-pasivnosti\/4628603\/\">http:\/\/www.jutarnji.hr\/kultura\/art\/sto-se-u-80-godina-promijenilo-u-zivotu-hrvata-kako-zivi-narod-izvjestaj-o-pasivnosti\/4628603\/<\/a><\/span><\/p>\n<p class=\"MsoNormal\" align=\"justify\"><span style=\"font-size:12.0pt;line-height:115%\">&nbsp;<\/span><\/p>\n<p class=\"MsoNormal\"><span style=\"font-size:12.0pt;line-height:115%\">http:\/\/www.portalnovosti.com\/kristina-leko-fali-nam-ekonomske-mudrosti<\/span><\/p>\n<p class=\"MsoNormal\"><span style=\"font-size:12.0pt;line-height:115%\"><br \/><\/span><\/p>\n<p class=\"MsoNormal\">\n<style> <!--  \/* Font Definitions *\/  @font-face \t{font-family:Calibri; \tpanose-1:2 15 5 2 2 2 4 3 2 4; \tmso-font-charset:238; \tmso-generic-font-family:swiss; \tmso-font-pitch:variable; \tmso-font-signature:-1610611985 1073750139 0 0 159 0;}  \/* Style Definitions *\/  p.MsoNormal, li.MsoNormal, div.MsoNormal \t{mso-style-unhide:no; \tmso-style-qformat:yes; \tmso-style-parent:\"\"; \tmargin-top:0cm; \tmargin-right:0cm; \tmargin-bottom:10.0pt; \tmargin-left:0cm; \tline-height:115%; \tmso-pagination:widow-orphan; \tfont-size:11.0pt; \tfont-family:\"Calibri\",\"sans-serif\"; \tmso-ascii-font-family:Calibri; \tmso-ascii-theme-font:minor-latin; \tmso-fareast-font-family:Calibri; \tmso-fareast-theme-font:minor-latin; \tmso-hansi-font-family:Calibri; \tmso-hansi-theme-font:minor-latin; \tmso-bidi-font-family:\"Times New Roman\"; \tmso-bidi-theme-font:minor-bidi; \tmso-fareast-language:EN-US;} .MsoChpDefault \t{mso-style-type:export-only; \tmso-default-props:yes; \tmso-ascii-font-family:Calibri; \tmso-ascii-theme-font:minor-latin; \tmso-fareast-font-family:Calibri; \tmso-fareast-theme-font:minor-latin; \tmso-hansi-font-family:Calibri; \tmso-hansi-theme-font:minor-latin; \tmso-bidi-font-family:\"Times New Roman\"; \tmso-bidi-theme-font:minor-bidi; \tmso-fareast-language:EN-US;} .MsoPapDefault \t{mso-style-type:export-only; \tmargin-bottom:10.0pt; \tline-height:115%;} @page Section1 \t{size:612.0pt 792.0pt; \tmargin:70.85pt 70.85pt 70.85pt 70.85pt; \tmso-header-margin:36.0pt; \tmso-footer-margin:36.0pt; \tmso-paper-source:0;} div.Section1 \t{page:Section1;} --> <\/style>\n<\/p>\n<p class=\"MsoNormal\">http:\/\/www.forum.tm\/vijesti\/zanima-li-politicare-kako-zivi-narod-4751<\/p>\n<p class=\"MsoNormal\"><span style=\"font-size:12.0pt;line-height:115%\"><\/span><\/p>\n<p class=\"MsoNormal\"><span style=\"font-size:12.0pt;line-height:115%\"><br \/><\/span><\/p>\n<p class=\"MsoNormal\"><span style=\"font-size:12.0pt;line-height:115%\"><br \/><\/span><\/p>\n<p class=\"MsoNormal\"><span style=\"font-size:12.0pt;line-height:115%\"><br \/><\/span><\/p>\n<p class=\"MsoNormal\"><span style=\"font-size:12.0pt;line-height:115%\">&nbsp;<\/span><\/p>\n<p class=\"MsoNormal\"><span style=\"font-size:12.0pt;line-height:115%\">&nbsp;<\/span><\/p>\n","protected":false},"excerpt":{"rendered":"","protected":false},"author":1,"featured_media":0,"comment_status":"open","ping_status":"open","sticky":false,"template":"","format":"standard","meta":{"_acf_changed":false,"jetpack_post_was_ever_published":false,"_jetpack_newsletter_access":"","_jetpack_dont_email_post_to_subs":false,"_jetpack_newsletter_tier_id":0,"_jetpack_memberships_contains_paywalled_content":false,"_jetpack_memberships_contains_paid_content":false,"footnotes":"","jetpack_publicize_message":"","jetpack_publicize_feature_enabled":true,"jetpack_social_post_already_shared":false,"jetpack_social_options":{"image_generator_settings":{"template":"highway","default_image_id":0,"font":"","enabled":false},"version":2}},"categories":[3],"tags":[],"class_list":["post-2401","post","type-post","status-publish","format-standard","hentry","category-novosti"],"acf":{"facebook_opis":""},"jetpack_publicize_connections":[],"jetpack_featured_media_url":"","jetpack_sharing_enabled":true,"jetpack-related-posts":[{"id":52511,"url":"https:\/\/historiografija.hr\/?p=52511","url_meta":{"origin":2401,"position":0},"title":"Izlo\u017eba &#8220;Lica Sljemena&#8221;","author":"Branimir Jankovi\u0107","date":"17. travnja 2026.","format":false,"excerpt":"Srda\u010dno vas pozivamo na otvorenje izlo\u017ebe Lica Sljemena koje \u0107e se odr\u017eati u srijedu 22. travnja 2026. u 18 h ispred Muzeja Prigorja (Trg Dragutina Domjani\u0107a 5, Sesvete). Izlo\u017eba proizlazi iz istra\u017eivanja Nevene \u0160krbi\u0107 Alempijevi\u0107, Petre Kelemen i Sanje Potkonjak te intervjua sa Sljemena\u0161icama i Sljemena\u0161ima, koji su provedeni u\u2026","rel":"","context":"U &quot;Izlo\u017ebe&quot;","block_context":{"text":"Izlo\u017ebe","link":"https:\/\/historiografija.hr\/?cat=10"},"img":{"alt_text":"","src":"https:\/\/i0.wp.com\/historiografija.hr\/wp-content\/uploads\/2026\/04\/Izlozba-Lica-Sljemena.png?fit=1080%2C686&ssl=1&resize=350%2C200","width":350,"height":200,"srcset":"https:\/\/i0.wp.com\/historiografija.hr\/wp-content\/uploads\/2026\/04\/Izlozba-Lica-Sljemena.png?fit=1080%2C686&ssl=1&resize=350%2C200 1x, https:\/\/i0.wp.com\/historiografija.hr\/wp-content\/uploads\/2026\/04\/Izlozba-Lica-Sljemena.png?fit=1080%2C686&ssl=1&resize=525%2C300 1.5x, https:\/\/i0.wp.com\/historiografija.hr\/wp-content\/uploads\/2026\/04\/Izlozba-Lica-Sljemena.png?fit=1080%2C686&ssl=1&resize=700%2C400 2x, https:\/\/i0.wp.com\/historiografija.hr\/wp-content\/uploads\/2026\/04\/Izlozba-Lica-Sljemena.png?fit=1080%2C686&ssl=1&resize=1050%2C600 3x"},"classes":[]},{"id":52575,"url":"https:\/\/historiografija.hr\/?p=52575","url_meta":{"origin":2401,"position":1},"title":"Izlo\u017eba dje\u010djih radova \u201cU po\u010detku bija\u0161e crte\u017e\u2026\u201d","author":"Branimir Jankovi\u0107","date":"21. travnja 2026.","format":false,"excerpt":"U subotu, 25. travnja 2026. u 11 sati u Galeriji Klovi\u0107evi dvori sve\u010dano otvaramo izlo\u017ebu dje\u010djih radova pod nazivom U po\u010detku bija\u0161e crte\u017e\u2026 Radovi su nastali u sklopu likovnih radionica uz izlo\u017ebu U po\u010detku bija\u0161e kraljevstvo \u2013 izlo\u017eba povodom 1100 godina Hrvatskoga Kraljevstva. Na brojnim likovnim radionicama, uz \u0161kolsku djecu,\u2026","rel":"","context":"U &quot;Izlo\u017ebe&quot;","block_context":{"text":"Izlo\u017ebe","link":"https:\/\/historiografija.hr\/?cat=10"},"img":{"alt_text":"","src":"https:\/\/i0.wp.com\/historiografija.hr\/wp-content\/uploads\/2025\/10\/Klovicevi_sluzbeni-plakat.png?fit=840%2C1200&ssl=1&resize=350%2C200","width":350,"height":200,"srcset":"https:\/\/i0.wp.com\/historiografija.hr\/wp-content\/uploads\/2025\/10\/Klovicevi_sluzbeni-plakat.png?fit=840%2C1200&ssl=1&resize=350%2C200 1x, https:\/\/i0.wp.com\/historiografija.hr\/wp-content\/uploads\/2025\/10\/Klovicevi_sluzbeni-plakat.png?fit=840%2C1200&ssl=1&resize=525%2C300 1.5x, https:\/\/i0.wp.com\/historiografija.hr\/wp-content\/uploads\/2025\/10\/Klovicevi_sluzbeni-plakat.png?fit=840%2C1200&ssl=1&resize=700%2C400 2x"},"classes":[]},{"id":52760,"url":"https:\/\/historiografija.hr\/?p=52760","url_meta":{"origin":2401,"position":2},"title":"Izlo\u017eba \u201cLo\u0161injski brodovi, njihove zastave i ljudi\u201d, 4. svibnja u 19h","author":"Filip \u0160imunjak","date":"30. travnja 2026.","format":false,"excerpt":"Hrvatski pomorski muzej Split, Glagolja\u0161a 18 (Tvr\u0111ava Gripe) Nakon \u0161to je u rujnu 2025. godine na otoku Lo\u0161inju, u suradnji Lo\u0161injskog muzeja i Hrvatskog pomorskog muzeja Split, predstavljena izlo\u017eba posve\u0107ena bogatoj pomorskoj ba\u0161tini otoka, njezino pro\u0161ireno izdanje postavlja se u Splitu. Uo\u010di blagdana svetog Dujma splitskoj \u0107e se publici predstaviti\u2026","rel":"","context":"U &quot;Izlo\u017ebe&quot;","block_context":{"text":"Izlo\u017ebe","link":"https:\/\/historiografija.hr\/?cat=10"},"img":{"alt_text":"","src":"https:\/\/i0.wp.com\/historiografija.hr\/wp-content\/uploads\/2026\/04\/Losinjski-brodovi-Izlozba-1-scaled.webp?fit=840%2C1200&ssl=1&resize=350%2C200","width":350,"height":200,"srcset":"https:\/\/i0.wp.com\/historiografija.hr\/wp-content\/uploads\/2026\/04\/Losinjski-brodovi-Izlozba-1-scaled.webp?fit=840%2C1200&ssl=1&resize=350%2C200 1x, https:\/\/i0.wp.com\/historiografija.hr\/wp-content\/uploads\/2026\/04\/Losinjski-brodovi-Izlozba-1-scaled.webp?fit=840%2C1200&ssl=1&resize=525%2C300 1.5x, https:\/\/i0.wp.com\/historiografija.hr\/wp-content\/uploads\/2026\/04\/Losinjski-brodovi-Izlozba-1-scaled.webp?fit=840%2C1200&ssl=1&resize=700%2C400 2x"},"classes":[]},{"id":52505,"url":"https:\/\/historiografija.hr\/?p=52505","url_meta":{"origin":2401,"position":3},"title":"Izlo\u017eba &#8220;Eschenstock \/ Jasenov prut&#8221;","author":"Branimir Jankovi\u0107","date":"17. travnja 2026.","format":false,"excerpt":"Srpsko narodno vije\u0107e (SNV) i Vizura aperta postavljaju izlo\u017ebu \u0161vicarskog slikara Velimira Ili\u0161evi\u0107a: Eschenstock \/ Jasenov prut. Izlo\u017eba se uz prisustvo autora otvara povodom 81. godi\u0161njice proboja logora\u0161a iz usta\u0161kog logora smrti Jasenovac 22. aprila 2026. u 19 sati u Srpskom kulturnom centru (SKC) u Preradovi\u0107evoj ulici 21 u Zagrebu.\u2026","rel":"","context":"U &quot;Izlo\u017ebe&quot;","block_context":{"text":"Izlo\u017ebe","link":"https:\/\/historiografija.hr\/?cat=10"},"img":{"alt_text":"","src":"https:\/\/i0.wp.com\/historiografija.hr\/wp-content\/uploads\/2026\/04\/Jasenov_prut.jpg?fit=1024%2C640&ssl=1&resize=350%2C200","width":350,"height":200,"srcset":"https:\/\/i0.wp.com\/historiografija.hr\/wp-content\/uploads\/2026\/04\/Jasenov_prut.jpg?fit=1024%2C640&ssl=1&resize=350%2C200 1x, https:\/\/i0.wp.com\/historiografija.hr\/wp-content\/uploads\/2026\/04\/Jasenov_prut.jpg?fit=1024%2C640&ssl=1&resize=525%2C300 1.5x, https:\/\/i0.wp.com\/historiografija.hr\/wp-content\/uploads\/2026\/04\/Jasenov_prut.jpg?fit=1024%2C640&ssl=1&resize=700%2C400 2x"},"classes":[]},{"id":52666,"url":"https:\/\/historiografija.hr\/?p=52666","url_meta":{"origin":2401,"position":4},"title":"Najava programa Festivala povijesti Kliofest (5-8. V. 2026)","author":"Branimir Jankovi\u0107","date":"24. travnja 2026.","format":false,"excerpt":"Po trinaesti put odr\u017eava se Festival povijesti Kliofest! Do petka \u0107emo odr\u017eati osam okruglih stolova i dva kolokvija te niz predstavljanja knjiga i projekata razli\u010dite tematike, od antike do suvremenosti. Bit \u0107e predstavljeno i nekoliko izlo\u017ebi te odr\u017ean jedan povijesni kviz. Prikazat \u0107emo i jedan film \u2013 o generalu Boroevi\u0107u.\u2026","rel":"","context":"U &quot;Novosti&quot;","block_context":{"text":"Novosti","link":"https:\/\/historiografija.hr\/?cat=3"},"img":{"alt_text":"","src":"https:\/\/i0.wp.com\/historiografija.hr\/wp-content\/uploads\/2026\/04\/Kliofest-2026.jpg?fit=526%2C526&ssl=1&resize=350%2C200","width":350,"height":200,"srcset":"https:\/\/i0.wp.com\/historiografija.hr\/wp-content\/uploads\/2026\/04\/Kliofest-2026.jpg?fit=526%2C526&ssl=1&resize=350%2C200 1x, https:\/\/i0.wp.com\/historiografija.hr\/wp-content\/uploads\/2026\/04\/Kliofest-2026.jpg?fit=526%2C526&ssl=1&resize=525%2C300 1.5x"},"classes":[]},{"id":52613,"url":"https:\/\/historiografija.hr\/?p=52613","url_meta":{"origin":2401,"position":5},"title":"No\u0107 knjige u Hrvatskom dr\u017eavnom arhivu","author":"Branimir Jankovi\u0107","date":"22. travnja 2026.","format":false,"excerpt":"Predstavljanje knjige Rajke Bu\u0107in \u201dLije\u010denje i zbrinjavanje \u017didova u Bolnici sestara milosrdnica u Zagrebu 1941. \u2013 1945.\u201d u \u010detvrtak, 23. travnja 2026. u 13 sati u Hrvatskom dr\u017eavnom arhivu u Zagrebu. Izvor: https:\/\/www.arhiv.hr\/hr-hr\/Kulturno-prosvjetne-aktivnosti\/ArticleId\/1986\/oamid\/1633","rel":"","context":"U &quot;Novosti&quot;","block_context":{"text":"Novosti","link":"https:\/\/historiografija.hr\/?cat=3"},"img":{"alt_text":"","src":"https:\/\/i0.wp.com\/historiografija.hr\/wp-content\/uploads\/2026\/04\/noc_knjige_2026.jpg?fit=680%2C276&ssl=1&resize=350%2C200","width":350,"height":200,"srcset":"https:\/\/i0.wp.com\/historiografija.hr\/wp-content\/uploads\/2026\/04\/noc_knjige_2026.jpg?fit=680%2C276&ssl=1&resize=350%2C200 1x, https:\/\/i0.wp.com\/historiografija.hr\/wp-content\/uploads\/2026\/04\/noc_knjige_2026.jpg?fit=680%2C276&ssl=1&resize=525%2C300 1.5x"},"classes":[]}],"_links":{"self":[{"href":"https:\/\/historiografija.hr\/index.php?rest_route=\/wp\/v2\/posts\/2401","targetHints":{"allow":["GET"]}}],"collection":[{"href":"https:\/\/historiografija.hr\/index.php?rest_route=\/wp\/v2\/posts"}],"about":[{"href":"https:\/\/historiografija.hr\/index.php?rest_route=\/wp\/v2\/types\/post"}],"author":[{"embeddable":true,"href":"https:\/\/historiografija.hr\/index.php?rest_route=\/wp\/v2\/users\/1"}],"replies":[{"embeddable":true,"href":"https:\/\/historiografija.hr\/index.php?rest_route=%2Fwp%2Fv2%2Fcomments&post=2401"}],"version-history":[{"count":0,"href":"https:\/\/historiografija.hr\/index.php?rest_route=\/wp\/v2\/posts\/2401\/revisions"}],"wp:attachment":[{"href":"https:\/\/historiografija.hr\/index.php?rest_route=%2Fwp%2Fv2%2Fmedia&parent=2401"}],"wp:term":[{"taxonomy":"category","embeddable":true,"href":"https:\/\/historiografija.hr\/index.php?rest_route=%2Fwp%2Fv2%2Fcategories&post=2401"},{"taxonomy":"post_tag","embeddable":true,"href":"https:\/\/historiografija.hr\/index.php?rest_route=%2Fwp%2Fv2%2Ftags&post=2401"}],"curies":[{"name":"wp","href":"https:\/\/api.w.org\/{rel}","templated":true}]}}