{"id":23995,"date":"2020-12-09T18:18:06","date_gmt":"2020-12-09T18:18:06","guid":{"rendered":"http:\/\/historiografija.hr\/?p=23995"},"modified":"2020-12-09T18:19:15","modified_gmt":"2020-12-09T18:19:15","slug":"znanstveni-simpozij-200-godina-katastra-franje-i-u-istri","status":"publish","type":"post","link":"https:\/\/historiografija.hr\/?p=23995","title":{"rendered":"Znanstveni simpozij &#8220;200 godina Katastra Franje I. u Istri&#8221;"},"content":{"rendered":"\n<p>U petak, 11. prosinca 2020., s po\u010detkom u u 10 sati odr\u017eat \u0107e se virtualni znanstveni simpozij 200 godina Katastra Franje I. u Istri. Organizatori su Istarsko povijesno dru\u0161tvo, Centar za interdisciplinarna arheolo\u0161ka istra\u017eivanja krajolika i Gradska knji\u017enica i \u010ditaonica Pula.<\/p>\n\n\n\n<p>Katastar Franje I., iako ponajprije izra\u0111en u porezne svrhe, zbog svojeg&nbsp; opsega i raznovrsnosti podataka postao je nezaobilazan izvor za&nbsp; prou\u010davanje 19 stolje\u0107a. Kartografski prikazi odra\u017eavaju detaljan&nbsp; preslik prostora onoga vremena s informacijama o izgra\u0111enim objektima te&nbsp; plodnim, \u0161umovitim, ali i neplodnim zemlji\u0161tima koja nisu podlijegala&nbsp; porezu. Kartografsku gra\u0111u prate bogati pisani elaborati koji daju uvid&nbsp; u vlasni\u010dku strukturu. Zbog obilja podataka koje donosi, katastar privla\u010di cijeli niz istra\u017eiva\u010da koji se njime bave iz razli\u010ditih&nbsp; perspektiva: geografske, ekonomske, agronomske, demografske,&nbsp; pravno-nasljedne i drugih.<\/p>\n\n\n\n<p>Na simpoziju \u0107e biti predstavljeno \u0161est izlaganja autora koji u svojim&nbsp; istra\u017eivanjima koriste Katastar Franje I. Detaljan program nalazi se u prilogu.<\/p>\n\n\n\n<p>Tehni\u010dki podatci doga\u0111anja:<\/p>\n\n\n\n<p>Datum: petak, 11. prosinca 2020.<br>Trajanje: 10:00 \u2013 12:30 h<br>Lokacija: ZOOM platforma<br>Join Zoom Meeting<br><a href=\"https:\/\/us02web.zoom.us\/j\/86206918296?pwd=Sm9MQjFTZ0hGbWg0QnhwMGowQVJZZz09\" target=\"_blank\" rel=\"noreferrer noopener\">https:\/\/us02web.zoom.us\/j\/86206918296?pwd=Sm9MQjFTZ0hGbWg0QnhwMGowQVJZZz09<\/a><\/p>\n\n\n\n<p>Meeting ID: 862 0691 8296<br>Passcode: 619364<\/p>\n\n\n\n<p>Za sudjelovanje na ovom doga\u0111anju nije potrebno preuzimati ZOOM&nbsp; aplikaciju, dovoljno je koristiti web preglednik (preporu\u010damo Chrome).&nbsp; Doga\u0111anju se pristupa \u201eklikanjem\u201c na \u201eJoin a meeting\u201c. Prilikom ulaska&nbsp; na sastanak, zvuk i video Va\u0161eg profila \u0107e biti isklju\u010deni te ljubazno&nbsp; molimo da ostavite upaljenu opciju \u201eMute\u201c kako ne bi dolazilo do&nbsp; kakofonije, dok je kori\u0161tenje videa opcionalno.<\/p>\n\n\n\n<p><a href=\"http:\/\/ipd-ssi.hr\/wp-content\/uploads\/2020\/12\/KATASTAR_INVITE.pdf\">Pozivnica i program<\/a><\/p>\n\n\n\n<p>Izvori i dodatne informacije:<\/p>\n\n\n\n<p><a href=\"http:\/\/ipd-ssi.hr\/?p=15513\">http:\/\/ipd-ssi.hr\/?p=15513<\/a><\/p>\n\n\n\n<p><a href=\"https:\/\/gkc-pula.hr\/hr\/dogadanja\/?post_id=2384&amp;post_slug=znanstveni-simpozij-200-godina-katastra-franje-i-u-istri\">https:\/\/gkc-pula.hr\/hr\/dogadanja\/?post_id=2384&amp;post_slug=znanstveni-simpozij-200-godina-katastra-franje-i-u-istri<\/a><\/p>\n\n\n\n<p><a href=\"https:\/\/ffpu.unipu.hr\/ffpu\/novosti?@=2f5gc\">https:\/\/ffpu.unipu.hr\/ffpu\/novosti?@=2f5gc<\/a><\/p>\n\n\n\n<p><a href=\"http:\/\/www.regionalexpress.hr\/site\/more\/znanstveni-simpozij-200-godina-katastra-franje-i.-u-istri\">http:\/\/www.regionalexpress.hr\/site\/more\/znanstveni-simpozij-200-godina-katastra-franje-i.-u-istri<\/a><\/p>\n\n\n\n<hr class=\"wp-block-separator\"\/>\n","protected":false},"excerpt":{"rendered":"","protected":false},"author":2,"featured_media":23996,"comment_status":"open","ping_status":"open","sticky":false,"template":"","format":"standard","meta":{"_acf_changed":false,"jetpack_post_was_ever_published":false,"_jetpack_newsletter_access":"","_jetpack_dont_email_post_to_subs":false,"_jetpack_newsletter_tier_id":0,"_jetpack_memberships_contains_paywalled_content":false,"_jetpack_memberships_contains_paid_content":false,"footnotes":"","jetpack_publicize_message":"","jetpack_publicize_feature_enabled":true,"jetpack_social_post_already_shared":true,"jetpack_social_options":{"image_generator_settings":{"template":"highway","default_image_id":0,"font":"","enabled":false},"version":2}},"categories":[3,9],"tags":[],"class_list":["post-23995","post","type-post","status-publish","format-standard","has-post-thumbnail","hentry","category-novosti","category-skupovi"],"acf":{"facebook_opis":""},"jetpack_publicize_connections":[],"jetpack_featured_media_url":"https:\/\/i0.wp.com\/historiografija.hr\/wp-content\/uploads\/2020\/12\/Katastar.png?fit=512%2C282&ssl=1","jetpack_sharing_enabled":true,"jetpack-related-posts":[],"_links":{"self":[{"href":"https:\/\/historiografija.hr\/index.php?rest_route=\/wp\/v2\/posts\/23995","targetHints":{"allow":["GET"]}}],"collection":[{"href":"https:\/\/historiografija.hr\/index.php?rest_route=\/wp\/v2\/posts"}],"about":[{"href":"https:\/\/historiografija.hr\/index.php?rest_route=\/wp\/v2\/types\/post"}],"author":[{"embeddable":true,"href":"https:\/\/historiografija.hr\/index.php?rest_route=\/wp\/v2\/users\/2"}],"replies":[{"embeddable":true,"href":"https:\/\/historiografija.hr\/index.php?rest_route=%2Fwp%2Fv2%2Fcomments&post=23995"}],"version-history":[{"count":2,"href":"https:\/\/historiografija.hr\/index.php?rest_route=\/wp\/v2\/posts\/23995\/revisions"}],"predecessor-version":[{"id":23998,"href":"https:\/\/historiografija.hr\/index.php?rest_route=\/wp\/v2\/posts\/23995\/revisions\/23998"}],"wp:featuredmedia":[{"embeddable":true,"href":"https:\/\/historiografija.hr\/index.php?rest_route=\/wp\/v2\/media\/23996"}],"wp:attachment":[{"href":"https:\/\/historiografija.hr\/index.php?rest_route=%2Fwp%2Fv2%2Fmedia&parent=23995"}],"wp:term":[{"taxonomy":"category","embeddable":true,"href":"https:\/\/historiografija.hr\/index.php?rest_route=%2Fwp%2Fv2%2Fcategories&post=23995"},{"taxonomy":"post_tag","embeddable":true,"href":"https:\/\/historiografija.hr\/index.php?rest_route=%2Fwp%2Fv2%2Ftags&post=23995"}],"curies":[{"name":"wp","href":"https:\/\/api.w.org\/{rel}","templated":true}]}}