{"id":23987,"date":"2020-12-09T17:52:08","date_gmt":"2020-12-09T17:52:08","guid":{"rendered":"http:\/\/historiografija.hr\/?p=23987"},"modified":"2020-12-09T17:52:08","modified_gmt":"2020-12-09T17:52:08","slug":"znanstveni-skup-sv-jeronim-u-hrvatskoj-povijesti-kulturi-i-tradiciji","status":"publish","type":"post","link":"https:\/\/historiografija.hr\/?p=23987","title":{"rendered":"Znanstveni skup \u201eSv. Jeronim u hrvatskoj povijesti, kulturi i tradiciji\u201c"},"content":{"rendered":"\n<p>Fakultet hrvatskih studija Sveu\u010dili\u0161ta u Zagrebu organizira znanstveni skup pod nazivom \u201eSv. Jeronim u hrvatskoj povijesti, kulturi i tradiciji\u201c. Skup \u0107e biti odr\u017ean 11. prosinca 2020. godine od 10.00 sati u dvorani Zagreb na Sveu\u010dili\u0161nome kampusu Borongaj uz strogo pridr\u017eavanje protuepidemijskih mjera. Organizatori \u0107e omogu\u0107iti videoprijenos skupa u\u017eivo putem YouTube kanala.<\/p>\n\n\n\n<p>Ususret obljetnici jedne od najznamenitijih osoba crkvene povijesti, svetoga Jeronima Dalmatinca (Stridon, oko 347. \u2013 Betlehem, 30. IX. 420.) potrebno je i na nacionalnoj kulturnoj i znanstvenoj sceni pokrenuti raspravu i dopuniti do sada dostupne spoznaje. &nbsp;<\/p>\n\n\n\n<p>Fakultet hrvatskih studija, stoga, povodom Dana Fakulteta i 1600. godi\u0161njice sve\u010deve smrti, 11. prosinca 2020., organizira jednodnevni znanstveni skup na kojem \u0107e se na interdisciplinaran na\u010din iznova osvijetliti \u017eivot i djelo Sveca za kojega Vatroslav Jagi\u0107 ka\u017ee da je \u201ena\u0161 Dalmatin, on je dika, po\u0161ten\u2019je i slava i svitla kruna harvackoga jazika\u201c. Na skupu \u0107e sudjelovati znanstvenici i poznavatelji \u017eivota i djela svetoga Jeronima, kao i nastavnici sa Fakulteta hrvatskih studija Sveu\u010dili\u0161ta u Zagrebu.<\/p>\n\n\n\n<p>Organizacijski odbor znanstvenoga skupa \u010dine prof. dr. sc. Stjepan \u0106osi\u0107, izv. prof. dr. sc. Ivo D\u017eini\u0107, prof. emer. dr. sc. Alojz Jembrih, prof. dr. sc. Slobodan Prosperov Novak, prof. dr. sc. Mirjana Matijevi\u0107-Sokol i Petar U\u0161kovi\u0107 Croata, mag. educ. philol. Lat. et Croat. Lat.<\/p>\n\n\n\n<p><a href=\"https:\/\/www.hrstud.unizg.hr\/_news\/40867\/Plakat_Jeronim.pdf\">Plakat skupa<\/a><\/p>\n\n\n\n<p><a href=\"https:\/\/www.hrstud.unizg.hr\/_news\/40867\/Knjizica_sazetaka_Jeronim.pdf\">Knji\u017eica sa\u017eetaka s programom<\/a><\/p>\n\n\n\n<p>Izvor:<\/p>\n\n\n\n<p><a href=\"https:\/\/www.hrstud.unizg.hr\/obavijesti?@=21dmu#news_112402\">https:\/\/www.hrstud.unizg.hr\/obavijesti?@=21dmu#news_112402<\/a><\/p>\n\n\n\n<p><a href=\"https:\/\/www.facebook.com\/hrvatski.studiji\/\">https:\/\/www.facebook.com\/hrvatski.studiji\/<\/a><\/p>\n\n\n\n<hr class=\"wp-block-separator\"\/>\n","protected":false},"excerpt":{"rendered":"","protected":false},"author":2,"featured_media":23988,"comment_status":"open","ping_status":"open","sticky":false,"template":"","format":"standard","meta":{"_acf_changed":false,"jetpack_post_was_ever_published":false,"_jetpack_newsletter_access":"","_jetpack_dont_email_post_to_subs":false,"_jetpack_newsletter_tier_id":0,"_jetpack_memberships_contains_paywalled_content":false,"_jetpack_memberships_contains_paid_content":false,"footnotes":"","jetpack_publicize_message":"","jetpack_publicize_feature_enabled":true,"jetpack_social_post_already_shared":true,"jetpack_social_options":{"image_generator_settings":{"template":"highway","default_image_id":0,"font":"","enabled":false},"version":2}},"categories":[3,9],"tags":[],"class_list":["post-23987","post","type-post","status-publish","format-standard","has-post-thumbnail","hentry","category-novosti","category-skupovi"],"acf":{"facebook_opis":""},"jetpack_publicize_connections":[],"jetpack_featured_media_url":"https:\/\/i0.wp.com\/historiografija.hr\/wp-content\/uploads\/2020\/12\/Jeronim.jpg?fit=630%2C453&ssl=1","jetpack_sharing_enabled":true,"jetpack-related-posts":[],"_links":{"self":[{"href":"https:\/\/historiografija.hr\/index.php?rest_route=\/wp\/v2\/posts\/23987","targetHints":{"allow":["GET"]}}],"collection":[{"href":"https:\/\/historiografija.hr\/index.php?rest_route=\/wp\/v2\/posts"}],"about":[{"href":"https:\/\/historiografija.hr\/index.php?rest_route=\/wp\/v2\/types\/post"}],"author":[{"embeddable":true,"href":"https:\/\/historiografija.hr\/index.php?rest_route=\/wp\/v2\/users\/2"}],"replies":[{"embeddable":true,"href":"https:\/\/historiografija.hr\/index.php?rest_route=%2Fwp%2Fv2%2Fcomments&post=23987"}],"version-history":[{"count":1,"href":"https:\/\/historiografija.hr\/index.php?rest_route=\/wp\/v2\/posts\/23987\/revisions"}],"predecessor-version":[{"id":23989,"href":"https:\/\/historiografija.hr\/index.php?rest_route=\/wp\/v2\/posts\/23987\/revisions\/23989"}],"wp:featuredmedia":[{"embeddable":true,"href":"https:\/\/historiografija.hr\/index.php?rest_route=\/wp\/v2\/media\/23988"}],"wp:attachment":[{"href":"https:\/\/historiografija.hr\/index.php?rest_route=%2Fwp%2Fv2%2Fmedia&parent=23987"}],"wp:term":[{"taxonomy":"category","embeddable":true,"href":"https:\/\/historiografija.hr\/index.php?rest_route=%2Fwp%2Fv2%2Fcategories&post=23987"},{"taxonomy":"post_tag","embeddable":true,"href":"https:\/\/historiografija.hr\/index.php?rest_route=%2Fwp%2Fv2%2Ftags&post=23987"}],"curies":[{"name":"wp","href":"https:\/\/api.w.org\/{rel}","templated":true}]}}