{"id":23985,"date":"2020-12-09T17:44:09","date_gmt":"2020-12-09T17:44:09","guid":{"rendered":"http:\/\/historiografija.hr\/?p=23985"},"modified":"2022-07-15T14:02:18","modified_gmt":"2022-07-15T14:02:18","slug":"nagrada-franjo-markovic-redakciji-casopisa-studenata-povijesti-pro-tempore","status":"publish","type":"post","link":"https:\/\/historiografija.hr\/?p=23985","title":{"rendered":"Nagrada Franjo Markovi\u0107 redakciji \u010dasopisa studenata povijesti Pro tempore"},"content":{"rendered":"\n<p>Nagrada Franjo Markovi\u0107 Filozofskog fakulteta Sveu\u010dili\u0161ta u Zagrebu dodijeljena je redakciji \u010dasopisa studenata povijesti Pro tempore (glavna urednica Mihaela Mari\u0107, Sa\u0161a Vukovi\u0107 kao zamjenik glavnog urednika, te urednici Petar Plasti\u0107, Matea Alti\u0107, Ivan Grke\u0161, Marta Jankovi\u0107, Mario Kati\u0107, Igor Krnjeta, urednici pripravnici Andrija Banovi\u0107, Alen Obrazovi\u0107 i Alen Okre\u0161a) za 14. broj \u010dasopisa Pro tempore iz 2019. godine na prijedlog Odsjeka za povijest.<\/p>\n\n\n\n<p>Izvor:<\/p>\n\n\n\n<p><a href=\"https:\/\/web2020.ffzg.unizg.hr\/blog\/2020\/12\/04\/dodjela-nagrada-i-priznanja-studentima-i-zaposlenicima-fakulteta\/\">https:\/\/web2020.ffzg.unizg.hr\/blog\/2020\/12\/04\/dodjela-nagrada-i-priznanja-studentima-i-zaposlenicima-fakulteta\/<\/a><\/p>\n\n\n\n<hr class=\"wp-block-separator\"\/>\n","protected":false},"excerpt":{"rendered":"","protected":false},"author":2,"featured_media":19051,"comment_status":"open","ping_status":"open","sticky":false,"template":"","format":"standard","meta":{"_acf_changed":false,"jetpack_post_was_ever_published":false,"_jetpack_newsletter_access":"","_jetpack_dont_email_post_to_subs":false,"_jetpack_newsletter_tier_id":0,"_jetpack_memberships_contains_paywalled_content":false,"_jetpack_memberships_contains_paid_content":false,"footnotes":"","jetpack_publicize_message":"","jetpack_publicize_feature_enabled":true,"jetpack_social_post_already_shared":true,"jetpack_social_options":{"image_generator_settings":{"template":"highway","default_image_id":0,"font":"","enabled":false},"version":2}},"categories":[21,3],"tags":[],"class_list":["post-23985","post","type-post","status-publish","format-standard","has-post-thumbnail","hentry","category-casopisi","category-novosti"],"acf":{"facebook_opis":""},"jetpack_publicize_connections":[],"jetpack_featured_media_url":"https:\/\/i0.wp.com\/historiografija.hr\/wp-content\/uploads\/2020\/02\/14-PT.jpg?fit=300%2C424&ssl=1","jetpack_sharing_enabled":true,"jetpack-related-posts":[],"_links":{"self":[{"href":"https:\/\/historiografija.hr\/index.php?rest_route=\/wp\/v2\/posts\/23985","targetHints":{"allow":["GET"]}}],"collection":[{"href":"https:\/\/historiografija.hr\/index.php?rest_route=\/wp\/v2\/posts"}],"about":[{"href":"https:\/\/historiografija.hr\/index.php?rest_route=\/wp\/v2\/types\/post"}],"author":[{"embeddable":true,"href":"https:\/\/historiografija.hr\/index.php?rest_route=\/wp\/v2\/users\/2"}],"replies":[{"embeddable":true,"href":"https:\/\/historiografija.hr\/index.php?rest_route=%2Fwp%2Fv2%2Fcomments&post=23985"}],"version-history":[{"count":1,"href":"https:\/\/historiografija.hr\/index.php?rest_route=\/wp\/v2\/posts\/23985\/revisions"}],"predecessor-version":[{"id":23986,"href":"https:\/\/historiografija.hr\/index.php?rest_route=\/wp\/v2\/posts\/23985\/revisions\/23986"}],"wp:featuredmedia":[{"embeddable":true,"href":"https:\/\/historiografija.hr\/index.php?rest_route=\/wp\/v2\/media\/19051"}],"wp:attachment":[{"href":"https:\/\/historiografija.hr\/index.php?rest_route=%2Fwp%2Fv2%2Fmedia&parent=23985"}],"wp:term":[{"taxonomy":"category","embeddable":true,"href":"https:\/\/historiografija.hr\/index.php?rest_route=%2Fwp%2Fv2%2Fcategories&post=23985"},{"taxonomy":"post_tag","embeddable":true,"href":"https:\/\/historiografija.hr\/index.php?rest_route=%2Fwp%2Fv2%2Ftags&post=23985"}],"curies":[{"name":"wp","href":"https:\/\/api.w.org\/{rel}","templated":true}]}}