{"id":23967,"date":"2020-12-08T14:19:48","date_gmt":"2020-12-08T14:19:48","guid":{"rendered":"http:\/\/historiografija.hr\/?p=23967"},"modified":"2020-12-08T14:19:48","modified_gmt":"2020-12-08T14:19:48","slug":"tvrtko-jakovina-budimir-loncar-od-preka-do-vrha-svijeta-2-dopunjeno-izdanje","status":"publish","type":"post","link":"https:\/\/historiografija.hr\/?p=23967","title":{"rendered":"Tvrtko Jakovina, \u201cBudimir Lon\u010dar. Od Preka do vrha svijeta\u201d, 2. dopunjeno izdanje"},"content":{"rendered":"\n<p>Povjesni\u010dar Tvrtko Jakovina imao je privilegij petnaestak godina razgovarati s posljednjim ministrom vanjskih poslova Jugoslavije, biv\u0161e diplomatske velesile. Razgovarao je i s klju\u010dnim li\u010dnostima drugih, doista \u201cvelikih\u201d, ali i \u201cbiv\u0161ih\u201d velesila, a nakon mukotrpnog rada u mnogim arhivima iza uglednog zagreba\u010dkog povjesni\u010dara ostaje jedinstveni <em>magnum opus<\/em> koji se ne dade svrstati ni u biografiju ni u povijest diplomacije i upravo u toj nemogu\u0107nosti, ali i jedinstvenoj sintezi krije se <em>qualitas occulta<\/em> ove knjige. <em>Budimir Lon\u010dar \u2013 Od Preka do vrha svijeta<\/em> biografija je dalmatinskog partizana, jugoslavenskog diplomata i savjetnika hrvatskih predsjednika, ali i povijest Narodnooslobodila\u010dke borbe, sukoba Tita i Staljina, otvaranja Jugoslavije prema Zapadu, kulturne scene New Yorka pedesetih godina, Indonezije, Pokreta nesvrstanih, Zapadne Njema\u010dke, tragi\u010dnih doga\u0111aja devedesetih godina i naknadnih poku\u0161aja da se prevlada njihovo naslje\u0111e. I povijest i biografija koja se doti\u010de klju\u010dnih li\u010dnosti dvadesetog stolje\u0107a, od Josipa Broza do Mihaila Gorba\u010dova i Georgea Busha, od Ko\u010de Popovi\u0107a preko Sukarna i Henryja Kissingera do Jimmyja Cartera i Ronalda Reagana.<\/p>\n\n\n\n<p>\u201cBudimir Lon\u010dar jedan je od veterana svjetske politike, duboko zabrinut dana\u0161njom situacijom u svijetu. Knjiga Tvrtka Jakovine pru\u017ea uvid u njegov fascinantan \u017eivotni put, veliko diplomatsko i politi\u010dko iskustvo, podrobno pripovijeda o zbivanjima koja su tijekom nekoliko desetlje\u0107a mijenjala izgled svijeta. Zahvaljuju\u0107i zajedni\u010dkim naporima, rezultat tih promjena bio je prekid Hladnog rata i utrke u naoru\u017eanju. Ipak, prilike koje su se tada pru\u017eile uglavnom su propu\u0161tene. Danas, kada se svijet suo\u010dava s novim, opasnim izazovima i ugrozama, Budimir Lon\u010dar nas poziva da razmislimo o njima i vratimo se multilateralnom pristupu svjetskoj politici. Mnoga njegova razmi\u0161ljanja o budu\u0107nosti svijeta istovjetna su mojima.\u201d \u2013 Mihail Gorba\u010dov, generalni sekretar KPSS-a 1985. \u2013 1991.<\/p>\n\n\n\n<p>\u201cBudimir Lon\u010dar je zna\u010dajno ime Pokreta nesvrstanih. On je \u010dovjek principa koji je \u010dvrsto vjerovao u filozofiju nesvrstanih. Kao egipatski ambasador, potom i ministar vanjskih poslova, \u010desto sam sura\u0111ivao s Budimirom Lon\u010darom u rje\u0161avanju mnogih problema kao \u0161to su palestinsko pitanje, izraelsko-arapski sukob, ekonomski razvoj nesvrstanih zemalja, dekolonizacija i afirmacija prava naroda na samoodre\u0111enje, posebno u Africi i Latinskoj Americi. Tada su odnosi izme\u0111u Jugoslavije i Egipta bili toliko intenzivni da su postali primjer suradnje, komplementarnosti i principijelnosti u multilateralnoj diplomaciji. Budimiru Lon\u010daru zahvalan sam na na\u0161em prijateljstvu.\u201d \u2013 Amr Moussa, egipatski ministar vanjskih poslova 1991. \u2013 2001. i glavni tajnik Arapske lige 2001. \u2013 2011.<\/p>\n\n\n\n<p>\u201cBudimir Lon\u010dar imao je va\u017enu ulogu krajem hladnoratovskog razdoblja. Pamte se njegove intervencije iz tog vremena kada je htio izbje\u0107i izbijanje ratnog sukoba, zalo\u017eiv\u0161i se za o\u010duvanje mira.\u201d \u2013 Roland Dumas, francuski ministar vanjskih poslova 1988. \u2013 1993.<\/p>\n\n\n\n<p>Broj stranica: 776<\/p>\n\n\n\n<p>Datum izdanja: studeni 2020.<\/p>\n\n\n\n<p>Izvor: \u00a0<a href=\"https:\/\/fraktura.hr\/budimir-loncar-2-dopunjeno-izdanje.html\">https:\/\/fraktura.hr\/budimir-loncar-2-dopunjeno-izdanje.html<\/a><\/p>\n\n\n\n<hr class=\"wp-block-separator\"\/>\n","protected":false},"excerpt":{"rendered":"","protected":false},"author":2,"featured_media":22621,"comment_status":"open","ping_status":"open","sticky":false,"template":"","format":"standard","meta":{"_acf_changed":false,"jetpack_post_was_ever_published":false,"_jetpack_newsletter_access":"","_jetpack_dont_email_post_to_subs":false,"_jetpack_newsletter_tier_id":0,"_jetpack_memberships_contains_paywalled_content":false,"_jetpack_memberships_contains_paid_content":false,"footnotes":"","jetpack_publicize_message":"","jetpack_publicize_feature_enabled":true,"jetpack_social_post_already_shared":true,"jetpack_social_options":{"image_generator_settings":{"template":"highway","default_image_id":0,"font":"","enabled":false},"version":2}},"categories":[8,3],"tags":[],"class_list":["post-23967","post","type-post","status-publish","format-standard","has-post-thumbnail","hentry","category-knjige","category-novosti"],"acf":{"facebook_opis":""},"jetpack_publicize_connections":[],"jetpack_featured_media_url":"https:\/\/i0.wp.com\/historiografija.hr\/wp-content\/uploads\/2020\/09\/budimir_loncar.jpg?fit=403%2C610&ssl=1","jetpack_sharing_enabled":true,"jetpack-related-posts":[],"_links":{"self":[{"href":"https:\/\/historiografija.hr\/index.php?rest_route=\/wp\/v2\/posts\/23967","targetHints":{"allow":["GET"]}}],"collection":[{"href":"https:\/\/historiografija.hr\/index.php?rest_route=\/wp\/v2\/posts"}],"about":[{"href":"https:\/\/historiografija.hr\/index.php?rest_route=\/wp\/v2\/types\/post"}],"author":[{"embeddable":true,"href":"https:\/\/historiografija.hr\/index.php?rest_route=\/wp\/v2\/users\/2"}],"replies":[{"embeddable":true,"href":"https:\/\/historiografija.hr\/index.php?rest_route=%2Fwp%2Fv2%2Fcomments&post=23967"}],"version-history":[{"count":1,"href":"https:\/\/historiografija.hr\/index.php?rest_route=\/wp\/v2\/posts\/23967\/revisions"}],"predecessor-version":[{"id":23968,"href":"https:\/\/historiografija.hr\/index.php?rest_route=\/wp\/v2\/posts\/23967\/revisions\/23968"}],"wp:featuredmedia":[{"embeddable":true,"href":"https:\/\/historiografija.hr\/index.php?rest_route=\/wp\/v2\/media\/22621"}],"wp:attachment":[{"href":"https:\/\/historiografija.hr\/index.php?rest_route=%2Fwp%2Fv2%2Fmedia&parent=23967"}],"wp:term":[{"taxonomy":"category","embeddable":true,"href":"https:\/\/historiografija.hr\/index.php?rest_route=%2Fwp%2Fv2%2Fcategories&post=23967"},{"taxonomy":"post_tag","embeddable":true,"href":"https:\/\/historiografija.hr\/index.php?rest_route=%2Fwp%2Fv2%2Ftags&post=23967"}],"curies":[{"name":"wp","href":"https:\/\/api.w.org\/{rel}","templated":true}]}}