{"id":23963,"date":"2020-12-07T17:42:51","date_gmt":"2020-12-07T17:42:51","guid":{"rendered":"http:\/\/historiografija.hr\/?p=23963"},"modified":"2020-12-07T17:42:51","modified_gmt":"2020-12-07T17:42:51","slug":"vlado-gotovac-moj-slucaj-7-prosinca-na-hrt-htv-1-u-2010","status":"publish","type":"post","link":"https:\/\/historiografija.hr\/?p=23963","title":{"rendered":"Vlado Gotovac &#8211; Moj slu\u010daj (7. prosinca na HRT \u2013 HTV 1 u 20:10)"},"content":{"rendered":"\n<p><strong>Vlado Gotovac (1930.-2000.) pjesnik, esejist, filozofski pisac, robija\u0161 i politi\u010dar, jedna je od najva\u017enijih hrvatskih javnih li\u010dnosti u drugoj polovici 20. stolje\u0107a.<\/strong><br><br>Tomu unato\u010d Gotov\u010dev \u017eivot i djelo do danas nisu na zadovoljavaju\u0107i na\u010din osvijetljeni i vrednovani, ni u jednoj od svojih bitnih odrednica, poetskoj, esejisti\u010dkoj, filozofskoj i politi\u010dkoj, koje su u Gotov\u010devoj li\u010dnosti bile skladno integrirane.<\/p>\n\n\n\n<p>Poseban problem kod Vlade Gotovca su pitanja odnosa njegove osobnosti i njegovog knji\u017eevnog djela s jedne strane, te s druge \u2013 njega kao javne li\u010dnosti, stradalnika i \u017ertve komunisti\u010dke represije, a potom politi\u010dara, vehementnog govornika itd.<br><br>Na ova i druga pitanja \u017di\u017ei\u0107ev film o Gotovcu odgovara na istinit i uvjerljiv na\u010din, imaju\u0107i na umu da Vlado Gotovac \u2013 po svojoj dosljednosti i strasti za istinom u novijoj hrvatskoj povijesti predstavlja jedinstven primjer koji je te\u0161ko dosegnuti.<br><br>Snimatelji filma iz 2008. godine su&nbsp;<strong>Mario Britvi\u0107 <\/strong>i <strong>Mario Krce<\/strong>, monta\u017eer <strong>Zoltan Wagner,<\/strong> a scenaristi redatelj <strong>Bogdan \u017di\u017ei\u0107 <\/strong>i <strong>Marko Gr\u010di\u0107.<\/strong><\/p>\n\n\n\n<p>Izvor:<strong> \u00a0<\/strong><a href=\"https:\/\/hrtprikazuje.hrt.hr\/22790\/vlado-gotovac-moj-slucaj-2\">https:\/\/hrtprikazuje.hrt.hr\/22790\/vlado-gotovac-moj-slucaj-2<\/a><\/p>\n\n\n\n<hr class=\"wp-block-separator\"\/>\n","protected":false},"excerpt":{"rendered":"","protected":false},"author":2,"featured_media":23964,"comment_status":"open","ping_status":"open","sticky":false,"template":"","format":"standard","meta":{"_acf_changed":false,"jetpack_post_was_ever_published":false,"_jetpack_newsletter_access":"","_jetpack_dont_email_post_to_subs":false,"_jetpack_newsletter_tier_id":0,"_jetpack_memberships_contains_paywalled_content":false,"_jetpack_memberships_contains_paid_content":false,"footnotes":"","jetpack_publicize_message":"","jetpack_publicize_feature_enabled":true,"jetpack_social_post_already_shared":true,"jetpack_social_options":{"image_generator_settings":{"template":"highway","default_image_id":0,"font":"","enabled":false},"version":2}},"categories":[13,3],"tags":[],"class_list":["post-23963","post","type-post","status-publish","format-standard","has-post-thumbnail","hentry","category-filmovi-i-serije","category-novosti"],"acf":{"facebook_opis":""},"jetpack_publicize_connections":[],"jetpack_featured_media_url":"https:\/\/i0.wp.com\/historiografija.hr\/wp-content\/uploads\/2020\/12\/vlado_gotovac.jpg?fit=688%2C388&ssl=1","jetpack_sharing_enabled":true,"jetpack-related-posts":[],"_links":{"self":[{"href":"https:\/\/historiografija.hr\/index.php?rest_route=\/wp\/v2\/posts\/23963","targetHints":{"allow":["GET"]}}],"collection":[{"href":"https:\/\/historiografija.hr\/index.php?rest_route=\/wp\/v2\/posts"}],"about":[{"href":"https:\/\/historiografija.hr\/index.php?rest_route=\/wp\/v2\/types\/post"}],"author":[{"embeddable":true,"href":"https:\/\/historiografija.hr\/index.php?rest_route=\/wp\/v2\/users\/2"}],"replies":[{"embeddable":true,"href":"https:\/\/historiografija.hr\/index.php?rest_route=%2Fwp%2Fv2%2Fcomments&post=23963"}],"version-history":[{"count":1,"href":"https:\/\/historiografija.hr\/index.php?rest_route=\/wp\/v2\/posts\/23963\/revisions"}],"predecessor-version":[{"id":23965,"href":"https:\/\/historiografija.hr\/index.php?rest_route=\/wp\/v2\/posts\/23963\/revisions\/23965"}],"wp:featuredmedia":[{"embeddable":true,"href":"https:\/\/historiografija.hr\/index.php?rest_route=\/wp\/v2\/media\/23964"}],"wp:attachment":[{"href":"https:\/\/historiografija.hr\/index.php?rest_route=%2Fwp%2Fv2%2Fmedia&parent=23963"}],"wp:term":[{"taxonomy":"category","embeddable":true,"href":"https:\/\/historiografija.hr\/index.php?rest_route=%2Fwp%2Fv2%2Fcategories&post=23963"},{"taxonomy":"post_tag","embeddable":true,"href":"https:\/\/historiografija.hr\/index.php?rest_route=%2Fwp%2Fv2%2Ftags&post=23963"}],"curies":[{"name":"wp","href":"https:\/\/api.w.org\/{rel}","templated":true}]}}