{"id":23953,"date":"2020-12-07T16:53:51","date_gmt":"2020-12-07T16:53:51","guid":{"rendered":"http:\/\/historiografija.hr\/?p=23953"},"modified":"2020-12-07T16:53:51","modified_gmt":"2020-12-07T16:53:51","slug":"blaz-torkar-mission-yugoslavia-the-oss-and-the-chetnik-and-partisan-resistance-movements-1943-1945","status":"publish","type":"post","link":"https:\/\/historiografija.hr\/?p=23953","title":{"rendered":"Bla\u017e Torkar, \u201cMission Yugoslavia: The OSS and the Chetnik and Partisan Resistance Movements, 1943\u20131945\u201d"},"content":{"rendered":"\n<p>Focusing on the wartime activities of the U.S. Office of Strategic Services (OSS) in Axis-controlled Yugoslavia during World War II, this book chronicles American policy, plans for sending aid and agents, and the establishment of the first training bases in North Africa and the Mediterranean. OSS missions and field operations with the Chetniks and Partisans are cataloged and analyzed for the first time, along with OSS views on Yugoslav border claims against Italy and Austria, the OSS position on Slovenia in postwar Yugoslavia, and the role of Yugoslavs cooperating within the OSS.<\/p>\n\n\n\n<hr class=\"wp-block-separator\"\/>\n\n\n\n<p><strong>About the Author(s)<\/strong><\/p>\n\n\n\n<p>Bla\u017e Torkar is a research fellow and assistant professor of history. He works at the Military Schools Centre of the Slovenian Armed forces. His research areas include the history of intelligence services, Allied military missions in Yugoslavia during WWII, the Yugoslav People\u2019s Army and Territorial Defense, and the Slovenian War of Independence in 1991.<\/p>\n\n\n\n<hr class=\"wp-block-separator\"\/>\n\n\n\n<p><strong>Bibliographic Details<\/strong><\/p>\n\n\n\n<p>Bla\u017e Torkar<\/p>\n\n\n\n<p>Foreword by Bo\u017eo Repe<\/p>\n\n\n\n<p>Format: softcover (6 x 9)<\/p>\n\n\n\n<p>Pages: 191<\/p>\n\n\n\n<p>Bibliographic Info: 15 photos, notes, bibliography, index<\/p>\n\n\n\n<p>Copyright Date: 2020<\/p>\n\n\n\n<p>pISBN: 978-1-4766-8239-6<\/p>\n\n\n\n<p>eISBN: 978-1-4766-4063-1<\/p>\n\n\n\n<p>Imprint: McFarland<\/p>\n\n\n\n<hr class=\"wp-block-separator\"\/>\n\n\n\n<p><strong>Table of Contents<\/strong><\/p>\n\n\n\n<p>Foreword by Bo\u017eo Repe 1<\/p>\n\n\n\n<p>Preface 3<\/p>\n\n\n\n<p>1.\u2002OSS and the Beginning of the Second World War in Yugoslavia 11<\/p>\n\n\n\n<p>From COI to OSS\u2002\u200211<\/p>\n\n\n\n<p>General Donovan in Yugoslavia\u2002\u200213<\/p>\n\n\n\n<p>The United States, the Coup d\u2019\u00c9tat, and the April Occupation of Yugoslavia\u2002\u200215<\/p>\n\n\n\n<p>2.\u2002OSS in North Africa and the Mediterranean 20<\/p>\n\n\n\n<p>OSS\u2013SOE Agreements and British Primacy in the Balkans\u2002\u200220<\/p>\n\n\n\n<p>OSS Cairo and Bari: Creation of the Yugoslav OSS Section\u2002\u200221<\/p>\n\n\n\n<p>Training Yugoslav and American Agents in Yugoslav OSS Sections in Cairo and Bari\u2002\u200229<\/p>\n\n\n\n<p>3.\u2002OSS Missions in the Chetnik Movement 32<\/p>\n\n\n\n<p>OSS Officers and Missions with the Chetniks\u2002\u200232<\/p>\n\n\n\n<p>The Halyard Mission\u2002\u200235<\/p>\n\n\n\n<p>The Ranger Mission\u2002\u200237<\/p>\n\n\n\n<p>4.\u2002OSS Missions in the Partisan Movement 40<\/p>\n\n\n\n<p>OSS Officers and Missions with the Partisans\u2002\u200240<\/p>\n\n\n\n<p>American Mission at Tito\u2019s Headquarters and the Arrival of the First U.S. Diplomats\u2002\u200247<\/p>\n\n\n\n<p>OSS Missions with Slovenian Partisans\u2002\u200253<\/p>\n\n\n\n<p>5.\u2002The U.S. and the \u00adAnti-Nazi Resistance in Austria 95<\/p>\n\n\n\n<p>Infiltration to Austria\u2002\u200295<\/p>\n\n\n\n<p>The Orchid Team\u2002\u200297<\/p>\n\n\n\n<p>The Maple Mission\u2002\u2002103<\/p>\n\n\n\n<p>The Grady\u2013Mansion Mission\u2002\u2002107<\/p>\n\n\n\n<p>The Dania Mission\u2002\u2002108<\/p>\n\n\n\n<p>The Guthrie Mission, and Other Teams and Individuals\u2002\u2002112<\/p>\n\n\n\n<p>6.\u2002Sabotage on the Dalmatian Islands 115<\/p>\n\n\n\n<p>7.\u2002Slovenians in the U.S. and Their Cooperation with OSS 119<\/p>\n\n\n\n<p>Ivan Marija \u010cok\u2002\u2002123<\/p>\n\n\n\n<p>Louis Adamic\u2002\u2002126<\/p>\n\n\n\n<p>Franc Snoj\u2002\u2002129<\/p>\n\n\n\n<p>Ily Bratina\u2002\u2002132<\/p>\n\n\n\n<p>Andrej Kobal\u2002\u2002132<\/p>\n\n\n\n<p>8.\u2002Vladimir Vauhnik and Connections with OSS 135<\/p>\n\n\n\n<p>9.\u2002Allen Dulles and Connections with Yugoslavia 138<\/p>\n\n\n\n<p>10.\u2002Department of National Security and the Supervision of OSS Agents 140<\/p>\n\n\n\n<p>11.\u2002The Postwar Role of Slovenia Inside the Yugoslav State 144<\/p>\n\n\n\n<p>Conclusion 155<\/p>\n\n\n\n<p>Chapter Notes 159<\/p>\n\n\n\n<p>Bibliography and Primary Sources 172<\/p>\n\n\n\n<p>Index 181<\/p>\n\n\n\n<p><a href=\"https:\/\/mcfarlandbooks.com\/product\/mission-yugoslavia\/\">https:\/\/mcfarlandbooks.com\/product\/mission-yugoslavia\/<\/a><\/p>\n\n\n\n<hr class=\"wp-block-separator\"\/>\n","protected":false},"excerpt":{"rendered":"","protected":false},"author":2,"featured_media":23954,"comment_status":"open","ping_status":"open","sticky":false,"template":"","format":"standard","meta":{"_acf_changed":false,"jetpack_post_was_ever_published":false,"_jetpack_newsletter_access":"","_jetpack_dont_email_post_to_subs":false,"_jetpack_newsletter_tier_id":0,"_jetpack_memberships_contains_paywalled_content":false,"_jetpack_memberships_contains_paid_content":false,"footnotes":"","jetpack_publicize_message":"","jetpack_publicize_feature_enabled":true,"jetpack_social_post_already_shared":true,"jetpack_social_options":{"image_generator_settings":{"template":"highway","default_image_id":0,"font":"","enabled":false},"version":2}},"categories":[8,3],"tags":[],"class_list":["post-23953","post","type-post","status-publish","format-standard","has-post-thumbnail","hentry","category-knjige","category-novosti"],"acf":{"facebook_opis":""},"jetpack_publicize_connections":[],"jetpack_featured_media_url":"https:\/\/i0.wp.com\/historiografija.hr\/wp-content\/uploads\/2020\/12\/Mission-Yugoslavia.jpg?fit=500%2C750&ssl=1","jetpack_sharing_enabled":true,"jetpack-related-posts":[{"id":52520,"url":"https:\/\/historiografija.hr\/?p=52520","url_meta":{"origin":23953,"position":0},"title":"Predstavljanje knjige &#8220;Socialist Economics in Yugoslavia: A Critical History&#8221; u Zagrebu","author":"Branimir Jankovi\u0107","date":"17. travnja 2026.","format":false,"excerpt":"Pozivamo vas na predstavljanje knjige \"Socialist Economics in Yugoslavia: A Critical History\", autora Mislava \u00a0\u017ditka i Marka Grde\u0161i\u0107a (Routledge, 2026). Na predstavljanju \u0107e govoriti Branko Milanovi\u0107 (CUNY), Milica Uvali\u0107 (EUI), Zdravko Petak (FPZG) te autori.\u00a0 Predstavljanje \u0107e se odr\u017eati u srijedu 22. travnja u 16:00 sati na Fakultetu politi\u010dkih znanosti\u2026","rel":"","context":"U &quot;Novosti&quot;","block_context":{"text":"Novosti","link":"https:\/\/historiografija.hr\/?cat=3"},"img":{"alt_text":"","src":"https:\/\/i0.wp.com\/historiografija.hr\/wp-content\/uploads\/2026\/04\/Poziv-na-predstavljanje.png?fit=800%2C652&ssl=1&resize=350%2C200","width":350,"height":200,"srcset":"https:\/\/i0.wp.com\/historiografija.hr\/wp-content\/uploads\/2026\/04\/Poziv-na-predstavljanje.png?fit=800%2C652&ssl=1&resize=350%2C200 1x, https:\/\/i0.wp.com\/historiografija.hr\/wp-content\/uploads\/2026\/04\/Poziv-na-predstavljanje.png?fit=800%2C652&ssl=1&resize=525%2C300 1.5x, https:\/\/i0.wp.com\/historiografija.hr\/wp-content\/uploads\/2026\/04\/Poziv-na-predstavljanje.png?fit=800%2C652&ssl=1&resize=700%2C400 2x"},"classes":[]},{"id":52516,"url":"https:\/\/historiografija.hr\/?p=52516","url_meta":{"origin":23953,"position":1},"title":"Marko Grde\u0161i\u0107, Mislav \u017ditko, \u201eSocialist Economics in Yugoslavia: A Critical History\u201c","author":"Branimir Jankovi\u0107","date":"17. travnja 2026.","format":false,"excerpt":"This book presents a critical history of Yugoslav socialist economics, from its inception in the late 1940s to its dissolution in the late 1980s. After the dramatic break with the Soviet Union in 1948, Yugoslavia found itself in urgent need of a third way: A socialist trajectory which would not\u2026","rel":"","context":"U &quot;Knjige&quot;","block_context":{"text":"Knjige","link":"https:\/\/historiografija.hr\/?cat=8"},"img":{"alt_text":"","src":"https:\/\/i0.wp.com\/historiografija.hr\/wp-content\/uploads\/2026\/04\/Zitko_Grdesic.jpg?fit=350%2C535&ssl=1&resize=350%2C200","width":350,"height":200},"classes":[]},{"id":52580,"url":"https:\/\/historiografija.hr\/?p=52580","url_meta":{"origin":23953,"position":2},"title":"Conference &#8220;Living in the aftermaths: Trauma, politics and survival in Yugoslavia and successor states, 1945 \u2013 present&#8221;","author":"Branimir Jankovi\u0107","date":"21. travnja 2026.","format":false,"excerpt":"The conference aims to explore how war-related psychological distress was experienced, narrated, debated and reframed in Yugoslavia in the second half of the twentieth century. It asks how the theme of wounded psyche and wartime suffering was addressed and acknowledged in political, psychiatric and broader cultural discourses of socialist Yugoslavia,\u2026","rel":"","context":"U &quot;Novosti&quot;","block_context":{"text":"Novosti","link":"https:\/\/historiografija.hr\/?cat=3"},"img":{"alt_text":"","src":"https:\/\/i0.wp.com\/historiografija.hr\/wp-content\/uploads\/2026\/04\/Battle_of_Neretva_Picasso_poster-Conference-Living-in-the-aftermaths.webp?fit=564%2C954&ssl=1&resize=350%2C200","width":350,"height":200,"srcset":"https:\/\/i0.wp.com\/historiografija.hr\/wp-content\/uploads\/2026\/04\/Battle_of_Neretva_Picasso_poster-Conference-Living-in-the-aftermaths.webp?fit=564%2C954&ssl=1&resize=350%2C200 1x, https:\/\/i0.wp.com\/historiografija.hr\/wp-content\/uploads\/2026\/04\/Battle_of_Neretva_Picasso_poster-Conference-Living-in-the-aftermaths.webp?fit=564%2C954&ssl=1&resize=525%2C300 1.5x"},"classes":[]},{"id":52692,"url":"https:\/\/historiografija.hr\/?p=52692","url_meta":{"origin":23953,"position":3},"title":"Florian Bieber \u201eHvar in the Modern Age: Identity and Change in Southeast Europe\u201c","author":"Filip \u0160imunjak","date":"28. travnja 2026.","format":false,"excerpt":"Description\u00a0 In this open-access book, Florian Bieber traces the history of the Adriatic island of Hvar over half a millennium, from the advent of Venetian rule in the 15th century to the end of Yugoslavia in the late 20th century. The history of Hvar tells a larger story about modernity,\u2026","rel":"","context":"U &quot;Knjige&quot;","block_context":{"text":"Knjige","link":"https:\/\/historiografija.hr\/?cat=8"},"img":{"alt_text":"","src":"https:\/\/i0.wp.com\/historiografija.hr\/wp-content\/uploads\/2026\/04\/Florian-Bieber-Hvar-in-the-Modern-Age-Identity-and-Change-in-Southeast-Europe.webp?fit=540%2C810&ssl=1&resize=350%2C200","width":350,"height":200,"srcset":"https:\/\/i0.wp.com\/historiografija.hr\/wp-content\/uploads\/2026\/04\/Florian-Bieber-Hvar-in-the-Modern-Age-Identity-and-Change-in-Southeast-Europe.webp?fit=540%2C810&ssl=1&resize=350%2C200 1x, https:\/\/i0.wp.com\/historiografija.hr\/wp-content\/uploads\/2026\/04\/Florian-Bieber-Hvar-in-the-Modern-Age-Identity-and-Change-in-Southeast-Europe.webp?fit=540%2C810&ssl=1&resize=525%2C300 1.5x"},"classes":[]},{"id":52688,"url":"https:\/\/historiografija.hr\/?p=52688","url_meta":{"origin":23953,"position":4},"title":"Eleonora Naxidou and Yura Konstantinova \u201eBalkan Perspectives of Europe: Between East and West\u201c","author":"Filip \u0160imunjak","date":"28. travnja 2026.","format":false,"excerpt":"Through the lens of the Balkan nations, this volume makes a valuable and significant contribution to the fields of European and Southeast European studies by reconsidering the East\/West dichotomy \u2013 both in terms of the Orient\u2013Occident divide and the Eastern\u2013Western Europe binary. Balkan Perspectives of Europe focuses on concepts of\u2026","rel":"","context":"U &quot;Knjige&quot;","block_context":{"text":"Knjige","link":"https:\/\/historiografija.hr\/?cat=8"},"img":{"alt_text":"","src":"https:\/\/i0.wp.com\/historiografija.hr\/wp-content\/uploads\/2026\/04\/Balkan-Perspectives-of-Europe-Between-East-and-West.jpg?fit=350%2C525&ssl=1&resize=350%2C200","width":350,"height":200},"classes":[]},{"id":52643,"url":"https:\/\/historiografija.hr\/?p=52643","url_meta":{"origin":23953,"position":5},"title":"BRACEWELL TRAVELLING SCHOLARSHIP\u202fFOR PHD STUDENTS (DEADLINE: 30TH APRIL 2026)","author":"Branimir Jankovi\u0107","date":"24. travnja 2026.","format":false,"excerpt":"The Bracewell Travelling Scholarship\u202fis funded by a gift from SSEES Emeritus Professor of History Wendy Bracewell, whose research examines South Slav history, and travel writing in eastern Europe. The Scholarship honours the long tradition of mutual curiosity between the UK and eastern, central and southeastern Europe by supporting PhD students\u2026","rel":"","context":"U &quot;Novosti&quot;","block_context":{"text":"Novosti","link":"https:\/\/historiografija.hr\/?cat=3"},"img":{"alt_text":"","src":"https:\/\/i0.wp.com\/historiografija.hr\/wp-content\/uploads\/2026\/04\/Bracewell-Travelling-Scholarship-.webp?fit=980%2C700&ssl=1&resize=350%2C200","width":350,"height":200,"srcset":"https:\/\/i0.wp.com\/historiografija.hr\/wp-content\/uploads\/2026\/04\/Bracewell-Travelling-Scholarship-.webp?fit=980%2C700&ssl=1&resize=350%2C200 1x, https:\/\/i0.wp.com\/historiografija.hr\/wp-content\/uploads\/2026\/04\/Bracewell-Travelling-Scholarship-.webp?fit=980%2C700&ssl=1&resize=525%2C300 1.5x, https:\/\/i0.wp.com\/historiografija.hr\/wp-content\/uploads\/2026\/04\/Bracewell-Travelling-Scholarship-.webp?fit=980%2C700&ssl=1&resize=700%2C400 2x"},"classes":[]}],"_links":{"self":[{"href":"https:\/\/historiografija.hr\/index.php?rest_route=\/wp\/v2\/posts\/23953","targetHints":{"allow":["GET"]}}],"collection":[{"href":"https:\/\/historiografija.hr\/index.php?rest_route=\/wp\/v2\/posts"}],"about":[{"href":"https:\/\/historiografija.hr\/index.php?rest_route=\/wp\/v2\/types\/post"}],"author":[{"embeddable":true,"href":"https:\/\/historiografija.hr\/index.php?rest_route=\/wp\/v2\/users\/2"}],"replies":[{"embeddable":true,"href":"https:\/\/historiografija.hr\/index.php?rest_route=%2Fwp%2Fv2%2Fcomments&post=23953"}],"version-history":[{"count":1,"href":"https:\/\/historiografija.hr\/index.php?rest_route=\/wp\/v2\/posts\/23953\/revisions"}],"predecessor-version":[{"id":23955,"href":"https:\/\/historiografija.hr\/index.php?rest_route=\/wp\/v2\/posts\/23953\/revisions\/23955"}],"wp:featuredmedia":[{"embeddable":true,"href":"https:\/\/historiografija.hr\/index.php?rest_route=\/wp\/v2\/media\/23954"}],"wp:attachment":[{"href":"https:\/\/historiografija.hr\/index.php?rest_route=%2Fwp%2Fv2%2Fmedia&parent=23953"}],"wp:term":[{"taxonomy":"category","embeddable":true,"href":"https:\/\/historiografija.hr\/index.php?rest_route=%2Fwp%2Fv2%2Fcategories&post=23953"},{"taxonomy":"post_tag","embeddable":true,"href":"https:\/\/historiografija.hr\/index.php?rest_route=%2Fwp%2Fv2%2Ftags&post=23953"}],"curies":[{"name":"wp","href":"https:\/\/api.w.org\/{rel}","templated":true}]}}