{"id":23943,"date":"2020-12-07T16:23:34","date_gmt":"2020-12-07T16:23:34","guid":{"rendered":"http:\/\/historiografija.hr\/?p=23943"},"modified":"2020-12-07T16:23:34","modified_gmt":"2020-12-07T16:23:34","slug":"izlozba-krila-povijesti-zracne-bitke-nad-istrom-1941-1945-bujstina-ljudske-sudbine","status":"publish","type":"post","link":"https:\/\/historiografija.hr\/?p=23943","title":{"rendered":"Izlo\u017eba \u201cKrila povijesti. Zra\u010dne bitke nad Istrom 1941.-1945. Buj\u0161tina \u2013 ljudske sudbine\u201d"},"content":{"rendered":"\n<p>Izlo\u017eba donosi temu koja je dosad nedovoljno istra\u017eena, a rije\u010d je o slu\u010dajevima pada ili prisilnog slijetanja ratnih zrakoplova na podru\u010dju sjeverozapadne Istre za vrijeme Drugoga svjetskoga rata. Sru\u0161eni su zrakoplovi dio vojne historiografije i predstavljaju zna\u010dajan segment materijalne ba\u0161tine, a mogu se prona\u0107i u gotovo svim dijelovima Hrvatske. Me\u0111utim, manje je poznata isprepletenost ljudskih sudbina sa\u010duvanih usmenom predajom i iskazima svjedoka. Upravo te neispri\u010dane povijesti preto\u010dene su na izlo\u017ebi u vizualne zapise. Svjedo\u010danstva su to jo\u0161 uvijek \u017eivih svjedoka iz Umaga, Buja, Burola, Novigrada, Zrenja, Oprtlja, Momjana ili s podru\u010dja Buj\u0161tine. Nije samo rije\u010d o sudbinama \u010dlanova posada palih zrakoplova, moralnim principima i ljudskosti, nego i o razgradnjama olupina nakon pada zrakoplova \u010dije je dijelove lokalno stanovni\u0161tvo koristilo u razli\u010dite sekundarne svrhe.<\/p>\n\n\n\n<p>ORGANIZATORI: Muzej-Museo Lapidarium; GALLERION- pomorska zbirka austrougarske mornarice, Sergio Gobbo; Srednja \u0161kola \u201eVladimir Gortan\u201c Buje, mentorica: Dolores Miheli\u0107-Malba\u0161i\u0107, u\u010denici: Alex Zubin, Alison Ivan\u010di\u0107, Laura Kostelac, Isabel Wertheim Ali\u0107, Mia Kova\u010devi\u0107, Ilijana Krezi\u0107, Damjan Jagunec Seme\u0161i, Sarah Lisi\u010dar, Neira Miski\u0107, Gaia Bogolin, Mia Rade\u0161i\u0107;<\/p>\n\n\n\n<p>Mjesto odr\u017eavanja: Muzej-Museo Lapidarium, Veliki trg 8a, Novigrad-Cittanova<\/p>\n\n\n\n<p>Vrijeme odr\u017eavanja: od 11. prosinca 2020. do 28. velja\u010de 2021.<\/p>\n\n\n\n<p>Radno vrijeme: ponedjeljak \u2013 petak od 9 do 15 sati, subota od 16 do 19 sati, praznikom zatvoreno. Ulaz slobodan.<\/p>\n\n\n\n<p>Izlo\u017eba je realizirana sredstvima Ministarstva kulture i medija RH, Ministarstva turizma RH, Grada Novigrada-Cittanova, Turisti\u010dke zajednice grada Novigrada.<\/p>\n\n\n\n<p>Izvor: <a href=\"http:\/\/www.muzej-lapidarium.hr\/krila-povijesti-zracne-bitke-nad-istrom-1941-1945-bujstina-ljudske-sudbine\/\">http:\/\/www.muzej-lapidarium.hr\/krila-povijesti-zracne-bitke-nad-istrom-1941-1945-bujstina-ljudske-sudbine\/<\/a><\/p>\n\n\n\n<hr class=\"wp-block-separator\"\/>\n","protected":false},"excerpt":{"rendered":"","protected":false},"author":2,"featured_media":23944,"comment_status":"open","ping_status":"open","sticky":false,"template":"","format":"standard","meta":{"_acf_changed":false,"jetpack_post_was_ever_published":false,"_jetpack_newsletter_access":"","_jetpack_dont_email_post_to_subs":false,"_jetpack_newsletter_tier_id":0,"_jetpack_memberships_contains_paywalled_content":false,"_jetpack_memberships_contains_paid_content":false,"footnotes":"","jetpack_publicize_message":"","jetpack_publicize_feature_enabled":true,"jetpack_social_post_already_shared":true,"jetpack_social_options":{"image_generator_settings":{"template":"highway","default_image_id":0,"font":"","enabled":false},"version":2}},"categories":[10,3],"tags":[],"class_list":["post-23943","post","type-post","status-publish","format-standard","has-post-thumbnail","hentry","category-izlozbe","category-novosti"],"acf":{"facebook_opis":""},"jetpack_publicize_connections":[],"jetpack_featured_media_url":"https:\/\/i0.wp.com\/historiografija.hr\/wp-content\/uploads\/2020\/12\/Krila-povijesti.jpg?fit=1523%2C2161&ssl=1","jetpack_sharing_enabled":true,"jetpack-related-posts":[],"_links":{"self":[{"href":"https:\/\/historiografija.hr\/index.php?rest_route=\/wp\/v2\/posts\/23943","targetHints":{"allow":["GET"]}}],"collection":[{"href":"https:\/\/historiografija.hr\/index.php?rest_route=\/wp\/v2\/posts"}],"about":[{"href":"https:\/\/historiografija.hr\/index.php?rest_route=\/wp\/v2\/types\/post"}],"author":[{"embeddable":true,"href":"https:\/\/historiografija.hr\/index.php?rest_route=\/wp\/v2\/users\/2"}],"replies":[{"embeddable":true,"href":"https:\/\/historiografija.hr\/index.php?rest_route=%2Fwp%2Fv2%2Fcomments&post=23943"}],"version-history":[{"count":1,"href":"https:\/\/historiografija.hr\/index.php?rest_route=\/wp\/v2\/posts\/23943\/revisions"}],"predecessor-version":[{"id":23945,"href":"https:\/\/historiografija.hr\/index.php?rest_route=\/wp\/v2\/posts\/23943\/revisions\/23945"}],"wp:featuredmedia":[{"embeddable":true,"href":"https:\/\/historiografija.hr\/index.php?rest_route=\/wp\/v2\/media\/23944"}],"wp:attachment":[{"href":"https:\/\/historiografija.hr\/index.php?rest_route=%2Fwp%2Fv2%2Fmedia&parent=23943"}],"wp:term":[{"taxonomy":"category","embeddable":true,"href":"https:\/\/historiografija.hr\/index.php?rest_route=%2Fwp%2Fv2%2Fcategories&post=23943"},{"taxonomy":"post_tag","embeddable":true,"href":"https:\/\/historiografija.hr\/index.php?rest_route=%2Fwp%2Fv2%2Ftags&post=23943"}],"curies":[{"name":"wp","href":"https:\/\/api.w.org\/{rel}","templated":true}]}}