{"id":23940,"date":"2020-12-07T15:33:53","date_gmt":"2020-12-07T15:33:53","guid":{"rendered":"http:\/\/historiografija.hr\/?p=23940"},"modified":"2020-12-07T15:34:54","modified_gmt":"2020-12-07T15:34:54","slug":"postdoctoral-position-in-holocaust-and-genocide-studies-with-a-focus-on-holocaust-history-and-memory-in-the-balkans-produzetak-roka","status":"publish","type":"post","link":"https:\/\/historiografija.hr\/?p=23940","title":{"rendered":"Postdoctoral position in Holocaust and genocide studies, with a focus on Holocaust History and Memory in the Balkans (produ\u017eetak roka!)"},"content":{"rendered":"\n<p>Prenosimo obavijest da je Hugo Valentin Centar pri Sveu\u010dili\u0161tu u Uppsali produ\u017eio rok natje\u010daja za jedno dvogodi\u0161nje postdoktorandsko mjesto u polju istra\u017eivanja o Holokaustu na Balkanu koji sada traje do 1. velja\u010de 2021.<\/p>\n\n\n\n<p>&#8212;<\/p>\n\n\n\n<p>Uppsala University is a comprehensive research-intensive university with a strong international standing. Our mission is to pursue top-quality research and education and to interact constructively with society. Our most important assets are all the individuals whose curiosity and dedication make Uppsala University one of Sweden\u2019s most exciting workplaces. Uppsala University has 46.000 students, 7.300 employees and a turnover of SEK 7.3 billion.<\/p>\n\n\n\n<p>The Hugo Valentin Centre (HVC) is an interdisciplinary unit at the Department of History, Uppsala University, with a focus on research and education in two fields: ethnic relations and Holocaust and genocide studies. Research is conducted in a markedly interdisciplinary research environment that brings together researchers with a background in history and philosophy, language studies and social sciences.<\/p>\n\n\n\n<p>This announcement concerns a position in Holocaust and genocide studies with a focus on the Balkan geographic region.<\/p>\n\n\n\n<p><strong>Duties\/Project description:<\/strong> A postdoctoral fellow\u2019s duties consist mainly of research, but also some administration and the task of applying for external research funding in the field concerned. The position requires continuous attendance at the Centre, active participation in seminars, on-going presentation of the fellow\u2019s research and, where necessary, some teaching and supervision of students or other tasks corresponding to up to 20% of the position.<\/p>\n\n\n\n<p><strong>Requirements: <\/strong>To qualify for an employment as a postdoctor you must have a PhD degree or a foreign degree equivalent to a PhD degree in the humanities or social sciences. The PhD degree must have been obtained no more than three years prior to the application deadline. The three-year period can be extended due to circumstances such as sick leave, parental leave, duties in labour unions, etc. Excellent skills in both oral and written English are required for the position.<\/p>\n\n\n\n<p><strong>The application must contain the following items:&nbsp;<\/strong><\/p>\n\n\n\n<ul class=\"wp-block-list\"><li>A <em>curriculum vitae<\/em> and attested copies of certificates and other documents referred to in the application.<\/li><li>A list of up to five academic works (including the dissertation either in published or manuscript form) cited in the application. The publications should be uploaded as pdfs and rank-ordered according to their relevance for the application.<\/li><li>An up to five pages long project proposal must be enclosed with the application. It should contain a clear aim description, an account of how the project contributes to the international state of the art in the field; a discussion regarding method; and a precise schedule for project implementation. How the planned project is connected with current&nbsp;<\/li><\/ul>\n\n\n\n<p><strong>Assessment:<\/strong> The application will be assessed by the scientific quality of the project proposal, and the applicant&#8217;s qualifications.<\/p>\n\n\n\n<p>In the event of divergent interpretations of the English and Swedish versions of this announcement, the Swedish version takes precedence.<\/p>\n\n\n\n<p><strong>Salary:<\/strong>&nbsp;Individual salary.<\/p>\n\n\n\n<p><strong>Starting date:<\/strong> As agreed.<\/p>\n\n\n\n<p><strong>Type of employment:<\/strong> Temporary position according to central collective agreement.<\/p>\n\n\n\n<p><strong>Scope of employment:<\/strong> 100 %<\/p>\n\n\n\n<p><strong>For further information about the position please contact: <\/strong>the head of department Henrik \u00c5gren on phone +46 (0)18 471 1529, or email prefekt@hist.uu.se. For information about the HVC, contact director Tomislav Dulic on phone +46-(0)18-471 6395, or email director@valentin.uu.se.<\/p>\n\n\n\n<p><strong>Please submit your application by 1 February 2021, UFV-PA 2020\/3588.<\/strong><\/p>\n\n\n\n<p>Are you considering moving to Sweden to work at Uppsala University? If so, you will find&nbsp;a lot of information about working and living in&nbsp;Sweden at <a href=\"http:\/\/www.uu.se\/joinus\" target=\"_blank\" rel=\"noreferrer noopener\">www.uu.se\/joinus<\/a>. You are also welcome to contact International Faculty and Staff Services at <a href=\"mailto:ifss@uadm.uu.se\" target=\"_blank\" rel=\"noreferrer noopener\">ifss@uadm.uu.se<\/a>.<\/p>\n\n\n\n<p>Please do not send offers of recruitment or advertising services.<\/p>\n\n\n\n<p><strong>Submit your application through Uppsala University&#8217;s recruitment system.<\/strong><\/p>\n\n\n\n<p>Placement: Department of History<\/p>\n\n\n\n<p>Type of employment: Full time , Temporary position longer than 6 months<\/p>\n\n\n\n<p>Pay: Fixed salary<\/p>\n\n\n\n<p>Number of positions: 1<\/p>\n\n\n\n<p>Working hours: 100%<\/p>\n\n\n\n<p>Town: Uppsala<\/p>\n\n\n\n<p>County: Uppsala l\u00e4n<\/p>\n\n\n\n<p>Country: Sweden<\/p>\n\n\n\n<p>Union representative: Seko Universitetsklubben seko@uadm.uu.se<br>ST\/TCO tco@fackorg.uu.se<br>Saco-r\u00e5det saco@uadm.uu.se<\/p>\n\n\n\n<p>Number of reference: UFV-PA 2020\/3588<\/p>\n\n\n\n<p>Last application date: 2021-02-01<\/p>\n\n\n\n<p><a href=\"https:\/\/mp.uu.se\/web\/info\/vart-uu\/lediga-jobb\/-\/jobb\/358931\">https:\/\/mp.uu.se\/web\/info\/vart-uu\/lediga-jobb\/-\/jobb\/358931<\/a><\/p>\n\n\n\n<hr class=\"wp-block-separator\"\/>\n\n\n\n<p>Prethodna obavijest:<\/p>\n\n\n\n<figure class=\"wp-block-embed-wordpress wp-block-embed is-type-wp-embed is-provider-historiografija-hr\"><div class=\"wp-block-embed__wrapper\">\n<blockquote class=\"wp-embedded-content\" data-secret=\"q0x2Op1fFm\"><a href=\"https:\/\/historiografija.hr\/?p=23388\">Postdoctoral position in Holocaust and genocide studies, with a focus on Holocaust History and Memory in the Balkans<\/a><\/blockquote><iframe loading=\"lazy\" class=\"wp-embedded-content\" sandbox=\"allow-scripts\" security=\"restricted\" style=\"position: absolute; clip: rect(1px, 1px, 1px, 1px);\" title=\"&#8220;Postdoctoral position in Holocaust and genocide studies, with a focus on Holocaust History and Memory in the Balkans&#8221; &#8212; Historiografija.hr\" src=\"https:\/\/historiografija.hr\/?p=23388&#038;embed=true#?secret=q0x2Op1fFm\" data-secret=\"q0x2Op1fFm\" width=\"600\" height=\"338\" frameborder=\"0\" marginwidth=\"0\" marginheight=\"0\" scrolling=\"no\"><\/iframe>\n<\/div><\/figure>\n\n\n\n<hr class=\"wp-block-separator\"\/>\n","protected":false},"excerpt":{"rendered":"","protected":false},"author":2,"featured_media":23389,"comment_status":"open","ping_status":"open","sticky":false,"template":"","format":"standard","meta":{"_acf_changed":false,"jetpack_post_was_ever_published":false,"_jetpack_newsletter_access":"","_jetpack_dont_email_post_to_subs":false,"_jetpack_newsletter_tier_id":0,"_jetpack_memberships_contains_paywalled_content":false,"_jetpack_memberships_contains_paid_content":false,"footnotes":"","jetpack_publicize_message":"","jetpack_publicize_feature_enabled":true,"jetpack_social_post_already_shared":true,"jetpack_social_options":{"image_generator_settings":{"template":"highway","default_image_id":0,"font":"","enabled":false},"version":2}},"categories":[3,15],"tags":[],"class_list":["post-23940","post","type-post","status-publish","format-standard","has-post-thumbnail","hentry","category-novosti","category-stipendije"],"acf":{"facebook_opis":""},"jetpack_publicize_connections":[],"jetpack_featured_media_url":"https:\/\/i0.wp.com\/historiografija.hr\/wp-content\/uploads\/2020\/10\/Hugo-Valentin.png?fit=225%2C225&ssl=1","jetpack_sharing_enabled":true,"jetpack-related-posts":[{"id":52625,"url":"https:\/\/historiografija.hr\/?p=52625","url_meta":{"origin":23940,"position":0},"title":"Omer Bartov, \u201eIsrael: What Went Wrong?\u201c","author":"Branimir Jankovi\u0107","date":"23. travnja 2026.","format":false,"excerpt":"Professor Omer Bartov was born on a kibbutz, grew up in Tel Aviv and served in the Israel Defence Forces during the Yom Kippur War. He went on to become an expert on the German army and the Holocaust, before turning his attention to his native country.In Israel: What Went\u2026","rel":"","context":"U &quot;Knjige&quot;","block_context":{"text":"Knjige","link":"https:\/\/historiografija.hr\/?cat=8"},"img":{"alt_text":"","src":"https:\/\/i0.wp.com\/historiografija.hr\/wp-content\/uploads\/2026\/04\/Bartov.jpeg?fit=320%2C500&ssl=1&resize=350%2C200","width":350,"height":200},"classes":[]},{"id":52580,"url":"https:\/\/historiografija.hr\/?p=52580","url_meta":{"origin":23940,"position":1},"title":"Conference &#8220;Living in the aftermaths: Trauma, politics and survival in Yugoslavia and successor states, 1945 \u2013 present&#8221;","author":"Branimir Jankovi\u0107","date":"21. travnja 2026.","format":false,"excerpt":"The conference aims to explore how war-related psychological distress was experienced, narrated, debated and reframed in Yugoslavia in the second half of the twentieth century. It asks how the theme of wounded psyche and wartime suffering was addressed and acknowledged in political, psychiatric and broader cultural discourses of socialist Yugoslavia,\u2026","rel":"","context":"U &quot;Novosti&quot;","block_context":{"text":"Novosti","link":"https:\/\/historiografija.hr\/?cat=3"},"img":{"alt_text":"","src":"https:\/\/i0.wp.com\/historiografija.hr\/wp-content\/uploads\/2026\/04\/Battle_of_Neretva_Picasso_poster-Conference-Living-in-the-aftermaths.webp?fit=564%2C954&ssl=1&resize=350%2C200","width":350,"height":200,"srcset":"https:\/\/i0.wp.com\/historiografija.hr\/wp-content\/uploads\/2026\/04\/Battle_of_Neretva_Picasso_poster-Conference-Living-in-the-aftermaths.webp?fit=564%2C954&ssl=1&resize=350%2C200 1x, https:\/\/i0.wp.com\/historiografija.hr\/wp-content\/uploads\/2026\/04\/Battle_of_Neretva_Picasso_poster-Conference-Living-in-the-aftermaths.webp?fit=564%2C954&ssl=1&resize=525%2C300 1.5x"},"classes":[]},{"id":52641,"url":"https:\/\/historiografija.hr\/?p=52641","url_meta":{"origin":23940,"position":2},"title":"CfP: WHO OWNS THE PAST? VERNACULAR MEMORY, STATE MEMORY, AND THE POLITICS OF OWNERSHIP","author":"Branimir Jankovi\u0107","date":"24. travnja 2026.","format":false,"excerpt":"VIENNA, 31ST AUGUST\u20133RD SEPTEMBER 2026 (DEADLINE: 24TH APRIL 2026) The Center for Austrian Studies at the European Forum at the Hebrew University and the Austrian Academy of Sciences\/Institute of Culture Studies invite early postdocs, PhD candidates, and advanced Master\u2019s students from the Hebrew University of Jerusalem and universities and academic\u2026","rel":"","context":"U &quot;Novosti&quot;","block_context":{"text":"Novosti","link":"https:\/\/historiografija.hr\/?cat=3"},"img":{"alt_text":"","src":"https:\/\/i0.wp.com\/historiografija.hr\/wp-content\/uploads\/2017\/10\/hsozkult.png?fit=1006%2C241&ssl=1&resize=350%2C200","width":350,"height":200,"srcset":"https:\/\/i0.wp.com\/historiografija.hr\/wp-content\/uploads\/2017\/10\/hsozkult.png?fit=1006%2C241&ssl=1&resize=350%2C200 1x, https:\/\/i0.wp.com\/historiografija.hr\/wp-content\/uploads\/2017\/10\/hsozkult.png?fit=1006%2C241&ssl=1&resize=525%2C300 1.5x, https:\/\/i0.wp.com\/historiografija.hr\/wp-content\/uploads\/2017\/10\/hsozkult.png?fit=1006%2C241&ssl=1&resize=700%2C400 2x"},"classes":[]},{"id":52531,"url":"https:\/\/historiografija.hr\/?p=52531","url_meta":{"origin":23940,"position":3},"title":"Jonathan G. Leslie, \u201eFear and Insecurity: Israel and the Iran Threat Narrative\u201c","author":"Branimir Jankovi\u0107","date":"17. travnja 2026.","format":false,"excerpt":"Why is Israel\u2019s former ally Iran now perceived as the country\u2019s greatest threat? Description To observers of the Iran-Israel conflict, its vitriolic rhetoric might suggest an ancient hatred between Jews and Muslims\u2013a biblical feud dating back hundreds, or thousands, of years. But this rivalry is a far more modern development.\u2026","rel":"","context":"U &quot;Knjige&quot;","block_context":{"text":"Knjige","link":"https:\/\/historiografija.hr\/?cat=8"},"img":{"alt_text":"","src":"https:\/\/i0.wp.com\/historiografija.hr\/wp-content\/uploads\/2026\/04\/Leslie.jpg?fit=391%2C612&ssl=1&resize=350%2C200","width":350,"height":200},"classes":[]},{"id":52586,"url":"https:\/\/historiografija.hr\/?p=52586","url_meta":{"origin":23940,"position":4},"title":"Aur\u00e9lie Daher, \u201eHezbollah: Mobilisation and Power\u201c","author":"Branimir Jankovi\u0107","date":"22. travnja 2026.","format":false,"excerpt":"Morning Star \u2018Book of the Year\u2019 Social movement, liberation party or terrorist group? With Hezbollah\u2019s growing involvement in the war in Syria, this study of its impact on Lebanon, drawing heavily on first-hand interviews, could not be more timely. Description Almost forty years after its foundation, Hezbollah remains an enigma.\u2026","rel":"","context":"U &quot;Knjige&quot;","block_context":{"text":"Knjige","link":"https:\/\/historiografija.hr\/?cat=8"},"img":{"alt_text":"","src":"https:\/\/i0.wp.com\/historiografija.hr\/wp-content\/uploads\/2026\/04\/Daher-Hezbollah.jpg?fit=600%2C931&ssl=1&resize=350%2C200","width":350,"height":200,"srcset":"https:\/\/i0.wp.com\/historiografija.hr\/wp-content\/uploads\/2026\/04\/Daher-Hezbollah.jpg?fit=600%2C931&ssl=1&resize=350%2C200 1x, https:\/\/i0.wp.com\/historiografija.hr\/wp-content\/uploads\/2026\/04\/Daher-Hezbollah.jpg?fit=600%2C931&ssl=1&resize=525%2C300 1.5x"},"classes":[]},{"id":52664,"url":"https:\/\/historiografija.hr\/?p=52664","url_meta":{"origin":23940,"position":5},"title":"CfP: CONFERENCE OF THE HISTORY OF CONCEPTS GROUP, HELSINKI, 19TH\u201321ST AUGUST 2026 (DEADLINE: 30TH APRIL 2026)","author":"Branimir Jankovi\u0107","date":"24. travnja 2026.","format":false,"excerpt":"The annual conference of the History of Concepts Group is held at the University of Helsinki, 19-21 August 2026. Conference of the History of Concepts Group Conceptual history studies the use of concepts and tries to understand how historical actors have linguistically articulated views of the world. Studying concepts from\u2026","rel":"","context":"U &quot;Novosti&quot;","block_context":{"text":"Novosti","link":"https:\/\/historiografija.hr\/?cat=3"},"img":{"alt_text":"","src":"https:\/\/i0.wp.com\/historiografija.hr\/wp-content\/uploads\/2017\/10\/hsozkult.png?fit=1006%2C241&ssl=1&resize=350%2C200","width":350,"height":200,"srcset":"https:\/\/i0.wp.com\/historiografija.hr\/wp-content\/uploads\/2017\/10\/hsozkult.png?fit=1006%2C241&ssl=1&resize=350%2C200 1x, https:\/\/i0.wp.com\/historiografija.hr\/wp-content\/uploads\/2017\/10\/hsozkult.png?fit=1006%2C241&ssl=1&resize=525%2C300 1.5x, https:\/\/i0.wp.com\/historiografija.hr\/wp-content\/uploads\/2017\/10\/hsozkult.png?fit=1006%2C241&ssl=1&resize=700%2C400 2x"},"classes":[]}],"_links":{"self":[{"href":"https:\/\/historiografija.hr\/index.php?rest_route=\/wp\/v2\/posts\/23940","targetHints":{"allow":["GET"]}}],"collection":[{"href":"https:\/\/historiografija.hr\/index.php?rest_route=\/wp\/v2\/posts"}],"about":[{"href":"https:\/\/historiografija.hr\/index.php?rest_route=\/wp\/v2\/types\/post"}],"author":[{"embeddable":true,"href":"https:\/\/historiografija.hr\/index.php?rest_route=\/wp\/v2\/users\/2"}],"replies":[{"embeddable":true,"href":"https:\/\/historiografija.hr\/index.php?rest_route=%2Fwp%2Fv2%2Fcomments&post=23940"}],"version-history":[{"count":2,"href":"https:\/\/historiografija.hr\/index.php?rest_route=\/wp\/v2\/posts\/23940\/revisions"}],"predecessor-version":[{"id":23942,"href":"https:\/\/historiografija.hr\/index.php?rest_route=\/wp\/v2\/posts\/23940\/revisions\/23942"}],"wp:featuredmedia":[{"embeddable":true,"href":"https:\/\/historiografija.hr\/index.php?rest_route=\/wp\/v2\/media\/23389"}],"wp:attachment":[{"href":"https:\/\/historiografija.hr\/index.php?rest_route=%2Fwp%2Fv2%2Fmedia&parent=23940"}],"wp:term":[{"taxonomy":"category","embeddable":true,"href":"https:\/\/historiografija.hr\/index.php?rest_route=%2Fwp%2Fv2%2Fcategories&post=23940"},{"taxonomy":"post_tag","embeddable":true,"href":"https:\/\/historiografija.hr\/index.php?rest_route=%2Fwp%2Fv2%2Ftags&post=23940"}],"curies":[{"name":"wp","href":"https:\/\/api.w.org\/{rel}","templated":true}]}}