{"id":23924,"date":"2020-12-04T23:02:02","date_gmt":"2020-12-04T23:02:02","guid":{"rendered":"http:\/\/historiografija.hr\/?p=23924"},"modified":"2020-12-04T23:02:02","modified_gmt":"2020-12-04T23:02:02","slug":"fareed-zakaria-deset-lekcija-za-svijet-poslije-pandemije","status":"publish","type":"post","link":"https:\/\/historiografija.hr\/?p=23924","title":{"rendered":"Fareed Zakaria, &#8220;Deset lekcija za svijet poslije pandemije&#8221;"},"content":{"rendered":"\n<p><em>Deset lekcija za svijet poslije pandemije<\/em> Fareeda Zakarije, uglednog novinara CNN-a, nije puki \u017eurnalisti\u010dki osvrt na najve\u0107u krizu s kojom se \u010dovje\u010danstvo suo\u010dilo nakon Drugog svjetskog rata. Knjiga nastala u jeku pandemije, <em>Deset lekcija<\/em> mo\u017ee se doimati kao ogledni primjer hitre novinarske reakcije, \u0161to svakako jest, ali je i znatno vi\u0161e od toga. Zakarijina erudicija, analiti\u010dnost i kriti\u010dnost kada je rije\u010d o globalnim politi\u010dkim i ekonomskim kretanjima osobine su koje se o\u010dekuju od autora svjetskoga glasa, ali posebno su impresivne njegova upu\u0107enost u medicinu te jednostavnost i jasno\u0107a s kojima je opisao genezu pandemije. S virusima \u017eivimo od pamtivijeka na ovom opasnom svijetu i oni doista nisu jedina i najstra\u0161nija prijetnja. Zakaria upozorava i na populizam, klimatske promjene, neizvjesnosti digitalne epohe, ameri\u010dko-kinesko suparni\u0161tvo&#8230; U svojih <em>Deset lekcija za svijet poslije pandemije<\/em> osvr\u0107e se i na vje\u010dnu dvojbu izme\u0111u dr\u017eavnog intervencionizma i slobodnog tr\u017ei\u0161ta. Prema Zakariji, ta dvojba nije ideolo\u0161ke, ve\u0107 prakti\u010dne naravi. Postoje situacije u kojima je dr\u017eavni intervencionizam po\u017eeljan i nu\u017ean, a takva je upravo pandemijska kriza, a postoje i razdoblja kada tr\u017ei\u0161tu valja dopustiti da generira rast. Te i sli\u010dne dvojbe okovane su dogmama i ukupna je slika svijeta u <em>Deset lekcija za svijet poslije pandemije<\/em> mra\u010dna, mo\u017eda i zastra\u0161uju\u0107a, ali Zakaria nas podsje\u0107a \u2013 s nimalo patosa \u2013 da ima nade, da smo kao ljudska vrsta jo\u0161 uvijek sposobni za podvige, da racionalni i moralni imperativi nisu spustili svoje zastave jer, kako ka\u017ee <em>deseta lekcija<\/em>: \u201cKatkada su najve\u0107i realisti \u2013 idealisti.\u201d<\/p>\n\n\n\n<p>\u201c\u010cini se da je Zakaria intelektualno najupu\u0107eniji komentator na Zapadu.\u201d \u2013 David M. Shribman, <em>Boston Sunday Globe<\/em><\/p>\n\n\n\n<p>\u201cSvojim razigranim stilom i slikovitim primjerima Zakaria se ne bavi op\u0107im mjestima lijeve i desne politike. <em>Deset lekcija<\/em> mudra su, upu\u0107ena i promi\u0161ljena pri\u010da o novom svijetu koji nastaje.\u201d \u2013 Josef Joffe, <em>New York Times<\/em><\/p>\n\n\n\n<p>\u201cIznimno originalna i potkrijepljena knjiga. Nakon \u0161to je pro\u010ditate, va\u0161e vi\u0111enje svijeta bit \u0107e druga\u010dije.\u201d \u2013 Timothy Noah, <em>Washington Post<\/em><\/p>\n\n\n\n<p>\u201cMudre i pronicljive komentare Fareeda Zakarije trebali bi \u010ditati dr\u017eavnici \u0161irom svijeta. <em>Deset lekcija<\/em> svojevrsno je remek-djelo. \u010citajte tu knjigu ako \u017eelite znati \u0161to se zbilo, \u0161to \u0107e se zbiti i \u0161to bi se trebalo zbiti.\u201d \u2013 Jason Burke, <em>Guardian<\/em><\/p>\n\n\n\n<p>\u201cZakarijina provokativna knjiga bavi se mnogim temama i doista je vrijedna \u010ditanja. Njegovi argumenti utemeljeni su na izvrsnom poznavanju povijesti i politi\u010dke filozofije, na erudiciji kakva je danas rijetkost.\u201d \u2013 John B. Judis, <em>Foreign Affairs<\/em><\/p>\n\n\n\n<p>\u201cRijetko jedan mladi autor i novinar posjeduje tako proro\u010dansku intuiciju, potpunu jasno\u0107u izra\u017eavanja i tako nadahnutu elokvenciju.\u201d \u2013 Claude Lewis, <em>Philadelphia Inquirer<\/em><\/p>\n\n\n\n<hr class=\"wp-block-separator\"\/>\n\n\n\n<p>Jezik izvornika: engleski<\/p>\n\n\n\n<p>Prijevod: Iva Karabai\u0107<\/p>\n\n\n\n<p>Broj stranica: 328<\/p>\n\n\n\n<p>Datum izdanja: studeni 2020.<\/p>\n\n\n\n<p>ISBN: 978-953358291-7<\/p>\n\n\n\n<p>Naslov izvornika: Ten Lessons for a Post-Pandemic World<\/p>\n\n\n\n<hr class=\"wp-block-separator\"\/>\n\n\n\n<p>Izvor: <a href=\"https:\/\/fraktura.hr\/deset-lekcija-za-svijet-poslije-pandemije.html\">https:\/\/fraktura.hr\/deset-lekcija-za-svijet-poslije-pandemije.html<\/a><\/p>\n\n\n\n<hr class=\"wp-block-separator\"\/>\n","protected":false},"excerpt":{"rendered":"","protected":false},"author":2,"featured_media":23925,"comment_status":"open","ping_status":"open","sticky":false,"template":"","format":"standard","meta":{"_acf_changed":false,"jetpack_post_was_ever_published":false,"_jetpack_newsletter_access":"","_jetpack_dont_email_post_to_subs":false,"_jetpack_newsletter_tier_id":0,"_jetpack_memberships_contains_paywalled_content":false,"_jetpack_memberships_contains_paid_content":false,"footnotes":"","jetpack_publicize_message":"","jetpack_publicize_feature_enabled":true,"jetpack_social_post_already_shared":true,"jetpack_social_options":{"image_generator_settings":{"template":"highway","default_image_id":0,"font":"","enabled":false},"version":2}},"categories":[8,3],"tags":[],"class_list":["post-23924","post","type-post","status-publish","format-standard","has-post-thumbnail","hentry","category-knjige","category-novosti"],"acf":{"facebook_opis":""},"jetpack_publicize_connections":[],"jetpack_featured_media_url":"https:\/\/i0.wp.com\/historiografija.hr\/wp-content\/uploads\/2020\/12\/deset_lekcija_za_svijet_poslije_pandemije.jpg?fit=409%2C610&ssl=1","jetpack_sharing_enabled":true,"jetpack-related-posts":[],"_links":{"self":[{"href":"https:\/\/historiografija.hr\/index.php?rest_route=\/wp\/v2\/posts\/23924","targetHints":{"allow":["GET"]}}],"collection":[{"href":"https:\/\/historiografija.hr\/index.php?rest_route=\/wp\/v2\/posts"}],"about":[{"href":"https:\/\/historiografija.hr\/index.php?rest_route=\/wp\/v2\/types\/post"}],"author":[{"embeddable":true,"href":"https:\/\/historiografija.hr\/index.php?rest_route=\/wp\/v2\/users\/2"}],"replies":[{"embeddable":true,"href":"https:\/\/historiografija.hr\/index.php?rest_route=%2Fwp%2Fv2%2Fcomments&post=23924"}],"version-history":[{"count":1,"href":"https:\/\/historiografija.hr\/index.php?rest_route=\/wp\/v2\/posts\/23924\/revisions"}],"predecessor-version":[{"id":23926,"href":"https:\/\/historiografija.hr\/index.php?rest_route=\/wp\/v2\/posts\/23924\/revisions\/23926"}],"wp:featuredmedia":[{"embeddable":true,"href":"https:\/\/historiografija.hr\/index.php?rest_route=\/wp\/v2\/media\/23925"}],"wp:attachment":[{"href":"https:\/\/historiografija.hr\/index.php?rest_route=%2Fwp%2Fv2%2Fmedia&parent=23924"}],"wp:term":[{"taxonomy":"category","embeddable":true,"href":"https:\/\/historiografija.hr\/index.php?rest_route=%2Fwp%2Fv2%2Fcategories&post=23924"},{"taxonomy":"post_tag","embeddable":true,"href":"https:\/\/historiografija.hr\/index.php?rest_route=%2Fwp%2Fv2%2Ftags&post=23924"}],"curies":[{"name":"wp","href":"https:\/\/api.w.org\/{rel}","templated":true}]}}