{"id":23914,"date":"2020-12-04T22:34:23","date_gmt":"2020-12-04T22:34:23","guid":{"rendered":"http:\/\/historiografija.hr\/?p=23914"},"modified":"2022-07-15T14:03:09","modified_gmt":"2022-07-15T14:03:09","slug":"poziv-za-prijavu-radova-za-objavljivanje-u-tematskom-broju-casopisa-narodna-umjetnost-58-1-2021-covid-19-u-humanistickoj-perspektivi","status":"publish","type":"post","link":"https:\/\/historiografija.hr\/?p=23914","title":{"rendered":"POZIV ZA PRIJAVU RADOVA ZA OBJAVLJIVANJE U TEMATSKOM BROJU \u010cASOPISA &#8220;NARODNA UMJETNOST&#8221; 58\/1 (2021): COVID-19 u humanisti\u010dkoj perspektivi"},"content":{"rendered":"\n<p>Pozivamo autore iz razli\u010ditih humanisti\u010dkih i dru\u0161tvenih disciplina i sredina da svojim prilozima u tematskom broju \u201eCOVID-19 u humanisti\u010dkoj perspektivi\u201c \u010dasopisa Narodna umjetnost doprinesu problemskoj refleksiji koja traga za mogu\u0107im smjerovima (teorijskog, metodolo\u0161kog, epistemolo\u0161kog i &#8221;terenskog&#8221;) istra\u017eivanja pandemijske ugroze i promjena koje je ona donijela kulturi svakodnevice. Radovi mogu biti pisani na hrvatskom ili engleskom jeziku a zaprimaju se isklju\u010divo u elektroni\u010dkom obliku, na adresu http:\/\/hrcak.srce.hr\/ojs\/index.php\/nu. Rok za prijavu radova je 31. prosinca 2020.<\/p>\n\n\n\n<p>Izvor i dodatne informacije:<\/p>\n\n\n\n<p><a href=\"https:\/\/www.ief.hr\/wp-content\/uploads\/2020\/07\/POZIV-NU-Covid-19.pdf\">https:\/\/www.ief.hr\/wp-content\/uploads\/2020\/07\/POZIV-NU-Covid-19.pdf<\/a><\/p>\n\n\n\n<p><a href=\"https:\/\/hrcak.srce.hr\/narodna-umjetnost\">https:\/\/hrcak.srce.hr\/narodna-umjetnost<\/a><\/p>\n\n\n\n<figure class=\"wp-block-embed-wordpress wp-block-embed is-type-wp-embed is-provider-institut-za-etnologiju-i-folkloristiku\"><div class=\"wp-block-embed__wrapper\">\n<blockquote class=\"wp-embedded-content\" data-secret=\"SFX0synB6A\"><a href=\"https:\/\/www.ief.hr\/\">Naslovna<\/a><\/blockquote><iframe loading=\"lazy\" class=\"wp-embedded-content\" sandbox=\"allow-scripts\" security=\"restricted\" style=\"position: absolute; clip: rect(1px, 1px, 1px, 1px);\" title=\"&#8220;Naslovna&#8221; &#8212; Institut za etnologiju i folkloristiku\" src=\"https:\/\/www.ief.hr\/embed\/#?secret=SFX0synB6A\" data-secret=\"SFX0synB6A\" width=\"600\" height=\"338\" frameborder=\"0\" marginwidth=\"0\" marginheight=\"0\" scrolling=\"no\"><\/iframe>\n<\/div><\/figure>\n\n\n\n<hr class=\"wp-block-separator\"\/>\n","protected":false},"excerpt":{"rendered":"","protected":false},"author":2,"featured_media":23915,"comment_status":"open","ping_status":"open","sticky":false,"template":"","format":"standard","meta":{"_acf_changed":false,"jetpack_post_was_ever_published":false,"_jetpack_newsletter_access":"","_jetpack_dont_email_post_to_subs":false,"_jetpack_newsletter_tier_id":0,"_jetpack_memberships_contains_paywalled_content":false,"_jetpack_memberships_contains_paid_content":false,"footnotes":"","jetpack_publicize_message":"","jetpack_publicize_feature_enabled":true,"jetpack_social_post_already_shared":true,"jetpack_social_options":{"image_generator_settings":{"template":"highway","default_image_id":0,"font":"","enabled":false},"version":2}},"categories":[21,3],"tags":[],"class_list":["post-23914","post","type-post","status-publish","format-standard","has-post-thumbnail","hentry","category-casopisi","category-novosti"],"acf":{"facebook_opis":""},"jetpack_publicize_connections":[],"jetpack_featured_media_url":"https:\/\/i0.wp.com\/historiografija.hr\/wp-content\/uploads\/2020\/12\/NU.jpg?fit=300%2C425&ssl=1","jetpack_sharing_enabled":true,"jetpack-related-posts":[],"_links":{"self":[{"href":"https:\/\/historiografija.hr\/index.php?rest_route=\/wp\/v2\/posts\/23914","targetHints":{"allow":["GET"]}}],"collection":[{"href":"https:\/\/historiografija.hr\/index.php?rest_route=\/wp\/v2\/posts"}],"about":[{"href":"https:\/\/historiografija.hr\/index.php?rest_route=\/wp\/v2\/types\/post"}],"author":[{"embeddable":true,"href":"https:\/\/historiografija.hr\/index.php?rest_route=\/wp\/v2\/users\/2"}],"replies":[{"embeddable":true,"href":"https:\/\/historiografija.hr\/index.php?rest_route=%2Fwp%2Fv2%2Fcomments&post=23914"}],"version-history":[{"count":3,"href":"https:\/\/historiografija.hr\/index.php?rest_route=\/wp\/v2\/posts\/23914\/revisions"}],"predecessor-version":[{"id":32113,"href":"https:\/\/historiografija.hr\/index.php?rest_route=\/wp\/v2\/posts\/23914\/revisions\/32113"}],"wp:featuredmedia":[{"embeddable":true,"href":"https:\/\/historiografija.hr\/index.php?rest_route=\/wp\/v2\/media\/23915"}],"wp:attachment":[{"href":"https:\/\/historiografija.hr\/index.php?rest_route=%2Fwp%2Fv2%2Fmedia&parent=23914"}],"wp:term":[{"taxonomy":"category","embeddable":true,"href":"https:\/\/historiografija.hr\/index.php?rest_route=%2Fwp%2Fv2%2Fcategories&post=23914"},{"taxonomy":"post_tag","embeddable":true,"href":"https:\/\/historiografija.hr\/index.php?rest_route=%2Fwp%2Fv2%2Ftags&post=23914"}],"curies":[{"name":"wp","href":"https:\/\/api.w.org\/{rel}","templated":true}]}}