{"id":23907,"date":"2020-12-03T12:35:10","date_gmt":"2020-12-03T12:35:10","guid":{"rendered":"http:\/\/historiografija.hr\/?p=23907"},"modified":"2020-12-03T12:35:10","modified_gmt":"2020-12-03T12:35:10","slug":"marko-vukicevic-zagreb-1914-1918-grad-i-stanovnici-u-velikome-ratu","status":"publish","type":"post","link":"https:\/\/historiografija.hr\/?p=23907","title":{"rendered":"Marko Vuki\u010devi\u0107, \u201cZagreb 1914. \u2013 1918. Grad i stanovnici u Velikome ratu\u201d"},"content":{"rendered":"\n<p>Knjiga <em>Zagreb 1914. \u2013 1918. Grad i stanovnici u Velikome ratu<\/em> temelji se na doktorskome radu Zagreb u Prvome svjetskom ratu koji je obranjen u lipnju 2018. godine na Hrvatskim studijima Sveu\u010dili\u0161ta u Zagrebu.<\/p>\n\n\n\n<p>Cilj je ove knjige odgovoriti na postavljena istra\u017eiva\u010dka pitanja kako se Prvi svjetski rat, nazivan i Veliki rat, odrazio na grad i funkcioniranje grada kao cjeline, kako se odrazio na stanovni\u0161tvo i koje su posljedice rata vidljive u dru\u0161tvu, gospodarstvu, svakodnevici.<\/p>\n\n\n\n<p><br>Slobodni i kraljevski glavni grad Zagreb, politi\u010dko sredi\u0161te hrvatskih zemalja, Trojedne Kraljevine Hrvatske, Slavonije i Dalmacije, to\u010dnije, politi\u010dko, gospodarsko i kulturno sredi\u0161te Banske Hrvatske (Kraljevina Hrvatske i Slavonije), bio je u pozadini svih boji\u0161nica te nije bio izravno zahva\u0107en ratnim djelovanjima. Stoga se rat odrazio na grad i stanovni\u0161tvo svojim neizravnim posljedicama: mobilizacijama, nova\u010denjima, problemima ratnoga gospodarstva (manjkom radne snage, nesta\u0161icama namirnica i potrep\u0161tina) te mnogobrojnim negativnim, ali i pozitivnim promjenama u dru\u0161tvu, tj. dru\u0161tvenoj strukturi.<\/p>\n\n\n\n<p><br>Knjiga Zagreb 1914. \u2013 1918. Grad i stanovnici u Velikome ratu sastoji se od dva dijela. Prvi dio knjige, naslovljen Grad i rat, sastoji se od poglavlja: Kako je Zagreb do\u010dekao rat, Stanovni\u0161tvo Zagreba od 1850. do 1914. (1918.) godine, Pravno-institucionalni okvir tijekom Prvoga svjetskog rata, Zagrep\u010dani i zagreba\u010dke postrojbe u Velikome ratu, Uprava slobodnoga i kraljevskoga glavnog grada Zagreba, Zagreba\u010dko gospodarstvo tijekom Velikoga rata, i op\u0107eniti je prikaz podru\u010dja grada i institucija te uprave u ratnim okolnostima. Drugi dio knjige, \u017divot stanovni\u0161tva i svakodnevica, sastoji se od poglavlja \u017divot u Zagrebu tijekom Velikoga rata, Dru\u0161tveni i kulturni \u017eivot od 1914. do 1918. godine, Utjecaj rata na dru\u0161tvenu strukturu, i prikazuje neizravne posljedice rata na stanovnike grada Zagreba.<\/p>\n\n\n\n<p><\/p>\n\n\n\n<p>&nbsp;&nbsp;&nbsp; Autor: Marko Vuki\u010devi\u0107<\/p>\n\n\n\n<p>&nbsp;&nbsp;&nbsp; Broj stranica: 310<\/p>\n\n\n\n<p>&nbsp;&nbsp;&nbsp; Format: 23 x 28 cm<\/p>\n\n\n\n<p>&nbsp;&nbsp;&nbsp; Boja knji\u017enog bloka: crno-bijela<\/p>\n\n\n\n<p>&nbsp;&nbsp;&nbsp; Uvez: meki<\/p>\n\n\n\n<p>&nbsp;&nbsp;&nbsp; Godina proizvodnje: 2020.<\/p>\n\n\n\n<p>\u00a0\u00a0\u00a0 Nakladnik: Despot infinitus<\/p>\n\n\n\n<p><\/p>\n\n\n\n<p>Izvor: <a href=\"http:\/\/mojaknjizara.hr\/proizvod\/zagreb-1914-1918\/\">http:\/\/mojaknjizara.hr\/proizvod\/zagreb-1914-1918\/<\/a><\/p>\n\n\n\n<hr class=\"wp-block-separator\"\/>\n","protected":false},"excerpt":{"rendered":"","protected":false},"author":2,"featured_media":23908,"comment_status":"open","ping_status":"open","sticky":false,"template":"","format":"standard","meta":{"_acf_changed":false,"jetpack_post_was_ever_published":false,"_jetpack_newsletter_access":"","_jetpack_dont_email_post_to_subs":false,"_jetpack_newsletter_tier_id":0,"_jetpack_memberships_contains_paywalled_content":false,"_jetpack_memberships_contains_paid_content":false,"footnotes":"","jetpack_publicize_message":"","jetpack_publicize_feature_enabled":true,"jetpack_social_post_already_shared":true,"jetpack_social_options":{"image_generator_settings":{"template":"highway","default_image_id":0,"font":"","enabled":false},"version":2}},"categories":[8,3],"tags":[],"class_list":["post-23907","post","type-post","status-publish","format-standard","has-post-thumbnail","hentry","category-knjige","category-novosti"],"acf":{"facebook_opis":""},"jetpack_publicize_connections":[],"jetpack_featured_media_url":"https:\/\/i0.wp.com\/historiografija.hr\/wp-content\/uploads\/2020\/12\/Zagreb-1914-1918.png?fit=960%2C960&ssl=1","jetpack_sharing_enabled":true,"jetpack-related-posts":[],"_links":{"self":[{"href":"https:\/\/historiografija.hr\/index.php?rest_route=\/wp\/v2\/posts\/23907","targetHints":{"allow":["GET"]}}],"collection":[{"href":"https:\/\/historiografija.hr\/index.php?rest_route=\/wp\/v2\/posts"}],"about":[{"href":"https:\/\/historiografija.hr\/index.php?rest_route=\/wp\/v2\/types\/post"}],"author":[{"embeddable":true,"href":"https:\/\/historiografija.hr\/index.php?rest_route=\/wp\/v2\/users\/2"}],"replies":[{"embeddable":true,"href":"https:\/\/historiografija.hr\/index.php?rest_route=%2Fwp%2Fv2%2Fcomments&post=23907"}],"version-history":[{"count":1,"href":"https:\/\/historiografija.hr\/index.php?rest_route=\/wp\/v2\/posts\/23907\/revisions"}],"predecessor-version":[{"id":23909,"href":"https:\/\/historiografija.hr\/index.php?rest_route=\/wp\/v2\/posts\/23907\/revisions\/23909"}],"wp:featuredmedia":[{"embeddable":true,"href":"https:\/\/historiografija.hr\/index.php?rest_route=\/wp\/v2\/media\/23908"}],"wp:attachment":[{"href":"https:\/\/historiografija.hr\/index.php?rest_route=%2Fwp%2Fv2%2Fmedia&parent=23907"}],"wp:term":[{"taxonomy":"category","embeddable":true,"href":"https:\/\/historiografija.hr\/index.php?rest_route=%2Fwp%2Fv2%2Fcategories&post=23907"},{"taxonomy":"post_tag","embeddable":true,"href":"https:\/\/historiografija.hr\/index.php?rest_route=%2Fwp%2Fv2%2Ftags&post=23907"}],"curies":[{"name":"wp","href":"https:\/\/api.w.org\/{rel}","templated":true}]}}