{"id":2390,"date":"2016-09-04T22:00:05","date_gmt":"2016-09-04T22:00:05","guid":{"rendered":"http:\/\/historiografija.hr\/?p=2390"},"modified":"2016-09-04T22:00:05","modified_gmt":"2016-09-04T22:00:05","slug":"hrt-obiljezava-450-obljetnicu-opsade-sigeta-i-pogibije-nikole-zrinskoga","status":"publish","type":"post","link":"https:\/\/historiografija.hr\/?p=2390","title":{"rendered":"HRT obilje\u017eava 450. obljetnicu opsade Sigeta i pogibije Nikole Zrinskoga"},"content":{"rendered":"<p align=\"justify\"><font size=\"3\" >  <br \/><\/font><\/p>\n<p style=\"margin: 0cm 0cm 10pt;\" align=\"justify\"><b style=\"mso-bidi-font-weight: normal;\"><font size=\"3\" face=\"Calibri\">Dokumentarcem <i style=\"mso-bidi-font-style: normal;\">U boj<\/i> Hrvatska radiotelevizija obilje\u017eava 450. obljetnicu opsade Sigeta i pogibije Nikole Zrinskoga<\/font><\/b><\/p>\n<p align=\"justify\"><font size=\"3\" >  <br \/><\/font><\/p>\n<p style=\"margin: 0cm 0cm 10pt;\" align=\"justify\"><font size=\"3\" face=\"Calibri\">&nbsp;<\/font><\/p>\n<p align=\"justify\"><font size=\"3\" >  <br \/><\/font><\/p>\n<p style=\"margin: 0cm 0cm 10pt;\" align=\"justify\"><i style=\"mso-bidi-font-style: normal;\"><font size=\"3\" face=\"Calibri\">Uo\u010di televizijskoga emitiranja film \u0107e tijekom idu\u0107ega tjedna biti prikazan u \u010cakovcu i Pakracu, a potom i u \u0160vicarskoj<\/font><\/i><\/p>\n<p align=\"justify\"><font size=\"3\" >  <br \/><\/font><\/p>\n<p style=\"margin: 0cm 0cm 10pt;\" align=\"justify\"><i style=\"mso-bidi-font-style: normal;\"><font size=\"3\" face=\"Calibri\">&nbsp;<\/font><\/i><\/p>\n<p align=\"justify\"><font size=\"3\" >  <br \/><\/font><\/p>\n<p style=\"margin: 0cm 0cm 10pt;\" align=\"justify\"><font size=\"3\" face=\"Calibri\">Autor: HRT &#8211; RJ Komunikacije<\/font><\/p>\n<p align=\"justify\"><font size=\"3\" >  <br \/><\/font><\/p>\n<p style=\"margin: 0cm 0cm 10pt;\" align=\"justify\"><font size=\"3\" face=\"Calibri\">&nbsp;<\/font><\/p>\n<p align=\"justify\"><font size=\"3\" >  <br \/><\/font><\/p>\n<p style=\"margin: 0cm 0cm 10pt;\" align=\"justify\"><font size=\"3\" face=\"Calibri\">http:\/\/hrtprikazuje.hrt.hr\/350320\/hrt-obiljezava-450-obljetnicu-opsade-sigeta-i-pogibije-nikole-zrinskoga<\/font><\/p>\n<p align=\"justify\"><font size=\"3\" >  <br \/><\/font><\/p>\n<p style=\"margin: 0cm 0cm 10pt;\" align=\"justify\"><font size=\"3\" face=\"Calibri\">&nbsp;<\/font><\/p>\n<p align=\"justify\"><font size=\"3\" >  <br \/><\/font><\/p>\n<p style=\"margin: 0cm 0cm 10pt;\" align=\"justify\"><font size=\"3\" face=\"Calibri\">Dokumentarna produkcija Hrvatske radiotelevizije (HRT) pripremila je slikovit dokumentarni film <i style=\"mso-bidi-font-style: normal;\">U boj<\/i>, koji traje 52 minute, o jednome od najpoznatijih doga\u0111aja iz vjekovne borbe protiv stranih osvaja\u010da \u2013 opsade Sigeta i juna\u010dke pogibije Nikole Zrinskoga. Hrvatska radiotelevizija time se ujedno pridru\u017euje proslavi 450. obljetnice toga doga\u0111aja.<\/font><\/p>\n<p align=\"justify\"><font size=\"3\" >  <br \/><\/font><\/p>\n<p style=\"margin: 0cm 0cm 10pt;\" align=\"justify\"><font size=\"3\" face=\"Calibri\">&nbsp;<\/font><\/p>\n<p align=\"justify\"><font size=\"3\" >  <br \/><\/font><\/p>\n<p style=\"margin: 0cm 0cm 10pt;\" align=\"justify\"><font size=\"3\" face=\"Calibri\">U hrvatskoj je povijesti i tradiciji Nikola Zrinski zapam\u0107en kao jedan od najve\u0107ih junaka koji su za opstanak domovine dali \u017eivot. Taj je hrvatski knez sa svojom malom \u010detom poginuo tijekom turske opsade ugarskoga grada Sigeta. Zrinski je s vojnicima 7. rujna 1566. godine izveo juna\u010dki juri\u0161 iz tvr\u0111ave, a u zadnjemu su boju, na \u010delu sa Zrinskim, gotovo svi poginuli.<\/font><\/p>\n<p align=\"justify\"><font size=\"3\" >  <br \/><\/font><\/p>\n<p style=\"margin: 0cm 0cm 10pt;\" align=\"justify\"><font size=\"3\" face=\"Calibri\">&nbsp;<\/font><\/p>\n<p align=\"justify\"><font size=\"3\" >  <br \/><\/font><\/p>\n<p style=\"margin: 0cm 0cm 10pt;\" align=\"justify\"><font face=\"Calibri\"><font size=\"3\"><i style=\"mso-bidi-font-style: normal;\">Jedan od najvrednijih dijelova dokumentarca otkri\u0107e je sablje i kacige Nikole Zrinskoga, koje se \u010duvaju u Be\u010du, a za koje hrvatska javnost gotovo uop\u0107e nije znala. To je otkri\u0107e tijekom snimanja HRT-ova dokumentarnoga filma <\/i>U boj<i style=\"mso-bidi-font-style: normal;\"> potaknulo Zrinsku gardu iz \u010cakovca da organizira izlo\u017ebu tih predmeta u Muzeju Me\u0111imurja. Izlo\u017eba se mo\u017ee razgledati od 17. rujna<\/i>, isti\u010de scenarist i urednik Vladimir Brnardi\u0107. <\/font><\/font><\/p>\n<p align=\"justify\"><font size=\"3\" >  <br \/><\/font><\/p>\n<p style=\"margin: 0cm 0cm 10pt;\" align=\"justify\"><font size=\"3\" face=\"Calibri\">&nbsp;<\/font><\/p>\n<p align=\"justify\"><font size=\"3\" >  <br \/><\/font><\/p>\n<p style=\"margin: 0cm 0cm 10pt;\" align=\"justify\"><font size=\"3\" face=\"Calibri\">Dokumentarni film <i style=\"mso-bidi-font-style: normal;\">U boj<\/i> premijerno \u0107e biti prikazan u utorak 6. rujna u atriju Staroga grada \u010cakovca, zatim 7. rujna u 19 sati u kinu Hrvatski dom u Pakracu, a bit \u0107e prikazan i u Luzernu 18. rujna u prostorijama Hrvatske katoli\u010dke misije, a poslije u Domu Zrinski u Luzernu. Gledatelji Hrvatske radiotelevizije<span style=\"mso-spacerun: yes;\">&nbsp; <\/span>dokumentarac mogu pogledati na Prvome programu Hrvatske televizije (HRT \u2013 HTV 1) u \u010detvrtak 8. rujna s po\u010detkom u 20 sati. Redatelj je Aldo Tardozzi, scenarist i urednik Vladimir Brnardi\u0107, direktor fotografije Davor Petri\u010di\u0107, monta\u017eerka Iva Bla\u0161kovi\u0107, a dizajn i obradu zvuka potpisuje Frano Homen, a producent je Marko Kai\u0107.<\/font><\/p>\n<p align=\"justify\"><font size=\"3\" >  <br \/><\/font><\/p>\n<p style=\"margin: 0cm 0cm 10pt;\" align=\"justify\"><font size=\"3\" face=\"Calibri\">&nbsp;<\/font><\/p>\n<p align=\"justify\"><font size=\"3\" >  <br \/><\/font><\/p>\n<p style=\"margin: 0cm 0cm 10pt;\" align=\"justify\"><font size=\"3\" face=\"Calibri\">&#8212;<\/font><\/p>\n<p align=\"justify\"><font size=\"3\" >  <br \/><\/font><\/p>\n<p style=\"margin: 0cm 0cm 10pt;\" align=\"justify\"><font size=\"3\" face=\"Calibri\">&nbsp;<\/font><\/p>\n<p align=\"justify\"><font size=\"3\" >  <br \/><\/font><\/p>\n<p style=\"margin: 0cm 0cm 10pt;\" align=\"justify\"><b style=\"mso-bidi-font-weight: normal;\"><font size=\"3\" face=\"Calibri\">U boj!<\/font><\/b><\/p>\n<p align=\"justify\"><font size=\"3\" >  <br \/><\/font><\/p>\n<p style=\"margin: 0cm 0cm 10pt;\" align=\"justify\"><font size=\"3\" face=\"Calibri\">&nbsp;<\/font><\/p>\n<p align=\"justify\"><font size=\"3\" >  <br \/><\/font><\/p>\n<p style=\"margin: 0cm 0cm 10pt;\" align=\"justify\"><b style=\"mso-bidi-font-weight: normal;\"><font size=\"3\" face=\"Calibri\">8. rujna na HRT1 u 21.30 sati, dokumentarni film<\/font><\/b><\/p>\n<p align=\"justify\"><font size=\"3\" >  <br \/><\/font><\/p>\n<p style=\"margin: 0cm 0cm 10pt;\" align=\"justify\"><b style=\"mso-bidi-font-weight: normal;\"><span style=\"mso-spacerun: yes;\"><font size=\"3\" face=\"Calibri\">&nbsp;<\/font><\/span><\/b><\/p>\n<p align=\"justify\"><font size=\"3\" >  <br \/><\/font><\/p>\n<p style=\"margin: 0cm 0cm 10pt;\" align=\"justify\"><b style=\"mso-bidi-font-weight: normal;\"><font size=\"3\" face=\"Calibri\">U vjekovnoj borbi hrvatskog naroda protiv razli\u010ditih neprijatelja ima mnogo svijetlih trenutaka. Jedan od takvih je i juna\u010dka pogibija hrvatskog kneza Nikole Zrinskog i male \u010dete njegovih boraca za turske opsade ugarskog grada Sigeta. Kad se poslije mjesec dana opsade posljednje upori\u0161te branitelja na\u0161lo u plamenu, Zrinski je s preostalim vojnicima 7. rujna 1566. izveo juna\u010dki juri\u0161 iz tvr\u0111ave. U zadnjem boju gotovo svi su izginuli na \u010delu s Nikolom Zrinskim. <\/font><\/b><\/p>\n<p align=\"justify\"><font size=\"3\" >  <br \/><\/font><\/p>\n<p style=\"margin: 0cm 0cm 10pt;\" align=\"justify\"><font size=\"3\" face=\"Calibri\">&nbsp;<\/font><\/p>\n<p align=\"justify\"><font size=\"3\" >  <br \/><\/font><\/p>\n<p style=\"margin: 0cm 0cm 10pt;\" align=\"justify\"><font size=\"3\" face=\"Calibri\">Jedan od najve\u0107ih turskih vladara, sultan Sulejman II., nije do\u010dekao pobjedu. Umro je dva dana prije, a veliki vezir Mehmed-pa\u0161a Sokolovi\u0107 morao je prikriti njegovu smrt kako ne bi obeshrabrio tursku vojsku uo\u010di napada. U hrvatskoj povijesti i narodnoj tradiciji Nikola Zrinski ostao je upam\u0107en kao jedan od najve\u0107ih junaka koji su \u017ertvovali svoj \u017eivot za opstanak domovine, te postao motiv brojnih umjetni\u010dkih djela.<\/font><\/p>\n<p align=\"justify\"><font size=\"3\" >  <br \/><\/font><\/p>\n<p style=\"margin: 0cm 0cm 10pt;\" align=\"justify\"><font size=\"3\" face=\"Calibri\">&nbsp;<\/font><\/p>\n<p align=\"justify\"><font size=\"3\" >  <br \/><\/font><\/p>\n<p style=\"margin: 0cm 0cm 10pt;\" align=\"justify\"><font size=\"3\" face=\"Calibri\">U povodu 450. obljetnice doga\u0111aja kod Sigeta Odjel dokumentarne produkcije HRT-a snimio je dokumentarni film &#8220;U boj&#8221;.<\/font><\/p>\n<p align=\"justify\"><font size=\"3\" >  <br \/><\/font><\/p>\n<p style=\"margin: 0cm 0cm 10pt;\" align=\"justify\"><font size=\"3\" face=\"Calibri\">&nbsp;<\/font><\/p>\n<p align=\"justify\"><font size=\"3\" >  <br \/><\/font><\/p>\n<p style=\"margin: 0cm 0cm 10pt;\" align=\"justify\"><b style=\"mso-bidi-font-weight: normal;\"><font size=\"3\" face=\"Calibri\">Redatelj: Aldo Tardozzi<\/font><\/b><\/p>\n<p align=\"justify\"><font size=\"3\" >  <br \/><\/font><\/p>\n<p style=\"margin: 0cm 0cm 10pt;\" align=\"justify\"><b style=\"mso-bidi-font-weight: normal;\"><font size=\"3\" face=\"Calibri\">Scenarist i urednik: Vladimir Brnardi\u0107<\/font><\/b><\/p>\n<p align=\"justify\"><font size=\"3\" >  <br \/><\/font><\/p>\n<p style=\"margin: 0cm 0cm 10pt;\" align=\"justify\"><b style=\"mso-bidi-font-weight: normal;\"><font size=\"3\" face=\"Calibri\">Direktor fotografije: Davor Petri\u010di\u0107<\/font><\/b><\/p>\n<p align=\"justify\"><font size=\"3\" >  <br \/><\/font><\/p>\n<p style=\"margin: 0cm 0cm 10pt;\" align=\"justify\"><b style=\"mso-bidi-font-weight: normal;\"><font size=\"3\" face=\"Calibri\">Monta\u017eerka: Iva Bla\u0161kovi\u0107<\/font><\/b><\/p>\n<p align=\"justify\"><font size=\"3\" >  <br \/><\/font><\/p>\n<p style=\"margin: 0cm 0cm 10pt;\" align=\"justify\"><b style=\"mso-bidi-font-weight: normal;\"><font size=\"3\" face=\"Calibri\">Dizajn i obrada zvuka: Franjo Homen<\/font><\/b><\/p>\n<p style=\"margin: 0cm 0cm 10pt;\" align=\"justify\"><strong><font size=\"3\" face=\"Calibri\"><br \/><\/font><\/strong><\/p>\n<p style=\"margin: 0cm 0cm 10pt;\" align=\"justify\"><\/p>\n<p><font size=\"3\" face=\"Calibri\"><\/p>\n<p style=\"margin: 0cm 0cm 10pt;\" align=\"justify\"><font >  <br \/><\/font><\/p>\n<p style=\"margin: 0cm 0cm 10pt;\">Izvor: <a href=\"http:\/\/hrtprikazuje.hrt.hr\/350164\/u-boj\">http:\/\/hrtprikazuje.hrt.hr\/350164\/u-boj<\/a><\/p>\n<p style=\"margin: 0cm 0cm 10pt;\"><\/p>\n<p style=\"margin: 0cm 0cm 10pt;\"><\/p>\n<p style=\"margin: 0cm 0cm 10pt;\" align=\"justify\"><font >  <br \/><\/font><\/p>\n<p><\/font><\/p>\n<p style=\"margin: 0cm 0cm 10pt;\" align=\"justify\"><\/p>\n<p align=\"justify\"><font size=\"3\" >  <br \/><\/font><\/p>\n","protected":false},"excerpt":{"rendered":"","protected":false},"author":1,"featured_media":0,"comment_status":"open","ping_status":"open","sticky":false,"template":"","format":"standard","meta":{"_acf_changed":false,"jetpack_post_was_ever_published":false,"_jetpack_newsletter_access":"","_jetpack_dont_email_post_to_subs":false,"_jetpack_newsletter_tier_id":0,"_jetpack_memberships_contains_paywalled_content":false,"_jetpack_memberships_contains_paid_content":false,"footnotes":"","jetpack_publicize_message":"","jetpack_publicize_feature_enabled":true,"jetpack_social_post_already_shared":false,"jetpack_social_options":{"image_generator_settings":{"template":"highway","default_image_id":0,"font":"","enabled":false},"version":2}},"categories":[3],"tags":[],"class_list":["post-2390","post","type-post","status-publish","format-standard","hentry","category-novosti"],"acf":{"facebook_opis":""},"jetpack_publicize_connections":[],"jetpack_featured_media_url":"","jetpack_sharing_enabled":true,"jetpack-related-posts":[{"id":52613,"url":"https:\/\/historiografija.hr\/?p=52613","url_meta":{"origin":2390,"position":0},"title":"No\u0107 knjige u Hrvatskom dr\u017eavnom arhivu","author":"Branimir Jankovi\u0107","date":"22. travnja 2026.","format":false,"excerpt":"Predstavljanje knjige Rajke Bu\u0107in \u201dLije\u010denje i zbrinjavanje \u017didova u Bolnici sestara milosrdnica u Zagrebu 1941. \u2013 1945.\u201d u \u010detvrtak, 23. travnja 2026. u 13 sati u Hrvatskom dr\u017eavnom arhivu u Zagrebu. Izvor: https:\/\/www.arhiv.hr\/hr-hr\/Kulturno-prosvjetne-aktivnosti\/ArticleId\/1986\/oamid\/1633","rel":"","context":"U &quot;Novosti&quot;","block_context":{"text":"Novosti","link":"https:\/\/historiografija.hr\/?cat=3"},"img":{"alt_text":"","src":"https:\/\/i0.wp.com\/historiografija.hr\/wp-content\/uploads\/2026\/04\/noc_knjige_2026.jpg?fit=680%2C276&ssl=1&resize=350%2C200","width":350,"height":200,"srcset":"https:\/\/i0.wp.com\/historiografija.hr\/wp-content\/uploads\/2026\/04\/noc_knjige_2026.jpg?fit=680%2C276&ssl=1&resize=350%2C200 1x, https:\/\/i0.wp.com\/historiografija.hr\/wp-content\/uploads\/2026\/04\/noc_knjige_2026.jpg?fit=680%2C276&ssl=1&resize=525%2C300 1.5x"},"classes":[]},{"id":52654,"url":"https:\/\/historiografija.hr\/?p=52654","url_meta":{"origin":2390,"position":1},"title":"Gostuju\u0107e predavanje &#8211; Danijel D\u017eino \u201eKasnoanti\u010dke i ranosrednjovjekovne gra\u0111evine u Brezi: Spomenici nepotpune biografije\u201c","author":"Branimir Jankovi\u0107","date":"24. travnja 2026.","format":false,"excerpt":"Doktorski studij predmoderne povijesti poziva na predavanje \"Kasnoanti\u010dke i ranosrednjovjekovne gra\u0111evine u Brezi: Spomenici nepotpune biografije\u201d koje \u0107e odr\u017eati profesor Danijel D\u017eino sa Sveu\u010dili\u0161ta Macquarie u Sydneyu u\u00a0utorak 28. travnja 2026. u 17h u Konferencijskoj dvorani Knji\u017enice Filozofskog fakulteta u Zagrebu. Predavanje \u0107e predo\u010diti nova saznanja dobivena kroz arhivsko-dokumentarna istra\u017eivanja\u2026","rel":"","context":"U &quot;Novosti&quot;","block_context":{"text":"Novosti","link":"https:\/\/historiografija.hr\/?cat=3"},"img":{"alt_text":"","src":"https:\/\/i0.wp.com\/historiografija.hr\/wp-content\/uploads\/2026\/04\/Dzino.jpg?fit=980%2C819&ssl=1&resize=350%2C200","width":350,"height":200,"srcset":"https:\/\/i0.wp.com\/historiografija.hr\/wp-content\/uploads\/2026\/04\/Dzino.jpg?fit=980%2C819&ssl=1&resize=350%2C200 1x, https:\/\/i0.wp.com\/historiografija.hr\/wp-content\/uploads\/2026\/04\/Dzino.jpg?fit=980%2C819&ssl=1&resize=525%2C300 1.5x, https:\/\/i0.wp.com\/historiografija.hr\/wp-content\/uploads\/2026\/04\/Dzino.jpg?fit=980%2C819&ssl=1&resize=700%2C400 2x"},"classes":[]},{"id":52651,"url":"https:\/\/historiografija.hr\/?p=52651","url_meta":{"origin":2390,"position":2},"title":"Promocija knjige Emira O. Filipovi\u0107a \u201cVite\u0161tvo u srednjovjekovnoj Bosni\u201d u Sarajevu","author":"Branimir Jankovi\u0107","date":"24. travnja 2026.","format":false,"excerpt":"Knji\u017eevni korner poziva na promociju knjige Emira O. Filipovi\u0107a \u201cVite\u0161tvo u srednjovjekovnoj Bosni\u201d koja \u0107e se odr\u017eati u srijedu, 29. aprila 2026. u 18 sati u Evropskoj ku\u0107i kulture i nacionalnih manjina (Austrijska ku\u0107a) u Sarajevu. Na promociji \u0107e govoriti Mirsad Sijari\u0107, Ema Mazrak i autor, a moderirat \u0107e Nikola\u2026","rel":"","context":"U &quot;Novosti&quot;","block_context":{"text":"Novosti","link":"https:\/\/historiografija.hr\/?cat=3"},"img":{"alt_text":"","src":"https:\/\/i0.wp.com\/historiografija.hr\/wp-content\/uploads\/2026\/04\/Vitestvo.jpg?fit=1080%2C565&ssl=1&resize=350%2C200","width":350,"height":200,"srcset":"https:\/\/i0.wp.com\/historiografija.hr\/wp-content\/uploads\/2026\/04\/Vitestvo.jpg?fit=1080%2C565&ssl=1&resize=350%2C200 1x, https:\/\/i0.wp.com\/historiografija.hr\/wp-content\/uploads\/2026\/04\/Vitestvo.jpg?fit=1080%2C565&ssl=1&resize=525%2C300 1.5x, https:\/\/i0.wp.com\/historiografija.hr\/wp-content\/uploads\/2026\/04\/Vitestvo.jpg?fit=1080%2C565&ssl=1&resize=700%2C400 2x, https:\/\/i0.wp.com\/historiografija.hr\/wp-content\/uploads\/2026\/04\/Vitestvo.jpg?fit=1080%2C565&ssl=1&resize=1050%2C600 3x"},"classes":[]},{"id":52569,"url":"https:\/\/historiografija.hr\/?p=52569","url_meta":{"origin":2390,"position":3},"title":"[Predavanje] Ne \u010dekaju\u0107i inspiraciju \u2013 anga\u017eovane intelektualne, kulturalne i umetni\u010dke prakse u me\u0111uratnom periodu: teorija i praksa kriti\u010dke levice u jugoslovenskoj kulturi (YugoLab)","author":"Branimir Jankovi\u0107","date":"21. travnja 2026.","format":false,"excerpt":"U vreme agresivnog ja\u010danja globalne desnice, (pro)fa\u0161isti\u010dkih, rasisti\u010dkih i imperijalisti\u010dkih politika, dok je istovremeno globalna levica izrazito slaba, a progresivni pokreti atomizirani i fragmentisani, va\u017eno je iz savremene perspektive vratiti se revolucionarnim i emancipatorskim zbivanjima u jugoslovenskom (ali i s njima u vezi internacionalnim de\u0161avanjima), kao i dru\u0161tvenoj ulozi kulturalnih\u2026","rel":"","context":"U &quot;Novosti&quot;","block_context":{"text":"Novosti","link":"https:\/\/historiografija.hr\/?cat=3"},"img":{"alt_text":"","src":"","width":0,"height":0},"classes":[]},{"id":52547,"url":"https:\/\/historiografija.hr\/?p=52547","url_meta":{"origin":2390,"position":4},"title":"ISHA Zagreb \u2013 Filmska ve\u010der: Povratak Martina Guerrea","author":"Branimir Jankovi\u0107","date":"20. travnja 2026.","format":false,"excerpt":"Klub studenata povijesti \u2013 ISHA Zagreb poziva Vas na filmsku ve\u010der na kojoj \u0107e se prikazivati \u201ePovratak Martina Guerrea\u201c, povijesna drama iz 1982. godine s radnjom smje\u0161tenom u 16. stolje\u0107u. Radnja je utemeljena na stvarnoj povijesnoj li\u010dnosti Martina Guerrea koji se nakon mnogo godina izbivanja vra\u0107a u svoje rodno mjesto\u2026","rel":"","context":"U &quot;Filmovi i serije&quot;","block_context":{"text":"Filmovi i serije","link":"https:\/\/historiografija.hr\/?cat=13"},"img":{"alt_text":"","src":"https:\/\/i0.wp.com\/historiografija.hr\/wp-content\/uploads\/2026\/04\/M-Guerre.png?fit=702%2C1006&ssl=1&resize=350%2C200","width":350,"height":200,"srcset":"https:\/\/i0.wp.com\/historiografija.hr\/wp-content\/uploads\/2026\/04\/M-Guerre.png?fit=702%2C1006&ssl=1&resize=350%2C200 1x, https:\/\/i0.wp.com\/historiografija.hr\/wp-content\/uploads\/2026\/04\/M-Guerre.png?fit=702%2C1006&ssl=1&resize=525%2C300 1.5x, https:\/\/i0.wp.com\/historiografija.hr\/wp-content\/uploads\/2026\/04\/M-Guerre.png?fit=702%2C1006&ssl=1&resize=700%2C400 2x"},"classes":[]},{"id":52439,"url":"https:\/\/historiografija.hr\/?p=52439","url_meta":{"origin":2390,"position":5},"title":"Tribina &#8220;Ahmi\u0107i 33 godine kasnije: Ne u na\u0161e ime&#8221;","author":"Branimir Jankovi\u0107","date":"16. travnja 2026.","format":false,"excerpt":"U \u010detvrtak, 16. travnja 2026. u 17 sati u Knji\u017enici i \u010ditaonici Bogdana Ogrizovi\u0107a u Zagrebu odr\u017eat \u0107e se tribina pod nazivom Ahmi\u0107i 33 godine kasnije: Ne u na\u0161e ime. Na tribini \u0107e govoriti Ivica \u0110iki\u0107, novinar, Mubera Masli\u0107 \u2013 \u017ddralovi\u0107, aktivistikinja, prevoditeljica za arapski, Domagoj Fuk, student politologije, \u010dlan\u2026","rel":"","context":"U &quot;Novosti&quot;","block_context":{"text":"Novosti","link":"https:\/\/historiografija.hr\/?cat=3"},"img":{"alt_text":"","src":"https:\/\/i0.wp.com\/historiografija.hr\/wp-content\/uploads\/2026\/04\/Zagreb_2026.jpeg?fit=1200%2C900&ssl=1&resize=350%2C200","width":350,"height":200,"srcset":"https:\/\/i0.wp.com\/historiografija.hr\/wp-content\/uploads\/2026\/04\/Zagreb_2026.jpeg?fit=1200%2C900&ssl=1&resize=350%2C200 1x, https:\/\/i0.wp.com\/historiografija.hr\/wp-content\/uploads\/2026\/04\/Zagreb_2026.jpeg?fit=1200%2C900&ssl=1&resize=525%2C300 1.5x, https:\/\/i0.wp.com\/historiografija.hr\/wp-content\/uploads\/2026\/04\/Zagreb_2026.jpeg?fit=1200%2C900&ssl=1&resize=700%2C400 2x, https:\/\/i0.wp.com\/historiografija.hr\/wp-content\/uploads\/2026\/04\/Zagreb_2026.jpeg?fit=1200%2C900&ssl=1&resize=1050%2C600 3x"},"classes":[]}],"_links":{"self":[{"href":"https:\/\/historiografija.hr\/index.php?rest_route=\/wp\/v2\/posts\/2390","targetHints":{"allow":["GET"]}}],"collection":[{"href":"https:\/\/historiografija.hr\/index.php?rest_route=\/wp\/v2\/posts"}],"about":[{"href":"https:\/\/historiografija.hr\/index.php?rest_route=\/wp\/v2\/types\/post"}],"author":[{"embeddable":true,"href":"https:\/\/historiografija.hr\/index.php?rest_route=\/wp\/v2\/users\/1"}],"replies":[{"embeddable":true,"href":"https:\/\/historiografija.hr\/index.php?rest_route=%2Fwp%2Fv2%2Fcomments&post=2390"}],"version-history":[{"count":0,"href":"https:\/\/historiografija.hr\/index.php?rest_route=\/wp\/v2\/posts\/2390\/revisions"}],"wp:attachment":[{"href":"https:\/\/historiografija.hr\/index.php?rest_route=%2Fwp%2Fv2%2Fmedia&parent=2390"}],"wp:term":[{"taxonomy":"category","embeddable":true,"href":"https:\/\/historiografija.hr\/index.php?rest_route=%2Fwp%2Fv2%2Fcategories&post=2390"},{"taxonomy":"post_tag","embeddable":true,"href":"https:\/\/historiografija.hr\/index.php?rest_route=%2Fwp%2Fv2%2Ftags&post=2390"}],"curies":[{"name":"wp","href":"https:\/\/api.w.org\/{rel}","templated":true}]}}