{"id":23894,"date":"2020-12-02T22:15:52","date_gmt":"2020-12-02T22:15:52","guid":{"rendered":"http:\/\/historiografija.hr\/?p=23894"},"modified":"2020-12-02T22:15:52","modified_gmt":"2020-12-02T22:15:52","slug":"sara-ahmed-kulturna-politika-emocija","status":"publish","type":"post","link":"https:\/\/historiografija.hr\/?p=23894","title":{"rendered":"Sara Ahmed, \u201cKulturna politika emocija\u201d"},"content":{"rendered":"\n<p>\u0160to su emocije i kako one utje\u010du na na\u0161e \u017eivote, na\u0161e odluke, na\u0161a tijela? Kad nas pokre\u0107u, a kad natjeraju da se zaustavimo? Povezuju li nas emocije kao zajednicu, ili nas u svijetu punom kontradikcija sve vi\u0161e razdvajaju? Koji je odnos izme\u0111u emocija, jezika i tijela? Sve su to pitanja na koja u ovoj knjizi poku\u0161ava odgovoriti vode\u0107a feministi\u010dka teoreti\u010darka Sara Ahmed analiziraju\u0107i popularne i teorijske tekstove, uz mno\u0161tvo primjera iz svakodnevnog \u017eivota.<\/p>\n\n\n\n<p><em>Kulturna politika emocija<\/em> kre\u0107e od konkretnih emocija \u2013 od boli, mr\u017enje, straha, ga\u0111enja, srama i ljubavi \u2013 i upotrebljava ih kako bi analizirala \u201cemocionalnost tekstova\u201d povezuju\u0107i rasu, rod i seksualnost, u svjetlu vrlo aktualnih tema poput imigracije, teroristi\u010dkih napada ili va\u017enosti emocija u feministi\u010dkoj i <em>queer<\/em> politici. Sara Ahmed upozorava na rastu\u0107e nepravde suvremenoga \u017eivota, na \u010dinjenicu da odre\u0111ene skupine ljudi smatramo nevrijednima emocija, da neke \u017eivote isklju\u010dujemo jer se ne uklapaju u dru\u0161tveno prihva\u0107enu normu. <em>Kulturna politika emocija<\/em> svakim nas svojim pitanjem poziva na razmi\u0161ljanje o boljem, pravednijem svijetu, utemeljenom na zajedni\u0161tvu i razumijevanju.<\/p>\n\n\n\n<p>\u201cStudija <em>Kulturna politika emocija<\/em> Sare Ahmed jedna je od najva\u017enijih suvremenih knjiga posve\u0107enih problemu emocija. Autorica emocijama ne prilazi vi\u0161e kao isklju\u010divo individualnim psihi\u010dkim stanjima, ve\u0107 uvjerljivo dokazuje kako emocije funkcioniraju kao dru\u0161tvena norma \u2013 nastaju, u\u010de se i cirkuliraju u zajednici te ih dijele velike skupine ljudi.\u201d \u2013 dr. sc. Ma\u0161a Grde\u0161i\u0107, docentica<\/p>\n\n\n\n<p>\u201cAhmed prou\u010dava afekte u kompleksnom i politi\u010dki raznorodnom prostorno- vremensko-socijalnom rasteru, promi\u0161ljaju\u0107i i vezu afekata s gra\u0111anskom, koliko i osobnom aktivacijom subjekta. (&#8230;) Rije\u010d je o seminalnom djelu koje ukazuje na mehanizme kolektivnosti svih na\u0161ih afekata.\u201d \u2013 dr. sc. Nata\u0161a Govedi\u0107, docentica<\/p>\n\n\n\n<hr class=\"wp-block-separator\"\/>\n\n\n\n<p>Jezik izvornika: engleski<\/p>\n\n\n\n<p>Prijevod: Andy Jel\u010di\u0107<\/p>\n\n\n\n<p>Broj stranica: 408<\/p>\n\n\n\n<p>Datum izdanja: studeni 2020.<\/p>\n\n\n\n<p>ISBN: 978-953358289-4<\/p>\n\n\n\n<p>Naslov izvornika: The Cultural Politics of Emotion<\/p>\n\n\n\n<hr class=\"wp-block-separator\"\/>\n\n\n\n<p>Izvor: <a href=\"https:\/\/fraktura.hr\/kulturna-politika-emocija.html\">https:\/\/fraktura.hr\/kulturna-politika-emocija.html<\/a><\/p>\n\n\n\n<hr class=\"wp-block-separator\"\/>\n","protected":false},"excerpt":{"rendered":"","protected":false},"author":2,"featured_media":23895,"comment_status":"open","ping_status":"open","sticky":false,"template":"","format":"standard","meta":{"_acf_changed":false,"jetpack_post_was_ever_published":false,"_jetpack_newsletter_access":"","_jetpack_dont_email_post_to_subs":false,"_jetpack_newsletter_tier_id":0,"_jetpack_memberships_contains_paywalled_content":false,"_jetpack_memberships_contains_paid_content":false,"footnotes":"","jetpack_publicize_message":"","jetpack_publicize_feature_enabled":true,"jetpack_social_post_already_shared":true,"jetpack_social_options":{"image_generator_settings":{"template":"highway","default_image_id":0,"font":"","enabled":false},"version":2}},"categories":[8,3],"tags":[],"class_list":["post-23894","post","type-post","status-publish","format-standard","has-post-thumbnail","hentry","category-knjige","category-novosti"],"acf":{"facebook_opis":""},"jetpack_publicize_connections":[],"jetpack_featured_media_url":"https:\/\/i0.wp.com\/historiografija.hr\/wp-content\/uploads\/2020\/12\/kulturna_politika_emocija.jpg?fit=407%2C610&ssl=1","jetpack_sharing_enabled":true,"jetpack-related-posts":[],"_links":{"self":[{"href":"https:\/\/historiografija.hr\/index.php?rest_route=\/wp\/v2\/posts\/23894","targetHints":{"allow":["GET"]}}],"collection":[{"href":"https:\/\/historiografija.hr\/index.php?rest_route=\/wp\/v2\/posts"}],"about":[{"href":"https:\/\/historiografija.hr\/index.php?rest_route=\/wp\/v2\/types\/post"}],"author":[{"embeddable":true,"href":"https:\/\/historiografija.hr\/index.php?rest_route=\/wp\/v2\/users\/2"}],"replies":[{"embeddable":true,"href":"https:\/\/historiografija.hr\/index.php?rest_route=%2Fwp%2Fv2%2Fcomments&post=23894"}],"version-history":[{"count":1,"href":"https:\/\/historiografija.hr\/index.php?rest_route=\/wp\/v2\/posts\/23894\/revisions"}],"predecessor-version":[{"id":23897,"href":"https:\/\/historiografija.hr\/index.php?rest_route=\/wp\/v2\/posts\/23894\/revisions\/23897"}],"wp:featuredmedia":[{"embeddable":true,"href":"https:\/\/historiografija.hr\/index.php?rest_route=\/wp\/v2\/media\/23895"}],"wp:attachment":[{"href":"https:\/\/historiografija.hr\/index.php?rest_route=%2Fwp%2Fv2%2Fmedia&parent=23894"}],"wp:term":[{"taxonomy":"category","embeddable":true,"href":"https:\/\/historiografija.hr\/index.php?rest_route=%2Fwp%2Fv2%2Fcategories&post=23894"},{"taxonomy":"post_tag","embeddable":true,"href":"https:\/\/historiografija.hr\/index.php?rest_route=%2Fwp%2Fv2%2Ftags&post=23894"}],"curies":[{"name":"wp","href":"https:\/\/api.w.org\/{rel}","templated":true}]}}