{"id":23891,"date":"2020-12-02T22:01:47","date_gmt":"2020-12-02T22:01:47","guid":{"rendered":"http:\/\/historiografija.hr\/?p=23891"},"modified":"2020-12-02T22:01:48","modified_gmt":"2020-12-02T22:01:48","slug":"izlozba-u-fotografskom-atelijeru-antuna-miletica","status":"publish","type":"post","link":"https:\/\/historiografija.hr\/?p=23891","title":{"rendered":"Izlo\u017eba &#8216;U fotografskom atelijeru Antuna Mileti\u0107a&#8217;"},"content":{"rendered":"\n<p>Izlo\u017eba Dubrova\u010dkih muzeja &#8216;U fotografskom atelijeru Antuna Mileti\u0107a&#8217; autorice Marine Filipovi\u0107 otvorena je za posjetitelje u Kne\u017eevu dvoru do 1. travnja 2021.<\/p>\n\n\n\n<p>Dubrov\u010danin Antun Mileti\u0107 jedan je od najzna\u010dajnijih atelijerskih fotografa koji je djelovao u Dubrovniku od kasnih 1880 &#8211; ih pa sve do 1925. godine. Na izlo\u017ebi je prvi put javnosti prezentiran njegov vi\u0161egodi\u0161nji fotografski rad i to kroz 400 fotografija, od kojih je dvjestotinjak iz fundusa Kulturno \u2013 povijesnog muzeja, a ostale su posudili privatni vlasnici i kolekcionari \u2013 Anka i Frano Kisi\u0107, Marijanka Knego, Mato Kukuljica, Nerio Rakigjija, Vladimir \u0160ari\u0107, Eduard \u0160uljak i Ivan Vi\u0111en.<\/p>\n\n\n\n<p>Kasnih osamdesetih godina 19. stolje\u0107a Mileti\u0107 je otvorio fotografski atelijer u Gradu, koji se nalazio na prvom katu ku\u0107e u Ulici Cvijete Zuzori\u0107, gdje je bilo i Dubrova\u010dko radni\u010dko dru\u0161tvo. U svojem bogato opremljenom atelijeru ovjekovje\u010dio je ne samo Dubrov\u010dane, Primorce, \u017dupljane, Konavljane, nego i sve one koji su htjeli trajnu uspomenu na svoj boravak u Dubrovniku. Mnogobrojni sa\u010duvani radovi svjedo\u010de kako je pratio modu onoga doba u na\u010dinu portretiranja i opremanja atelijera.<\/p>\n\n\n\n<p>Iako je ostao zapam\u0107en kao atelijerski fotograf, Mileti\u0107 je tijekom \u010detrdesetogodi\u0161nje karijere nerijetko izlazio iz svojeg atelijera i snimao \u0161kolske razrede, razna dru\u0161tva, proslave obljetnica, vjerske procesije, ro\u0111endane i ostale dru\u0161tvene doga\u0111aje u Dubrovniku. Mileti\u0107 je ujedno bio i prvi kroni\u010dar teatarskih zbivanja u Dubrovniku. U svojem je atelijeru snimio brojne scene iz predstava u kojima su glumci, odjeveni u kazali\u0161ne kostime, vje\u0161to pozirali ispred oslikanih paravana.<\/p>\n\n\n\n<p>Iza sebe je ostavio stotine fotografija na kojima je ovjekovje\u010dio va\u017ene, ali i manje va\u017ene&nbsp; trenutke iz \u017eivota Grada i njegovih stanovnika.<\/p>\n\n\n\n<p>Na izlo\u017ebi je rekonstruiran i jedan dio atelijera Antuna Mileti\u0107a u kojem se posjetitelji mogu fotografirati.<\/p>\n\n\n\n<p>Likovni postav izlo\u017ebe potpisuje vi\u0161a kustosica Ivona Michl, ilustracije je izradio Ivo Letuni\u0107, a skulpture Ivan Mlado\u0161i\u0107.<\/p>\n\n\n\n<p>Izvor i dodatne informacije:<\/p>\n\n\n\n<p><a href=\"https:\/\/www.culturenet.hr\/\">https:\/\/www.culturenet.hr\/<\/a><\/p>\n\n\n\n<p><a href=\"https:\/\/www.facebook.com\/dubrovnikmuseums\/http:\/\/www.dubrovnikportal.com\/novosti\/otvorena-nova-izlozba-dubrovackih-muzeja\/\">https:\/\/www.facebook.com\/dubrovnikmuseums\/<\/a><\/p>\n\n\n\n<p><a href=\"https:\/\/www.facebook.com\/dubrovnikmuseums\/http:\/\/www.dubrovnikportal.com\/novosti\/otvorena-nova-izlozba-dubrovackih-muzeja\/\">http:\/\/www.dubrovnikportal.com\/novosti\/otvorena-nova-izlozba-dubrovackih-muzeja\/<\/a><\/p>\n\n\n\n<hr class=\"wp-block-separator\"\/>\n","protected":false},"excerpt":{"rendered":"","protected":false},"author":2,"featured_media":23892,"comment_status":"open","ping_status":"open","sticky":false,"template":"","format":"standard","meta":{"_acf_changed":false,"jetpack_post_was_ever_published":false,"_jetpack_newsletter_access":"","_jetpack_dont_email_post_to_subs":false,"_jetpack_newsletter_tier_id":0,"_jetpack_memberships_contains_paywalled_content":false,"_jetpack_memberships_contains_paid_content":false,"footnotes":"","jetpack_publicize_message":"","jetpack_publicize_feature_enabled":true,"jetpack_social_post_already_shared":true,"jetpack_social_options":{"image_generator_settings":{"template":"highway","default_image_id":0,"font":"","enabled":false},"version":2}},"categories":[10,3],"tags":[],"class_list":["post-23891","post","type-post","status-publish","format-standard","has-post-thumbnail","hentry","category-izlozbe","category-novosti"],"acf":{"facebook_opis":""},"jetpack_publicize_connections":[],"jetpack_featured_media_url":"https:\/\/i0.wp.com\/historiografija.hr\/wp-content\/uploads\/2020\/12\/miletic.jpg?fit=800%2C533&ssl=1","jetpack_sharing_enabled":true,"jetpack-related-posts":[],"_links":{"self":[{"href":"https:\/\/historiografija.hr\/index.php?rest_route=\/wp\/v2\/posts\/23891","targetHints":{"allow":["GET"]}}],"collection":[{"href":"https:\/\/historiografija.hr\/index.php?rest_route=\/wp\/v2\/posts"}],"about":[{"href":"https:\/\/historiografija.hr\/index.php?rest_route=\/wp\/v2\/types\/post"}],"author":[{"embeddable":true,"href":"https:\/\/historiografija.hr\/index.php?rest_route=\/wp\/v2\/users\/2"}],"replies":[{"embeddable":true,"href":"https:\/\/historiografija.hr\/index.php?rest_route=%2Fwp%2Fv2%2Fcomments&post=23891"}],"version-history":[{"count":1,"href":"https:\/\/historiografija.hr\/index.php?rest_route=\/wp\/v2\/posts\/23891\/revisions"}],"predecessor-version":[{"id":23893,"href":"https:\/\/historiografija.hr\/index.php?rest_route=\/wp\/v2\/posts\/23891\/revisions\/23893"}],"wp:featuredmedia":[{"embeddable":true,"href":"https:\/\/historiografija.hr\/index.php?rest_route=\/wp\/v2\/media\/23892"}],"wp:attachment":[{"href":"https:\/\/historiografija.hr\/index.php?rest_route=%2Fwp%2Fv2%2Fmedia&parent=23891"}],"wp:term":[{"taxonomy":"category","embeddable":true,"href":"https:\/\/historiografija.hr\/index.php?rest_route=%2Fwp%2Fv2%2Fcategories&post=23891"},{"taxonomy":"post_tag","embeddable":true,"href":"https:\/\/historiografija.hr\/index.php?rest_route=%2Fwp%2Fv2%2Ftags&post=23891"}],"curies":[{"name":"wp","href":"https:\/\/api.w.org\/{rel}","templated":true}]}}