{"id":23885,"date":"2020-12-02T21:48:50","date_gmt":"2020-12-02T21:48:50","guid":{"rendered":"http:\/\/historiografija.hr\/?p=23885"},"modified":"2020-12-02T21:48:50","modified_gmt":"2020-12-02T21:48:50","slug":"izlozba-arheologija-izvan-zidina-archaeology-beyond-the-walls","status":"publish","type":"post","link":"https:\/\/historiografija.hr\/?p=23885","title":{"rendered":"Izlo\u017eba \u201eArheologija izvan zidina \/ Archaeology beyond the walls\u201c"},"content":{"rendered":"\n<p>Povodom 70. godina arheolo\u0161kih istra\u017eivanja u Iloku i 51. godine djelovanja Muzeja grada Iloka u pala\u010di Odescalchi u Iloku, najavljujemo otvorenje izlo\u017ebe \u201eARHEOLOGIJA IZVAN ZIDINA \/ ARCHAEOLOGY BEYOND THE WALLS\u201c u petak, 4. prosinca 2020. godine.<\/p>\n\n\n\n<p><br>Izlo\u017ebom se prezentira posljednjih deset godina za\u0161titnih arheolo\u0161kih istra\u017eivanja na podru\u010dju grada Iloka koja su dovela do novih uvida u rasprostiranje naselja, njihovo egzistiranje kroz povijesne epohe i donijelo neke nove znanstvene spoznaje. Otvorenje izlo\u017ebe mo\u017eete pratiti u petak u 13.00 sati na slu\u017ebenoj Facebook stranici muzeja.<\/p>\n\n\n\n<p><br>Izlo\u017eba \u0107e se mo\u0107i pogledati svaki radni dan Muzeja grada Iloka \u2013 Galerija umjetnina, uz pridr\u017eavanje svih epidemiolo\u0161kih mjera Sto\u017eera civilne za\u0161tite Republike Hrvatske.<\/p>\n\n\n\n<p>Izvor: <a href=\"https:\/\/www.facebook.com\/events\/736220386986434\/\">https:\/\/www.facebook.com\/events\/736220386986434\/<\/a><\/p>\n\n\n\n<hr class=\"wp-block-separator\"\/>\n","protected":false},"excerpt":{"rendered":"","protected":false},"author":2,"featured_media":23886,"comment_status":"open","ping_status":"open","sticky":false,"template":"","format":"standard","meta":{"_acf_changed":false,"jetpack_post_was_ever_published":false,"_jetpack_newsletter_access":"","_jetpack_dont_email_post_to_subs":false,"_jetpack_newsletter_tier_id":0,"_jetpack_memberships_contains_paywalled_content":false,"_jetpack_memberships_contains_paid_content":false,"footnotes":"","jetpack_publicize_message":"","jetpack_publicize_feature_enabled":true,"jetpack_social_post_already_shared":true,"jetpack_social_options":{"image_generator_settings":{"template":"highway","default_image_id":0,"font":"","enabled":false},"version":2}},"categories":[10,3],"tags":[],"class_list":["post-23885","post","type-post","status-publish","format-standard","has-post-thumbnail","hentry","category-izlozbe","category-novosti"],"acf":{"facebook_opis":""},"jetpack_publicize_connections":[],"jetpack_featured_media_url":"https:\/\/i0.wp.com\/historiografija.hr\/wp-content\/uploads\/2020\/12\/Ilok-izlozba.jpg?fit=644%2C900&ssl=1","jetpack_sharing_enabled":true,"jetpack-related-posts":[],"_links":{"self":[{"href":"https:\/\/historiografija.hr\/index.php?rest_route=\/wp\/v2\/posts\/23885","targetHints":{"allow":["GET"]}}],"collection":[{"href":"https:\/\/historiografija.hr\/index.php?rest_route=\/wp\/v2\/posts"}],"about":[{"href":"https:\/\/historiografija.hr\/index.php?rest_route=\/wp\/v2\/types\/post"}],"author":[{"embeddable":true,"href":"https:\/\/historiografija.hr\/index.php?rest_route=\/wp\/v2\/users\/2"}],"replies":[{"embeddable":true,"href":"https:\/\/historiografija.hr\/index.php?rest_route=%2Fwp%2Fv2%2Fcomments&post=23885"}],"version-history":[{"count":1,"href":"https:\/\/historiografija.hr\/index.php?rest_route=\/wp\/v2\/posts\/23885\/revisions"}],"predecessor-version":[{"id":23887,"href":"https:\/\/historiografija.hr\/index.php?rest_route=\/wp\/v2\/posts\/23885\/revisions\/23887"}],"wp:featuredmedia":[{"embeddable":true,"href":"https:\/\/historiografija.hr\/index.php?rest_route=\/wp\/v2\/media\/23886"}],"wp:attachment":[{"href":"https:\/\/historiografija.hr\/index.php?rest_route=%2Fwp%2Fv2%2Fmedia&parent=23885"}],"wp:term":[{"taxonomy":"category","embeddable":true,"href":"https:\/\/historiografija.hr\/index.php?rest_route=%2Fwp%2Fv2%2Fcategories&post=23885"},{"taxonomy":"post_tag","embeddable":true,"href":"https:\/\/historiografija.hr\/index.php?rest_route=%2Fwp%2Fv2%2Ftags&post=23885"}],"curies":[{"name":"wp","href":"https:\/\/api.w.org\/{rel}","templated":true}]}}