{"id":23869,"date":"2020-12-01T23:09:58","date_gmt":"2020-12-01T23:09:58","guid":{"rendered":"http:\/\/historiografija.hr\/?p=23869"},"modified":"2020-12-21T17:09:34","modified_gmt":"2020-12-21T17:09:34","slug":"umro-novinar-i-publicist-josip-sentija","status":"publish","type":"post","link":"https:\/\/historiografija.hr\/?p=23869","title":{"rendered":"Umro novinar i publicist Josip \u0160entija"},"content":{"rendered":"\n<p>ZAGREB, 30. studenoga 2020. (Hina) &#8211; Josip \u0160entija, novinar, publicist i&nbsp;prvi ravnatelj Hine&nbsp;umro je&nbsp;u nedjelju nave\u010der u 89. godini, nakon \u0161to mu je iznenada pozlilo, doznaje se u ponedjeljak od njegove&nbsp;obitelji.<\/p>\n\n\n\n<p>Izvor: <a href=\"https:\/\/www.hina.hr\/vijest\/10534140\">https:\/\/www.hina.hr\/vijest\/10534140<\/a><\/p>\n\n\n\n<hr class=\"wp-block-separator\"\/>\n\n\n\n<p><strong>In memoriam Josip \u0160entija (1931\u22122020)<\/strong><\/p>\n\n\n\n<p><a href=\"https:\/\/www.lzmk.hr\/vijesti\/617-in-memoriam-josip-sentija-1931-2020\">https:\/\/www.lzmk.hr\/vijesti\/617-in-memoriam-josip-sentija-1931-2020<\/a><\/p>\n\n\n\n<hr class=\"wp-block-separator\"\/>\n\n\n\n<p><strong>Iz medija:<\/strong><strong><\/strong><\/p>\n\n\n\n<p><a href=\"https:\/\/vijesti.hrt.hr\/683672\/umro-novinar-i-publicist-josip-sentija\">https:\/\/vijesti.hrt.hr\/683672\/umro-novinar-i-publicist-josip-sentija<\/a><\/p>\n\n\n\n<p><a href=\"http:\/\/hr.n1info.com\/Vijesti\/a581388\/Umro-novinar-i-publicist-Josip-Sentija-prvi-direktor-HINA-e.html\">http:\/\/hr.n1info.com\/Vijesti\/a581388\/Umro-novinar-i-publicist-Josip-Sentija-prvi-direktor-HINA-e.html<\/a><\/p>\n\n\n\n<p><a href=\"http:\/\/hr.n1info.com\/Kultura\/a581566\/Obuljen-Korzinek-Sentija-dao-velik-doprinos-uspostavi-medijskog-profesionalizma.html\">http:\/\/hr.n1info.com\/Kultura\/a581566\/Obuljen-Korzinek-Sentija-dao-velik-doprinos-uspostavi-medijskog-profesionalizma.html<\/a><\/p>\n\n\n\n<p><a href=\"https:\/\/www.jutarnji.hr\/kultura\/knjizevnost\/preminuo-novinar-i-publicist-josip-sentija-u-nedjelju-navecer-mu-je-iznenada-pozlilo-15010092\">https:\/\/www.jutarnji.hr\/kultura\/knjizevnost\/preminuo-novinar-i-publicist-josip-sentija-u-nedjelju-navecer-mu-je-iznenada-pozlilo-15010092<\/a><\/p>\n\n\n\n<figure class=\"wp-block-embed-wordpress wp-block-embed is-type-wp-embed is-provider-novi-list\"><div class=\"wp-block-embed__wrapper\">\n<blockquote class=\"wp-embedded-content\" data-secret=\"T616iSAvPg\"><a href=\"https:\/\/www.novilist.hr\/novosti\/hrvatska\/umro-novinar-i-publicist-josip-sentija\/\">Umro novinar i publicist Josip \u0160entija<\/a><\/blockquote><iframe loading=\"lazy\" class=\"wp-embedded-content\" sandbox=\"allow-scripts\" security=\"restricted\" style=\"position: absolute; clip: rect(1px, 1px, 1px, 1px);\" title=\"&#8220;Umro novinar i publicist Josip \u0160entija&#8221; &#8212; Novi list\" src=\"https:\/\/www.novilist.hr\/novosti\/hrvatska\/umro-novinar-i-publicist-josip-sentija\/embed\/#?secret=T616iSAvPg\" data-secret=\"T616iSAvPg\" width=\"600\" height=\"338\" frameborder=\"0\" marginwidth=\"0\" marginheight=\"0\" scrolling=\"no\"><\/iframe>\n<\/div><\/figure>\n\n\n\n<hr class=\"wp-block-separator\"\/>\n","protected":false},"excerpt":{"rendered":"","protected":false},"author":2,"featured_media":23872,"comment_status":"open","ping_status":"open","sticky":false,"template":"","format":"standard","meta":{"_acf_changed":false,"jetpack_post_was_ever_published":false,"_jetpack_newsletter_access":"","_jetpack_dont_email_post_to_subs":false,"_jetpack_newsletter_tier_id":0,"_jetpack_memberships_contains_paywalled_content":false,"_jetpack_memberships_contains_paid_content":false,"footnotes":"","jetpack_publicize_message":"","jetpack_publicize_feature_enabled":true,"jetpack_social_post_already_shared":true,"jetpack_social_options":{"image_generator_settings":{"template":"highway","default_image_id":0,"font":"","enabled":false},"version":2}},"categories":[3,20],"tags":[],"class_list":["post-23869","post","type-post","status-publish","format-standard","has-post-thumbnail","hentry","category-novosti","category-obavijesti-o-smrti-i-nekrolozi"],"acf":{"facebook_opis":""},"jetpack_publicize_connections":[],"jetpack_featured_media_url":"https:\/\/i0.wp.com\/historiografija.hr\/wp-content\/uploads\/2020\/12\/J-Sentija.jpg?fit=800%2C294&ssl=1","jetpack_sharing_enabled":true,"jetpack-related-posts":[],"_links":{"self":[{"href":"https:\/\/historiografija.hr\/index.php?rest_route=\/wp\/v2\/posts\/23869","targetHints":{"allow":["GET"]}}],"collection":[{"href":"https:\/\/historiografija.hr\/index.php?rest_route=\/wp\/v2\/posts"}],"about":[{"href":"https:\/\/historiografija.hr\/index.php?rest_route=\/wp\/v2\/types\/post"}],"author":[{"embeddable":true,"href":"https:\/\/historiografija.hr\/index.php?rest_route=\/wp\/v2\/users\/2"}],"replies":[{"embeddable":true,"href":"https:\/\/historiografija.hr\/index.php?rest_route=%2Fwp%2Fv2%2Fcomments&post=23869"}],"version-history":[{"count":1,"href":"https:\/\/historiografija.hr\/index.php?rest_route=\/wp\/v2\/posts\/23869\/revisions"}],"predecessor-version":[{"id":23871,"href":"https:\/\/historiografija.hr\/index.php?rest_route=\/wp\/v2\/posts\/23869\/revisions\/23871"}],"wp:featuredmedia":[{"embeddable":true,"href":"https:\/\/historiografija.hr\/index.php?rest_route=\/wp\/v2\/media\/23872"}],"wp:attachment":[{"href":"https:\/\/historiografija.hr\/index.php?rest_route=%2Fwp%2Fv2%2Fmedia&parent=23869"}],"wp:term":[{"taxonomy":"category","embeddable":true,"href":"https:\/\/historiografija.hr\/index.php?rest_route=%2Fwp%2Fv2%2Fcategories&post=23869"},{"taxonomy":"post_tag","embeddable":true,"href":"https:\/\/historiografija.hr\/index.php?rest_route=%2Fwp%2Fv2%2Ftags&post=23869"}],"curies":[{"name":"wp","href":"https:\/\/api.w.org\/{rel}","templated":true}]}}