{"id":23854,"date":"2020-11-30T17:43:33","date_gmt":"2020-11-30T17:43:33","guid":{"rendered":"http:\/\/historiografija.hr\/?p=23854"},"modified":"2020-11-30T17:43:33","modified_gmt":"2020-11-30T17:43:33","slug":"izlozba-bastina-medunarodne-suradnje-africki-i-azijski-radovi-hrvatskih-arhitekata","status":"publish","type":"post","link":"https:\/\/historiografija.hr\/?p=23854","title":{"rendered":"Izlo\u017eba \u201cBa\u0161tina me\u0111unarodne suradnje: afri\u010dki i azijski radovi hrvatskih arhitekata\u201d"},"content":{"rendered":"\n<p>Online otvorenje izlo\u017ebe odr\u017eat \u0107e se 30. studenog 2020. u 18.30 h,&nbsp;na poveznici <a href=\"https:\/\/us02web.zoom.us\/j\/88447705893\" target=\"_blank\" rel=\"noreferrer noopener\">https:\/\/us02web.zoom.us\/j\/88447705893<\/a><\/p>\n\n\n\n<p>O izlo\u017ebi \u0107e govoriti:<\/p>\n\n\n\n<p>Boris Bakal (moderator), dr. sc. Lukasz Stanek, dr. sc. Vladimir Kuli\u0107, dr. sc. Tvrtko Jakovina, dr. sc. Zvonimir \u017dagar, Charles Kofi Bosumprah, autorice.<\/p>\n\n\n\n<p>Djelovanje hrvatskih arhitekata u inozemstvu odvijalo se, i jo\u0161 se uvijek odvija, divergentno, kako u prostornom, tako i u organizacijskom smislu. Izdvajanje teritorija afri\u010dkih i azijskih zemalja kao podru\u010dja njegove konvergencije u bitnoj je mjeri rezultat vanjske politike socijalisti\u010dke Jugoslavije vo\u0111ene idejom nesvrstavanja. Istovremeno, rije\u010d je o dinami\u010dnoj platformi raznorodnih aktera na gra\u0111evinskom tr\u017ei\u0161tu mladih, netom emancipiranih nacija \u010dijem o\u010dekivanom suverenom razvoju arhitektura nudi vizije s vlastitih pozicija. Karakter arhitektonskih praksi koje se pojavljuju unutar takve koncepcije \u201eTre\u0107ega svijeta\u201c stoga je izrazito heterogen. S ekonomskog je stajali\u0161ta mogu\u0107e diferencirati skalu od gospodarski zna\u010dajnih, do sasvim individualnih poslovnih, pa i migracijskih poduhvata. Iz perspektive neposrednih radnih okolnosti najizra\u017eenija je opreka u mjestu izrade projekata pri \u010demu se odre\u0111ena dokumentacija \u201eizvozi\u201c iz hrvatskih biroa, dok druga nastaje temeljem vi\u0161egodi\u0161njeg rada u me\u0111unarodnom okru\u017eenju stru\u010dnjaka na samoj lokaciji. Uvid u relevantne afri\u010dke i azijske radove hrvatskih arhitekata ostvaruje se kroz deset prikaza prostorno i sadr\u017eajno razli\u010ditih tematskih cjelina. Sadr\u017eaj postava ujedno je i odraz varijabilnosti sadr\u017eane u prirodi njima pripadaju\u0107ih modaliteta djelovanja.<\/p>\n\n\n\n<p>Izlo\u017eba ostaje otvorena do 16. prosinca 2020., od utorka do petka od 11 do 18 h, subotom i nedjeljom od 10 do 13 h, u prostoru Dru\u0161tva arhitekata Zagreba, Trg bana Josipa Jela\u010di\u0107a 3\/1.<\/p>\n\n\n\n<p>Obilazak izlo\u017ebe s autoricama organiziran je u subotu 5. prosinca i 12. prosinca 2020. u 11 h.<\/p>\n\n\n\n<p>Nositelj projekta: Baca\u010di sjenki<\/p>\n\n\n\n<p>Partneri: Dru\u0161tvo arhitekata Zagreba, Arhitektonski fakultet u Zagrebu<\/p>\n\n\n\n<p>Kuratorice i autorice postava izlo\u017ebe: Mojca Smode Cvitanovi\u0107 i Marina Smokvina<\/p>\n\n\n\n<p>Suradnici u realizaciji izlo\u017ebe: Baca\u010di sjenki<\/p>\n\n\n\n<p>Posjet izlo\u017ebi organiziran je uz po\u0161tivanje svih preporu\u010denih epidemiolo\u0161kih mjera. Ulazak u izlo\u017ebeni prostor mogu\u0107 je isklju\u010divo uz uporabu maske. Zbog ograni\u010denog broja posjetitelja za organizirani obilazak izlo\u017ebe s autoricama molimo najaviti dolazak na msmode@arhitekt.hr.<\/p>\n\n\n\n<p>Izvor: <a href=\"http:\/\/www.d-a-z.hr\/hr\/aktualna-tema\/bastina-medunarodne-suradnje-africki-i-azijski-radovi-hrvatskih-arhitekata,5125.html\">http:\/\/www.d-a-z.hr\/hr\/aktualna-tema\/bastina-medunarodne-suradnje-africki-i-azijski-radovi-hrvatskih-arhitekata,5125.html<\/a><\/p>\n\n\n\n<hr class=\"wp-block-separator\"\/>\n","protected":false},"excerpt":{"rendered":"","protected":false},"author":2,"featured_media":23855,"comment_status":"open","ping_status":"open","sticky":false,"template":"","format":"standard","meta":{"_acf_changed":false,"jetpack_post_was_ever_published":false,"_jetpack_newsletter_access":"","_jetpack_dont_email_post_to_subs":false,"_jetpack_newsletter_tier_id":0,"_jetpack_memberships_contains_paywalled_content":false,"_jetpack_memberships_contains_paid_content":false,"footnotes":"","jetpack_publicize_message":"","jetpack_publicize_feature_enabled":true,"jetpack_social_post_already_shared":true,"jetpack_social_options":{"image_generator_settings":{"template":"highway","default_image_id":0,"font":"","enabled":false},"version":2}},"categories":[10,3],"tags":[],"class_list":["post-23854","post","type-post","status-publish","format-standard","has-post-thumbnail","hentry","category-izlozbe","category-novosti"],"acf":{"facebook_opis":""},"jetpack_publicize_connections":[],"jetpack_featured_media_url":"https:\/\/i0.wp.com\/historiografija.hr\/wp-content\/uploads\/2020\/11\/afaz.jpg?fit=480%2C280&ssl=1","jetpack_sharing_enabled":true,"jetpack-related-posts":[],"_links":{"self":[{"href":"https:\/\/historiografija.hr\/index.php?rest_route=\/wp\/v2\/posts\/23854","targetHints":{"allow":["GET"]}}],"collection":[{"href":"https:\/\/historiografija.hr\/index.php?rest_route=\/wp\/v2\/posts"}],"about":[{"href":"https:\/\/historiografija.hr\/index.php?rest_route=\/wp\/v2\/types\/post"}],"author":[{"embeddable":true,"href":"https:\/\/historiografija.hr\/index.php?rest_route=\/wp\/v2\/users\/2"}],"replies":[{"embeddable":true,"href":"https:\/\/historiografija.hr\/index.php?rest_route=%2Fwp%2Fv2%2Fcomments&post=23854"}],"version-history":[{"count":1,"href":"https:\/\/historiografija.hr\/index.php?rest_route=\/wp\/v2\/posts\/23854\/revisions"}],"predecessor-version":[{"id":23856,"href":"https:\/\/historiografija.hr\/index.php?rest_route=\/wp\/v2\/posts\/23854\/revisions\/23856"}],"wp:featuredmedia":[{"embeddable":true,"href":"https:\/\/historiografija.hr\/index.php?rest_route=\/wp\/v2\/media\/23855"}],"wp:attachment":[{"href":"https:\/\/historiografija.hr\/index.php?rest_route=%2Fwp%2Fv2%2Fmedia&parent=23854"}],"wp:term":[{"taxonomy":"category","embeddable":true,"href":"https:\/\/historiografija.hr\/index.php?rest_route=%2Fwp%2Fv2%2Fcategories&post=23854"},{"taxonomy":"post_tag","embeddable":true,"href":"https:\/\/historiografija.hr\/index.php?rest_route=%2Fwp%2Fv2%2Ftags&post=23854"}],"curies":[{"name":"wp","href":"https:\/\/api.w.org\/{rel}","templated":true}]}}