{"id":23851,"date":"2020-11-30T17:29:50","date_gmt":"2020-11-30T17:29:50","guid":{"rendered":"http:\/\/historiografija.hr\/?p=23851"},"modified":"2020-11-30T17:29:50","modified_gmt":"2020-11-30T17:29:50","slug":"pruga-avantura-izgradnje-ur-edward-p-thompson-prevod-slobodanka-glisic-duh-pruge-zbornik-radova-o-knjizi-e-p-thompsona-ur-andrea-matosevic-i-tanja-petrovic","status":"publish","type":"post","link":"https:\/\/historiografija.hr\/?p=23851","title":{"rendered":"PRUGA. AVANTURA IZGRADNJE (ur. Edward P. Thompson, prevod: Slobodanka Gli\u0161i\u0107) \/ DUH PRUGE. ZBORNIK RADOVA O KNJIZI E.P. THOMPSONA (ur. Andrea Mato\u0161evi\u0107 i Tanja Petrovi\u0107)"},"content":{"rendered":"\n<p><strong>O knjizi:<\/strong><br>\u201cMe\u0111u koricama ove knjige objedinjena su dva rukopisa razli\u010dite \u017eanrovske provenijencije u jedinstveni zbornik sna\u017enog emancipatorskog karaktera. Prvi rukopis prevod je knjige The Railway: An Adventure in Construction, izvorno objavljene na engleskom jeziku 1948. godine u Londonu, pod izdava\u010dkim \u017eigom Britansko-jugoslovenskog udru\u017eenja, kao impresivno svjedo\u010danstvo \u010dlanova Britanske brigade koji su u\u010destvovali u izgradnji pruge \u0160amac\u2013Sarajevo, u ljeto 1947. godine. Urednik i glavni autor knjige bio je Edward Palmer Thompson, tada\u0161nji komandant Britanske brigade, kasnije priznati britanski povjesni\u010dar lijevog prosedea u tuma\u010denju historijskih procesa. Drugi rukopis je znanstvena verifikacija iskustvene pri\u010de Thompsona i drugova. Taj zbornik nudi obilje interpretativnih uklona spram fenomena izgradnje jednog novog svijeta kroz metaforu pruge kao konkretne socijalisti\u010dke apstrakcije (industrijalizacija plus elektrifikacija jednako je socijalizam!), ali i kao nadila\u017eenje vulgarnog materijalizma kroz gradnju novog \u010dovjeka budu\u0107nosti koji je spreman za dijalekti\u010dki manevar: <em>mi gradimo prugu, pruga gradi nas<\/em>.\u201d<br>Nerzuk \u0106urak<\/p>\n\n\n\n<p><strong>O urednicima:<\/strong><br>Andrea Mato\u0161evi\u0107 izvanredni je profesor i jedan od osniva\u010da i istra\u017eiva\u010da u Centru za kulturolo\u0161ka i povijesna istra\u017eivanja socijalizma Sveu\u010dili\u0161ta Jurja Dobrile u Puli. Objavio je \u010detiri monografije: \u201cPod zemljom. Antropologija rudarenja na Labin\u0161tini u XX. stolje\u0107u\u201d (2011), \u201cSocijalizam s udarni\u010dkim licem. Etnografija radnog pregala\u0161tva\u201d (2015), \u201cDo\u0107i u Pulu, dospjeti u tapiju. Etno-filozofska studija lokalnog fenomena\u201d (2019) te u suautorstvu s Teom \u0160koki\u0107 \u201cPolutani dugog trajanja. Balkanisti\u010dki diskursi\u201d (2014).<\/p>\n\n\n\n<p>Tanja Petrovi\u0107 je nau\u010dna savetnica na Institutu za studije kulture i se\u0107anja ZRC SAZU u Ljubljani. Autorka je i urednica knjiga \u201cYuropa: jugoslovensko nasle\u0111e i politike budu\u0107nosti u post-jugoslovenskim dru\u0161tvima\u201d (Fabrika knjiga, 2012; nema\u010dki prevod objavio je Verbrecher Verlag 2015), \u201cMirroring Europe: Ideas of Europe in Europeanization in Balkan Societies\u201d (Leiden-Boston, Brill, 2014), \u201cSrbija i njen jug: \u2018ju\u017enja\u010dki dijalekti\u2019 izme\u0111u jezika, kulture i politike\u201d (Fabrika knjiga, 2015), \u201cMade in YU 2015\u201d (Ljubljana, Zalo\u017eba ZRC, 2016, sa Jernejem Mleku\u017eom).<\/p>\n\n\n\n<p>Izdava\u010d: Fabrika knjiga<\/p>\n\n\n\n<p>godina: 2020<\/p>\n\n\n\n<p>broj strana: 296<\/p>\n\n\n\n<p>Izvor:<\/p>\n\n\n\n<p><a href=\"http:\/\/www.fabrikaknjiga.co.rs\/pruga-avantura-izgradnje-duh-pruge-zbornik-radova-o-knjizi-e-p-thompsona\/\">http:\/\/www.fabrikaknjiga.co.rs\/pruga-avantura-izgradnje-duh-pruge-zbornik-radova-o-knjizi-e-p-thompsona\/<\/a><\/p>\n\n\n\n<hr class=\"wp-block-separator\"\/>\n","protected":false},"excerpt":{"rendered":"","protected":false},"author":2,"featured_media":23852,"comment_status":"open","ping_status":"open","sticky":false,"template":"","format":"standard","meta":{"_acf_changed":false,"jetpack_post_was_ever_published":false,"_jetpack_newsletter_access":"","_jetpack_dont_email_post_to_subs":false,"_jetpack_newsletter_tier_id":0,"_jetpack_memberships_contains_paywalled_content":false,"_jetpack_memberships_contains_paid_content":false,"footnotes":"","jetpack_publicize_message":"","jetpack_publicize_feature_enabled":true,"jetpack_social_post_already_shared":true,"jetpack_social_options":{"image_generator_settings":{"template":"highway","default_image_id":0,"font":"","enabled":false},"version":2}},"categories":[8,3],"tags":[],"class_list":["post-23851","post","type-post","status-publish","format-standard","has-post-thumbnail","hentry","category-knjige","category-novosti"],"acf":{"facebook_opis":""},"jetpack_publicize_connections":[],"jetpack_featured_media_url":"https:\/\/i0.wp.com\/historiografija.hr\/wp-content\/uploads\/2020\/11\/Pruga.jpg?fit=1200%2C811&ssl=1","jetpack_sharing_enabled":true,"jetpack-related-posts":[],"_links":{"self":[{"href":"https:\/\/historiografija.hr\/index.php?rest_route=\/wp\/v2\/posts\/23851","targetHints":{"allow":["GET"]}}],"collection":[{"href":"https:\/\/historiografija.hr\/index.php?rest_route=\/wp\/v2\/posts"}],"about":[{"href":"https:\/\/historiografija.hr\/index.php?rest_route=\/wp\/v2\/types\/post"}],"author":[{"embeddable":true,"href":"https:\/\/historiografija.hr\/index.php?rest_route=\/wp\/v2\/users\/2"}],"replies":[{"embeddable":true,"href":"https:\/\/historiografija.hr\/index.php?rest_route=%2Fwp%2Fv2%2Fcomments&post=23851"}],"version-history":[{"count":1,"href":"https:\/\/historiografija.hr\/index.php?rest_route=\/wp\/v2\/posts\/23851\/revisions"}],"predecessor-version":[{"id":23853,"href":"https:\/\/historiografija.hr\/index.php?rest_route=\/wp\/v2\/posts\/23851\/revisions\/23853"}],"wp:featuredmedia":[{"embeddable":true,"href":"https:\/\/historiografija.hr\/index.php?rest_route=\/wp\/v2\/media\/23852"}],"wp:attachment":[{"href":"https:\/\/historiografija.hr\/index.php?rest_route=%2Fwp%2Fv2%2Fmedia&parent=23851"}],"wp:term":[{"taxonomy":"category","embeddable":true,"href":"https:\/\/historiografija.hr\/index.php?rest_route=%2Fwp%2Fv2%2Fcategories&post=23851"},{"taxonomy":"post_tag","embeddable":true,"href":"https:\/\/historiografija.hr\/index.php?rest_route=%2Fwp%2Fv2%2Ftags&post=23851"}],"curies":[{"name":"wp","href":"https:\/\/api.w.org\/{rel}","templated":true}]}}