{"id":23848,"date":"2020-11-30T17:18:53","date_gmt":"2020-11-30T17:18:53","guid":{"rendered":"http:\/\/historiografija.hr\/?p=23848"},"modified":"2020-11-30T17:18:53","modified_gmt":"2020-11-30T17:18:53","slug":"sasa-ilic-stranci-gastarbajteri-strana-strucna-radna-snaga-u-privredi-jugoslavije-1945-1950-godine","status":"publish","type":"post","link":"https:\/\/historiografija.hr\/?p=23848","title":{"rendered":"Sa\u0161a Ili\u0107, \u201cStranci \u201egastarbajteri\u201d: strana stru\u010dna radna snaga u privredi Jugoslavije 1945-1950. godine\u201d"},"content":{"rendered":"\n<p>Arhiv Jugoslavije objavio je monografiju nau\u010dnog saradnika dr Sa\u0161e Ili\u0107a pod nazivom <em>Stranci \u201egastarbajteri\u201d: strana stru\u010dna radna snaga u privredi Jugoslavije 1945-1950. godine.<\/em> Po obimu op\u0161irna knjiga (611 strana) nastala je na osnovu doktorske teze autora, koju je pod mentorstvom dr Dubravke Stojanovi\u0107 branio na katedri za Op\u0161tu istoriju Filozofskog fakulteta u Beogradu.<\/p>\n\n\n\n<p>Knjiga prikazuje stanje u osiroma\u0161enoj i razorenoj poslijeratnoj Jugoslaviji i nastojanje novih, komunisti\u010dkih vlasti da, saglasno modelu oprobanom u Sovjetskom Savezu, izvedu intenzivnu industrijalizaciju i elektrifikaciju. Me\u0111utim, djelatnosti na modernizaciji privrede nisu bile mogu\u0107e bez stru\u010dnog kadra, koga nije bilo dovoljno. Spas se o\u010dekivao od SSSR, ali iza velikih obe\u0107anja nisu stajala adekvatna djela, pa je u jugoslovenskom razvoju u\u010destvovao tek mali broj (pretjerano pla\u0107enih) sovjetskih stru\u010dnjaka. Jugoslavija je zbog toga rano morala posegnuti za drugim izvorima strane stru\u010dne radne snage. Prvi je bio u zemlji \u2013 brojni ratni zarobljenici kojima \u0107e se u zamjenu za ugovor o radu ponuditi sloboda, \u0161to je vi\u0161e hiljada prihvatilo. Drugi se nalazio u susjednim i obli\u017enjim zemljama u kojima je rat stvorio nezaposlenost \u2013 najvi\u0161e Njema\u010dkoj, ali i Austriji, \u010cehoslova\u010dkoj, Ma\u0111arskoj, Italiji i Bugarskoj. Ti stru\u010dnjaci bi\u0107e tra\u017eeni, ili \u0107e sami nuditi usluge tako da \u0107e oko deset hiljada njih biti na kra\u0107i ili du\u017ei rok anga\u017eirano u preduze\u0107ima i na gradili\u0161tima Jugoslavije. Rezultati koje su ostavili u privredi, posebno elektroprivredi, hemijskoj, ma\u0161inskoj, automobilskoj i radio-industriji bili su impresivni.<\/p>\n\n\n\n<p>Istra\u017eivanje teme obavljeno je na obimnoj arhivskoj gra\u0111i, prvenstveno fondova Arhiva Jugoslavije, a okvir historijske pojave i epohe na osnovu brojne doma\u0107e i strane publikovane gra\u0111e, literature i \u0161tampe.<\/p>\n\n\n\n<p>Knjiga je va\u017ena i za historiografiju u Bosni i Hercegovini jer je veliki broj stranih radnika i stru\u010dnjaka, pa i neki od najvi\u0161ih specijalista koji su anga\u017eirani u inostranstvu, radili upravo na njenim gradili\u0161tima, rudnicima i fabrikama (Jablanica, Jajce, Breza, Kakanj, Zenica, Banovi\u0107i, Ljubija, Biha\u0107, Mostar, Sarajevo itd.).<\/p>\n\n\n\n<p>Izvor: <a href=\"https:\/\/www.historiografija.ba\/article.php?id=276\">https:\/\/www.historiografija.ba\/article.php?id=276<\/a><\/p>\n\n\n\n<hr class=\"wp-block-separator\"\/>\n","protected":false},"excerpt":{"rendered":"","protected":false},"author":2,"featured_media":23849,"comment_status":"open","ping_status":"open","sticky":false,"template":"","format":"standard","meta":{"_acf_changed":false,"jetpack_post_was_ever_published":false,"_jetpack_newsletter_access":"","_jetpack_dont_email_post_to_subs":false,"_jetpack_newsletter_tier_id":0,"_jetpack_memberships_contains_paywalled_content":false,"_jetpack_memberships_contains_paid_content":false,"footnotes":"","jetpack_publicize_message":"","jetpack_publicize_feature_enabled":true,"jetpack_social_post_already_shared":true,"jetpack_social_options":{"image_generator_settings":{"template":"highway","default_image_id":0,"font":"","enabled":false},"version":2}},"categories":[8,3],"tags":[],"class_list":["post-23848","post","type-post","status-publish","format-standard","has-post-thumbnail","hentry","category-knjige","category-novosti"],"acf":{"facebook_opis":""},"jetpack_publicize_connections":[],"jetpack_featured_media_url":"https:\/\/i0.wp.com\/historiografija.hr\/wp-content\/uploads\/2020\/11\/Stranci-gastarbajteri.jpg?fit=450%2C675&ssl=1","jetpack_sharing_enabled":true,"jetpack-related-posts":[],"_links":{"self":[{"href":"https:\/\/historiografija.hr\/index.php?rest_route=\/wp\/v2\/posts\/23848","targetHints":{"allow":["GET"]}}],"collection":[{"href":"https:\/\/historiografija.hr\/index.php?rest_route=\/wp\/v2\/posts"}],"about":[{"href":"https:\/\/historiografija.hr\/index.php?rest_route=\/wp\/v2\/types\/post"}],"author":[{"embeddable":true,"href":"https:\/\/historiografija.hr\/index.php?rest_route=\/wp\/v2\/users\/2"}],"replies":[{"embeddable":true,"href":"https:\/\/historiografija.hr\/index.php?rest_route=%2Fwp%2Fv2%2Fcomments&post=23848"}],"version-history":[{"count":1,"href":"https:\/\/historiografija.hr\/index.php?rest_route=\/wp\/v2\/posts\/23848\/revisions"}],"predecessor-version":[{"id":23850,"href":"https:\/\/historiografija.hr\/index.php?rest_route=\/wp\/v2\/posts\/23848\/revisions\/23850"}],"wp:featuredmedia":[{"embeddable":true,"href":"https:\/\/historiografija.hr\/index.php?rest_route=\/wp\/v2\/media\/23849"}],"wp:attachment":[{"href":"https:\/\/historiografija.hr\/index.php?rest_route=%2Fwp%2Fv2%2Fmedia&parent=23848"}],"wp:term":[{"taxonomy":"category","embeddable":true,"href":"https:\/\/historiografija.hr\/index.php?rest_route=%2Fwp%2Fv2%2Fcategories&post=23848"},{"taxonomy":"post_tag","embeddable":true,"href":"https:\/\/historiografija.hr\/index.php?rest_route=%2Fwp%2Fv2%2Ftags&post=23848"}],"curies":[{"name":"wp","href":"https:\/\/api.w.org\/{rel}","templated":true}]}}