{"id":23841,"date":"2020-11-30T17:00:51","date_gmt":"2020-11-30T17:00:51","guid":{"rendered":"http:\/\/historiografija.hr\/?p=23841"},"modified":"2022-07-15T14:03:27","modified_gmt":"2022-07-15T14:03:27","slug":"tragovi-casopis-za-srpske-i-hrvatske-teme-br-2-2020","status":"publish","type":"post","link":"https:\/\/historiografija.hr\/?p=23841","title":{"rendered":"\u201cTragovi: \u010dasopis za srpske i hrvatske teme\u201d (br. 2-2020)"},"content":{"rendered":"\n<p>Novi broj \u201cTragova: \u010dasopisa za srpske i hrvatske teme\u201d (god. 3, br. 2, 2020) dostupan je na portalu hrvatskih znanstvenih i stru\u010dnih \u010dasopisa Hr\u010dak. Detaljnije u nastavku.<\/p>\n\n\n\n<hr class=\"wp-block-separator\"\/>\n\n\n\n<p><a href=\"https:\/\/hrcak.srce.hr\/tragovi\">https:\/\/hrcak.srce.hr\/tragovi<\/a><\/p>\n\n\n\n<hr class=\"wp-block-separator\"\/>\n\n\n\n<p>Sadr\u017eaj<\/p>\n\n\n\n<p><strong>\u010clanci<\/strong><\/p>\n\n\n\n<p>Tihomir Pono\u0161<\/p>\n\n\n\n<p>Sisak 1990. \u2014 1991: ratni zlo\u010dini nad Srbima<\/p>\n\n\n\n<hr class=\"wp-block-separator\"\/>\n\n\n\n<p>Milan Radanovi\u0107<\/p>\n\n\n\n<p>\u201cVa\u0161a pobjeda, na\u0161a osveta.\u201d Stradanje stanovni\u0161tva op\u0107ine Crkveni Bok 1943. i 1944.<\/p>\n\n\n\n<hr class=\"wp-block-separator\"\/>\n\n\n\n<p>Snje\u017eana Banovi\u0107<\/p>\n\n\n\n<p>Hrvatsko-srpske kazali\u0161ne razmjene i Strahinja Petrovi\u0107 \u2013 svestrani gluma\u010dki prvak zlatnoga doba zagreba\u010dke Drame (1920. \u2014 1940.)<\/p>\n\n\n\n<hr class=\"wp-block-separator\"\/>\n\n\n\n<p>Antonia Do\u0161en<\/p>\n\n\n\n<p>Gospi\u0107 u lokalnim novinama (Li\u010dke novine, Narodno jedinstvo, Li\u010dki Hrvat i Li\u010dki glas) u Kraljevini SHS \/ Jugoslaviji<\/p>\n\n\n\n<hr class=\"wp-block-separator\"\/>\n\n\n\n<p><strong>Studija<\/strong><\/p>\n\n\n\n<p>Nenad Filipovi\u0107<\/p>\n\n\n\n<p>Ibrah\u0131m-alemd\u00e2r P\u0131njo, Jeftan Kova\u010devi\u0107 i sarajevska izvozna trgovina preko Dubrovnika (cca 1824 \u2014 1825)<\/p>\n\n\n\n<hr class=\"wp-block-separator\"\/>\n\n\n\n<p><strong>Prikazi knjiga<\/strong><\/p>\n\n\n\n<p>Dejan Jovi\u0107<\/p>\n\n\n\n<p>Jelena Suboti\u0107: Yellow Star, Red Star. Holocaust Remembrance after Communism<\/p>\n\n\n\n<hr class=\"wp-block-separator\"\/>\n\n\n\n<p>Dejan Jovi\u0107<\/p>\n\n\n\n<p>Lea David: The Past Can&#8217;t Heal Us. The Dangers of Mandating Memory In the Name of Human Rights<\/p>\n\n\n\n<hr class=\"wp-block-separator\"\/>\n\n\n\n<p>Tihomir Pono\u0161<\/p>\n\n\n\n<p>Kre\u0161imir Regan: Sporazum ili nesporazum? \u2013 Srpsko pitanje u Banovini Hrvatskoj (1939. \u2014 1941.)<\/p>\n\n\n\n<hr class=\"wp-block-separator\"\/>\n\n\n\n<p>Darko Luki\u0107<\/p>\n\n\n\n<p>Mladen \u0160kiljan: Tragovi i sje\u0107anja (1953. \u2014 1980.)<\/p>\n\n\n\n<hr class=\"wp-block-separator\"\/>\n\n\n\n<p><strong>Iz medija:<\/strong><\/p>\n\n\n\n<p><a href=\"https:\/\/www.portalnovosti.com\/novi-broj-casopisa-tragovi\">https:\/\/www.portalnovosti.com\/novi-broj-casopisa-tragovi<\/a><\/p>\n\n\n\n<hr class=\"wp-block-separator\"\/>\n","protected":false},"excerpt":{"rendered":"","protected":false},"author":2,"featured_media":23842,"comment_status":"open","ping_status":"open","sticky":false,"template":"","format":"standard","meta":{"_acf_changed":false,"jetpack_post_was_ever_published":false,"_jetpack_newsletter_access":"","_jetpack_dont_email_post_to_subs":false,"_jetpack_newsletter_tier_id":0,"_jetpack_memberships_contains_paywalled_content":false,"_jetpack_memberships_contains_paid_content":false,"footnotes":"","jetpack_publicize_message":"","jetpack_publicize_feature_enabled":true,"jetpack_social_post_already_shared":true,"jetpack_social_options":{"image_generator_settings":{"template":"highway","default_image_id":0,"font":"","enabled":false},"version":2}},"categories":[21,3],"tags":[],"class_list":["post-23841","post","type-post","status-publish","format-standard","has-post-thumbnail","hentry","category-casopisi","category-novosti"],"acf":{"facebook_opis":""},"jetpack_publicize_connections":[],"jetpack_featured_media_url":"https:\/\/i0.wp.com\/historiografija.hr\/wp-content\/uploads\/2020\/11\/Tragovi.jpg?fit=680%2C404&ssl=1","jetpack_sharing_enabled":true,"jetpack-related-posts":[],"_links":{"self":[{"href":"https:\/\/historiografija.hr\/index.php?rest_route=\/wp\/v2\/posts\/23841","targetHints":{"allow":["GET"]}}],"collection":[{"href":"https:\/\/historiografija.hr\/index.php?rest_route=\/wp\/v2\/posts"}],"about":[{"href":"https:\/\/historiografija.hr\/index.php?rest_route=\/wp\/v2\/types\/post"}],"author":[{"embeddable":true,"href":"https:\/\/historiografija.hr\/index.php?rest_route=\/wp\/v2\/users\/2"}],"replies":[{"embeddable":true,"href":"https:\/\/historiografija.hr\/index.php?rest_route=%2Fwp%2Fv2%2Fcomments&post=23841"}],"version-history":[{"count":2,"href":"https:\/\/historiografija.hr\/index.php?rest_route=\/wp\/v2\/posts\/23841\/revisions"}],"predecessor-version":[{"id":23844,"href":"https:\/\/historiografija.hr\/index.php?rest_route=\/wp\/v2\/posts\/23841\/revisions\/23844"}],"wp:featuredmedia":[{"embeddable":true,"href":"https:\/\/historiografija.hr\/index.php?rest_route=\/wp\/v2\/media\/23842"}],"wp:attachment":[{"href":"https:\/\/historiografija.hr\/index.php?rest_route=%2Fwp%2Fv2%2Fmedia&parent=23841"}],"wp:term":[{"taxonomy":"category","embeddable":true,"href":"https:\/\/historiografija.hr\/index.php?rest_route=%2Fwp%2Fv2%2Fcategories&post=23841"},{"taxonomy":"post_tag","embeddable":true,"href":"https:\/\/historiografija.hr\/index.php?rest_route=%2Fwp%2Fv2%2Ftags&post=23841"}],"curies":[{"name":"wp","href":"https:\/\/api.w.org\/{rel}","templated":true}]}}