{"id":23835,"date":"2020-11-27T21:32:19","date_gmt":"2020-11-27T21:32:19","guid":{"rendered":"http:\/\/historiografija.hr\/?p=23835"},"modified":"2020-11-27T21:32:19","modified_gmt":"2020-11-27T21:32:19","slug":"damir-agicic-srednjoeuropske-teme","status":"publish","type":"post","link":"https:\/\/historiografija.hr\/?p=23835","title":{"rendered":"Damir Agi\u010di\u0107, \u201cSrednjoeuropske teme\u201d"},"content":{"rendered":"\n<p>U knjizi su tekstovi o razli\u010ditim aspektima odnosa Hrvata i naroda Srednje Europe, prije svega Poljaka, \u010ceha i Ma\u0111ara, koji su nastajali tijekom niza godina i poneki su bili objavljeni na poljskom ili \u010de\u0161kom, ili pak na hrvatskom jeziku u te\u017ee dostupnim znanstvenim i stru\u010dnim publikacijama u zemlji i inozemstvu.<\/p>\n\n\n\n<p>Nekoliko je tekstova posve\u0107eno neoslavizmu i hrvatskom novinstvu na prijelazu u 20. stolje\u0107e, a nekoliko je radova o zna\u010dajnim osobama koje su djelovale na hrvatsko-poljskoj i hrvatsko-\u010de\u0161koj kulturnoj suradnji ili politi\u010dkim odnosima, primjerice o prevoditelju i promotoru hrvatske kulture u me\u0111uratnoj i poratnoj Poljskoj Wiktoru Bazielichu, o Toma\u0161u G. Masaryku, o hrvatskome obiteljskom podrijetlu poljsko-ameri\u010dkog povjesni\u010dara Oskara Haleckoga, o prvome profesoru ma\u0111arskoga jezika i knji\u017eevnosti na zagreba\u010dkom sveu\u010dili\u0161tu Kazimiru Grek\u0161i i dr.<\/p>\n\n\n\n<p>Meki uvez, 20,5 x 13,5 cm, 224 str.<\/p>\n\n\n\n<p>Cijena: 119,00 kn<\/p>\n\n\n\n<p>Izvor:<\/p>\n\n\n\n<figure class=\"wp-block-embed-wordpress wp-block-embed is-type-wp-embed is-provider-srednja-europa\"><div class=\"wp-block-embed__wrapper\">\n<blockquote class=\"wp-embedded-content\" data-secret=\"3LNbnc3XUG\"><a href=\"https:\/\/srednja-europa.hr\/nove-knjige\/srednjoeuropske-teme\/\">Srednjoeuropske teme<\/a><\/blockquote><iframe loading=\"lazy\" class=\"wp-embedded-content\" sandbox=\"allow-scripts\" security=\"restricted\" style=\"position: absolute; clip: rect(1px, 1px, 1px, 1px);\" title=\"&#8220;Srednjoeuropske teme&#8221; &#8212; Srednja Europa\" src=\"https:\/\/srednja-europa.hr\/nove-knjige\/srednjoeuropske-teme\/embed\/#?secret=3LNbnc3XUG\" data-secret=\"3LNbnc3XUG\" width=\"600\" height=\"338\" frameborder=\"0\" marginwidth=\"0\" marginheight=\"0\" scrolling=\"no\"><\/iframe>\n<\/div><\/figure>\n\n\n\n<hr class=\"wp-block-separator\"\/>\n","protected":false},"excerpt":{"rendered":"","protected":false},"author":2,"featured_media":23836,"comment_status":"open","ping_status":"open","sticky":false,"template":"","format":"standard","meta":{"_acf_changed":false,"jetpack_post_was_ever_published":false,"_jetpack_newsletter_access":"","_jetpack_dont_email_post_to_subs":false,"_jetpack_newsletter_tier_id":0,"_jetpack_memberships_contains_paywalled_content":false,"_jetpack_memberships_contains_paid_content":false,"footnotes":"","jetpack_publicize_message":"","jetpack_publicize_feature_enabled":true,"jetpack_social_post_already_shared":true,"jetpack_social_options":{"image_generator_settings":{"template":"highway","default_image_id":0,"font":"","enabled":false},"version":2}},"categories":[8,3],"tags":[],"class_list":["post-23835","post","type-post","status-publish","format-standard","has-post-thumbnail","hentry","category-knjige","category-novosti"],"acf":{"facebook_opis":""},"jetpack_publicize_connections":[],"jetpack_featured_media_url":"https:\/\/i0.wp.com\/historiografija.hr\/wp-content\/uploads\/2020\/11\/s-teme.jpg?fit=500%2C749&ssl=1","jetpack_sharing_enabled":true,"jetpack-related-posts":[],"_links":{"self":[{"href":"https:\/\/historiografija.hr\/index.php?rest_route=\/wp\/v2\/posts\/23835","targetHints":{"allow":["GET"]}}],"collection":[{"href":"https:\/\/historiografija.hr\/index.php?rest_route=\/wp\/v2\/posts"}],"about":[{"href":"https:\/\/historiografija.hr\/index.php?rest_route=\/wp\/v2\/types\/post"}],"author":[{"embeddable":true,"href":"https:\/\/historiografija.hr\/index.php?rest_route=\/wp\/v2\/users\/2"}],"replies":[{"embeddable":true,"href":"https:\/\/historiografija.hr\/index.php?rest_route=%2Fwp%2Fv2%2Fcomments&post=23835"}],"version-history":[{"count":1,"href":"https:\/\/historiografija.hr\/index.php?rest_route=\/wp\/v2\/posts\/23835\/revisions"}],"predecessor-version":[{"id":23837,"href":"https:\/\/historiografija.hr\/index.php?rest_route=\/wp\/v2\/posts\/23835\/revisions\/23837"}],"wp:featuredmedia":[{"embeddable":true,"href":"https:\/\/historiografija.hr\/index.php?rest_route=\/wp\/v2\/media\/23836"}],"wp:attachment":[{"href":"https:\/\/historiografija.hr\/index.php?rest_route=%2Fwp%2Fv2%2Fmedia&parent=23835"}],"wp:term":[{"taxonomy":"category","embeddable":true,"href":"https:\/\/historiografija.hr\/index.php?rest_route=%2Fwp%2Fv2%2Fcategories&post=23835"},{"taxonomy":"post_tag","embeddable":true,"href":"https:\/\/historiografija.hr\/index.php?rest_route=%2Fwp%2Fv2%2Ftags&post=23835"}],"curies":[{"name":"wp","href":"https:\/\/api.w.org\/{rel}","templated":true}]}}