{"id":23829,"date":"2020-11-27T21:19:03","date_gmt":"2020-11-27T21:19:03","guid":{"rendered":"http:\/\/historiografija.hr\/?p=23829"},"modified":"2020-11-27T21:19:03","modified_gmt":"2020-11-27T21:19:03","slug":"tomasz-jacek-lis-polscy-urzednicy-wyzszego-szczebla-w-bosni-i-hercegowinie-w-latach-1878-1918-poljski-visoki-zvanicnici-u-bosni-i-hercegovini-1878-1918","status":"publish","type":"post","link":"https:\/\/historiografija.hr\/?p=23829","title":{"rendered":"Tomasz Jacek Lis, \u201ePolscy urz\u0119dnicy wy\u017cszego szczebla w Bo\u015bni i Hercegowinie w latach 1878-1918\u201c (Poljski visoki zvani\u010dnici u Bosni i Hercegovini 1878-1918)"},"content":{"rendered":"\n<p>U Krakovu je objavljena knjiga pod naslovom \u201ePolscy urz\u0119dnicy wy\u017cszego szczebla w Bo\u015bni i Hercegowinie w latach 1878-1918\u201c (&#8220;Poljski visoki zvani\u010dnici u Bosni i Hercegovini 1878-1918&#8221;) autora Toma\u0161a Jaceka Lisa. Izdava\u010d je Ksi\u0119garnia Akademicka. Rije\u010d je o monografiji koja daje \u201enovi i originalan doprinos historiji doseljavanja poljskih slu\u017ebenika u Bosnu i Hercegovinu pod austrougarskom okupacijom (1878. &#8211; 1918.) i nakon aneksije 1908. (i donekle do 1939.), a dijelom je i doprinos historiji same Bosne i Hercegovine. Doktor Lis proveo je opse\u017ena arhivska i bibliote\u010dka istra\u017eivanja, a rezultati njegovih istra\u017eivanja vje\u0161to su predstavljeni u ovoj monografiji.\u201c (Iz recenzije prof. dr. Damira Agi\u010di\u0107a).<\/p>\n\n\n\n<p><strong>O autoru<\/strong><\/p>\n\n\n\n<p>Tomasz Jacek Lis (ro\u0111en 1988. u Limanowi), doktor historije, balkanista. Diplomirao na Univerzitetu Miko\u0142aja Kopernika u Torunju. Tako\u0111e je boravio na univerzitetima u Bosni i Hercegovini (Sarajevo) i u Hrvatskoj (Split). U svom istra\u017eivanju bavi se odnosima Poljaka sa ju\u017enoslovenskim zemljama u 19. i 20. stolje\u0107u, kao i pomo\u0107nim historijskim naukama. Autor nekoliko desetina \u010dlanaka u poljskim i stranim \u010dasopisima. Suradnik u poljsko-bosanskohercegova\u010dkim projektima, kao i poljsko-hrvatski. \u010clan uredni\u0161tva \u010dasopisa \u201eKulturna ba\u0161tina\u201c u Splitu.<\/p>\n\n\n\n<p>Izvor: <a rel=\"noreferrer noopener\" href=\"https:\/\/akademicka.pl\/index.php?detale=1&amp;a=2&amp;id=55723&amp;fbclid=IwAR1D-jxSA6uNF1t9GuQ6jMYb11LFohimojj0gdBzbsUTzwUDOumBMe4rnxs\" target=\"_blank\">Ksi\u0119garnia Akademicka<\/a> <\/p>\n\n\n\n<p>Preneseno s portala <a href=\"https:\/\/www.historiografija.ba\/article.php?id=285\">Historiografija.ba<\/a><\/p>\n\n\n\n<hr class=\"wp-block-separator\"\/>\n","protected":false},"excerpt":{"rendered":"","protected":false},"author":2,"featured_media":23830,"comment_status":"open","ping_status":"open","sticky":false,"template":"","format":"standard","meta":{"_acf_changed":false,"jetpack_post_was_ever_published":false,"_jetpack_newsletter_access":"","_jetpack_dont_email_post_to_subs":false,"_jetpack_newsletter_tier_id":0,"_jetpack_memberships_contains_paywalled_content":false,"_jetpack_memberships_contains_paid_content":false,"footnotes":"","jetpack_publicize_message":"","jetpack_publicize_feature_enabled":true,"jetpack_social_post_already_shared":true,"jetpack_social_options":{"image_generator_settings":{"template":"highway","default_image_id":0,"font":"","enabled":false},"version":2}},"categories":[8,3],"tags":[],"class_list":["post-23829","post","type-post","status-publish","format-standard","has-post-thumbnail","hentry","category-knjige","category-novosti"],"acf":{"facebook_opis":""},"jetpack_publicize_connections":[],"jetpack_featured_media_url":"https:\/\/i0.wp.com\/historiografija.hr\/wp-content\/uploads\/2020\/11\/Jacek_Poljaci.jpg?fit=450%2C636&ssl=1","jetpack_sharing_enabled":true,"jetpack-related-posts":[],"_links":{"self":[{"href":"https:\/\/historiografija.hr\/index.php?rest_route=\/wp\/v2\/posts\/23829","targetHints":{"allow":["GET"]}}],"collection":[{"href":"https:\/\/historiografija.hr\/index.php?rest_route=\/wp\/v2\/posts"}],"about":[{"href":"https:\/\/historiografija.hr\/index.php?rest_route=\/wp\/v2\/types\/post"}],"author":[{"embeddable":true,"href":"https:\/\/historiografija.hr\/index.php?rest_route=\/wp\/v2\/users\/2"}],"replies":[{"embeddable":true,"href":"https:\/\/historiografija.hr\/index.php?rest_route=%2Fwp%2Fv2%2Fcomments&post=23829"}],"version-history":[{"count":1,"href":"https:\/\/historiografija.hr\/index.php?rest_route=\/wp\/v2\/posts\/23829\/revisions"}],"predecessor-version":[{"id":23831,"href":"https:\/\/historiografija.hr\/index.php?rest_route=\/wp\/v2\/posts\/23829\/revisions\/23831"}],"wp:featuredmedia":[{"embeddable":true,"href":"https:\/\/historiografija.hr\/index.php?rest_route=\/wp\/v2\/media\/23830"}],"wp:attachment":[{"href":"https:\/\/historiografija.hr\/index.php?rest_route=%2Fwp%2Fv2%2Fmedia&parent=23829"}],"wp:term":[{"taxonomy":"category","embeddable":true,"href":"https:\/\/historiografija.hr\/index.php?rest_route=%2Fwp%2Fv2%2Fcategories&post=23829"},{"taxonomy":"post_tag","embeddable":true,"href":"https:\/\/historiografija.hr\/index.php?rest_route=%2Fwp%2Fv2%2Ftags&post=23829"}],"curies":[{"name":"wp","href":"https:\/\/api.w.org\/{rel}","templated":true}]}}