{"id":23826,"date":"2020-11-27T21:04:13","date_gmt":"2020-11-27T21:04:13","guid":{"rendered":"http:\/\/historiografija.hr\/?p=23826"},"modified":"2020-11-27T21:04:13","modified_gmt":"2020-11-27T21:04:13","slug":"marijan-bobinac-austrijski-kazalisni-klasici","status":"publish","type":"post","link":"https:\/\/historiografija.hr\/?p=23826","title":{"rendered":"Marijan Bobinac, \u201cAustrijski kazali\u0161ni klasici\u201d"},"content":{"rendered":"\n<p>Knjiga donosi opse\u017ene portrete \u0161estorice austrijskih kazali\u0161nih klasika, autora \u010dija su djela \u010desto izvo\u0111ena \u2013 ili se jo\u0161 uvijek izvode \u2013 i na hrvatskim pozornicama. Franz Grillparzer i Johann Nestroy predstavljaju prvu polovicu 19. stolje\u0107a, vrijeme velikog uspona austrijske knji\u017eevnosti, Arthur Schnitzler i Hugo von Hofmannsthal najva\u017eniji su predstavnici be\u010dke moderne, jedne od klju\u010dnih tendencija moderne europske umjetnosti, pu\u010dki komadi \u00d6d\u00f6na von Horv\u00e1tha nedvojben su vrhunac europske drame 1920-ih i 1930-ih godina, dok scensko stvarala\u0161tvo Thomasa Bernharda zastupa najintrigantniji austrijski doprinos europskom kazali\u0161tu posljednje tre\u0107ine 20. stolje\u0107a. Nakon kratkog pogleda na biografiju i ukupan knji\u017eevni opus autora, svako poglavlje donosi detaljan, kronolo\u0161ki ustrojen prikaz njihova dramskog stvarala\u0161tva, a zavr\u0161no se navode i tendencije u kazali\u0161noj recepciji \u0161estorice dramati\u010dara, s te\u017ei\u0161tem na njihovoj recepciji u hrvatskom kazali\u0161tu. Esejima o \u0161estorici klasika prethodi osvrt na austrijsku kulturnu i kazali\u0161nu povijest, pri \u010demu naglasak stoji na specifi\u010dnom polo\u017eaju austrijskoga i austrijanstva u okviru njema\u010dkoga jezi\u010dnog prostora.<\/p>\n\n\n\n<p>Izvor:<\/p>\n\n\n\n<p><a href=\"http:\/\/www.leykam-international.hr\/publikacija.php?id=208&amp;PHPSESSID=d83ae17ae49df071509b452e57bc8a7a\">http:\/\/www.leykam-international.hr\/publikacija.php?id=208&amp;PHPSESSID=d83ae17ae49df071509b452e57bc8a7a<\/a><\/p>\n\n\n\n<hr class=\"wp-block-separator\"\/>\n","protected":false},"excerpt":{"rendered":"","protected":false},"author":2,"featured_media":23827,"comment_status":"open","ping_status":"open","sticky":false,"template":"","format":"standard","meta":{"_acf_changed":false,"jetpack_post_was_ever_published":false,"_jetpack_newsletter_access":"","_jetpack_dont_email_post_to_subs":false,"_jetpack_newsletter_tier_id":0,"_jetpack_memberships_contains_paywalled_content":false,"_jetpack_memberships_contains_paid_content":false,"footnotes":"","jetpack_publicize_message":"","jetpack_publicize_feature_enabled":true,"jetpack_social_post_already_shared":true,"jetpack_social_options":{"image_generator_settings":{"template":"highway","default_image_id":0,"font":"","enabled":false},"version":2}},"categories":[8,3,12],"tags":[],"class_list":["post-23826","post","type-post","status-publish","format-standard","has-post-thumbnail","hentry","category-knjige","category-novosti","category-knjizevnost"],"acf":{"facebook_opis":""},"jetpack_publicize_connections":[],"jetpack_featured_media_url":"https:\/\/i0.wp.com\/historiografija.hr\/wp-content\/uploads\/2020\/11\/Bobinac.jpg?fit=246%2C368&ssl=1","jetpack_sharing_enabled":true,"jetpack-related-posts":[],"_links":{"self":[{"href":"https:\/\/historiografija.hr\/index.php?rest_route=\/wp\/v2\/posts\/23826","targetHints":{"allow":["GET"]}}],"collection":[{"href":"https:\/\/historiografija.hr\/index.php?rest_route=\/wp\/v2\/posts"}],"about":[{"href":"https:\/\/historiografija.hr\/index.php?rest_route=\/wp\/v2\/types\/post"}],"author":[{"embeddable":true,"href":"https:\/\/historiografija.hr\/index.php?rest_route=\/wp\/v2\/users\/2"}],"replies":[{"embeddable":true,"href":"https:\/\/historiografija.hr\/index.php?rest_route=%2Fwp%2Fv2%2Fcomments&post=23826"}],"version-history":[{"count":1,"href":"https:\/\/historiografija.hr\/index.php?rest_route=\/wp\/v2\/posts\/23826\/revisions"}],"predecessor-version":[{"id":23828,"href":"https:\/\/historiografija.hr\/index.php?rest_route=\/wp\/v2\/posts\/23826\/revisions\/23828"}],"wp:featuredmedia":[{"embeddable":true,"href":"https:\/\/historiografija.hr\/index.php?rest_route=\/wp\/v2\/media\/23827"}],"wp:attachment":[{"href":"https:\/\/historiografija.hr\/index.php?rest_route=%2Fwp%2Fv2%2Fmedia&parent=23826"}],"wp:term":[{"taxonomy":"category","embeddable":true,"href":"https:\/\/historiografija.hr\/index.php?rest_route=%2Fwp%2Fv2%2Fcategories&post=23826"},{"taxonomy":"post_tag","embeddable":true,"href":"https:\/\/historiografija.hr\/index.php?rest_route=%2Fwp%2Fv2%2Ftags&post=23826"}],"curies":[{"name":"wp","href":"https:\/\/api.w.org\/{rel}","templated":true}]}}