{"id":2382,"date":"2016-09-01T22:00:05","date_gmt":"2016-09-01T22:00:05","guid":{"rendered":"http:\/\/historiografija.hr\/?p=2382"},"modified":"2016-09-01T22:00:05","modified_gmt":"2016-09-01T22:00:05","slug":"stefan-hertmans-slikar-i-rat-roman-o-prvom-svjetskom-ratu","status":"publish","type":"post","link":"https:\/\/historiografija.hr\/?p=2382","title":{"rendered":"Stefan Hertmans, \u201cSlikar i rat\u201d &#8211; roman o Prvom svjetskom ratu"},"content":{"rendered":"<p align=\"justify\"><font  size=\"3\">  <br \/><\/font><\/p>\n<p align=\"justify\" style=\"margin: 0cm 0cm 10pt;\"><b style=\"mso-bidi-font-weight: normal;\"><font face=\"Calibri\" size=\"3\">Fraktura<\/font><\/b><\/p>\n<p align=\"justify\"><font  size=\"3\">  <br \/><\/font><\/p>\n<p align=\"justify\" style=\"margin: 0cm 0cm 10pt;\"><font face=\"Calibri\" size=\"3\">&nbsp;<\/font><\/p>\n<p align=\"justify\"><font  size=\"3\">  <br \/><\/font><\/p>\n<p align=\"justify\" style=\"margin: 0cm 0cm 10pt;\"><font face=\"Calibri\" size=\"3\">Stefan Hertmans<\/font><\/p>\n<p align=\"justify\"><font  size=\"3\">  <br \/><\/font><\/p>\n<p align=\"justify\" style=\"margin: 0cm 0cm 10pt;\"><font face=\"Calibri\" size=\"3\">&nbsp;<\/font><\/p>\n<p align=\"justify\"><font  size=\"3\">  <br \/><\/font><\/p>\n<p align=\"justify\" style=\"margin: 0cm 0cm 10pt;\"><b style=\"mso-bidi-font-weight: normal;\"><font face=\"Calibri\" size=\"3\">Slikar i rat<\/font><\/b><\/p>\n<p align=\"justify\"><font  size=\"3\">  <br \/><\/font><\/p>\n<p align=\"justify\" style=\"margin: 0cm 0cm 10pt;\"><font face=\"Calibri\" size=\"3\">&nbsp;<\/font><\/p>\n<p align=\"justify\"><font  size=\"3\">  <br \/><\/font><\/p>\n<p align=\"justify\" style=\"margin: 0cm 0cm 10pt;\"><font face=\"Calibri\" size=\"3\">&nbsp;<\/font><\/p>\n<p align=\"justify\"><font  size=\"3\">  <br \/><\/font><\/p>\n<p align=\"justify\" style=\"margin: 0cm 0cm 10pt;\"><font face=\"Calibri\" size=\"3\">prevela s nizozemskog Romana Pere\u010dinec<\/font><\/p>\n<p align=\"justify\"><font  size=\"3\">  <br \/><\/font><\/p>\n<p align=\"justify\" style=\"margin: 0cm 0cm 10pt;\"><font face=\"Calibri\" size=\"3\">Broj stranica: 320<\/font><\/p>\n<p align=\"justify\"><font  size=\"3\">  <br \/><\/font><\/p>\n<p align=\"justify\" style=\"margin: 0cm 0cm 10pt;\"><font face=\"Calibri\" size=\"3\">Godina izdanja: rujan 2016.<\/font><\/p>\n<p align=\"justify\"><font  size=\"3\">  <br \/><\/font><\/p>\n<p align=\"justify\" style=\"margin: 0cm 0cm 10pt;\"><font face=\"Calibri\" size=\"3\">Naslov izvornika: Oorlog en terpentijn<\/font><\/p>\n<p align=\"justify\"><font  size=\"3\">  <br \/><\/font><\/p>\n<p align=\"justify\" style=\"margin: 0cm 0cm 10pt;\"><font face=\"Calibri\" size=\"3\">&nbsp;<\/font><\/p>\n<p align=\"justify\"><font  size=\"3\">  <br \/><\/font><\/p>\n<p align=\"justify\" style=\"margin: 0cm 0cm 10pt;\"><font face=\"Calibri\" size=\"3\">&nbsp;<\/font><\/p>\n<p align=\"justify\"><font  size=\"3\">  <br \/><\/font><\/p>\n<p align=\"justify\" style=\"margin: 0cm 0cm 10pt;\"><font face=\"Calibri\" size=\"3\">\u017divot Urbaina Martiena \u2013 umjetnika, vojnika, \u010dovjeka koji je pre\u017eivio strahote Prvoga svjetskoga rata \u2013 pohranjen je u dvjema bilje\u017enicama \u0161to ih je za sobom ostavio nakon smrti. Kada ih vi\u0161e od tri desetlje\u0107a poslije otvori njegov unuk, pisac, pred njim \u0107e se od\u0161krinuti vrata u cijeli jedan davno nestali svijet. Tko je doista bio Urbain Martien? Dje\u010dak koji krajem 19. stolje\u0107a odrasta u obitelji siroma\u0161nog slikara fresaka? Mom\u010di\u0107 koji mije\u0161a o\u010deve boje i prkosi smrti rade\u0107i<span style=\"mso-spacerun: yes;\">&nbsp; <\/span>u stri\u010devoj kova\u010dnici? Mladi\u0107 kojega \u0107e jedan od najstra\u0161nijih ratnih sukoba iz slikara pretvoriti u vojnika, ili mu\u0161karac koji \u0107e o\u017eeniti sestru svoje voljene i svoju sudbinu nositi kao tajnu, sve dok je ne otkrije njegov unuk, desetlje\u0107ima poslije?<\/font><\/p>\n<p align=\"justify\"><font  size=\"3\">  <br \/><\/font><\/p>\n<p align=\"justify\" style=\"margin: 0cm 0cm 10pt;\"><font face=\"Calibri\" size=\"3\">&nbsp;<\/font><\/p>\n<p align=\"justify\"><font  size=\"3\">  <br \/><\/font><\/p>\n<p align=\"justify\" style=\"margin: 0cm 0cm 10pt;\"><font face=\"Calibri\" size=\"3\">Hertmansov <b style=\"mso-bidi-font-weight: normal;\"><i style=\"mso-bidi-font-style: normal;\">Slikar i rat<\/i><\/b> jedan je od onih nesvakida\u0161njih romana koji se vole i ne zaboravljaju. Pripovijedaju\u0107i pri\u010du jednoga \u010dovjeka, on na trenutak o\u017eivljava sliku njegova vremena, pokazuju\u0107i nam kako su \u017eivjeli, ljubili, sanjali i razmi\u0161ljali ljudi koji su nas donijeli na svijet. Prepun \u017eivopisnih detalja, meditacija o slikarstvu i glazbi, ovaj fascinantni dijalog mrtvoga slikara i njegova unuka dragocjen je susret pro\u0161losti koju smo zaboravili i sada\u0161njosti koju sve manje razumijemo.<\/font><\/p>\n<p align=\"justify\"><font  size=\"3\">  <br \/><\/font><\/p>\n<p align=\"justify\" style=\"margin: 0cm 0cm 10pt;\"><font face=\"Calibri\" size=\"3\">&nbsp;<\/font><\/p>\n<p align=\"justify\"><font  size=\"3\">  <br \/><\/font><\/p>\n<p align=\"justify\" style=\"margin: 0cm 0cm 10pt;\"><font face=\"Calibri\" size=\"3\">Budu\u0107i klasik&#8230; <b style=\"mso-bidi-font-weight: normal;\"><i style=\"mso-bidi-font-style: normal;\">Slikar i rat<\/i><\/b> zadivljuju\u0107i je rezultat Hertmansova bavljenja dnevnicima svojega djeda. Knjiga je to koja le\u017ei na raskri\u017eju romana, biografije, autobiografije<span style=\"mso-spacerun: yes;\">&nbsp; <\/span>i povijesnog djela, oboga\u0107ena esejima, meditacijama, slikama. \u010cini se kao da \u017eudi da je se nazove sebaldovskom, i taj epitet zaslu\u017euje maestralno. <\/font><\/p>\n<p align=\"justify\"><font  size=\"3\">  <br \/><\/font><\/p>\n<p align=\"justify\" style=\"margin: 0cm 0cm 10pt;\"><font face=\"Calibri\"><font size=\"3\">\u2013 <i style=\"mso-bidi-font-style: normal;\">The Guardian<\/i><\/font><\/font><\/p>\n<p align=\"justify\"><font  size=\"3\">  <br \/><\/font><\/p>\n<p align=\"justify\" style=\"margin: 0cm 0cm 10pt;\"><font face=\"Calibri\" size=\"3\">&nbsp;<\/font><\/p>\n<p align=\"justify\"><font  size=\"3\">  <br \/><\/font><\/p>\n<p align=\"justify\" style=\"margin: 0cm 0cm 10pt;\"><font face=\"Calibri\" size=\"3\">Predivni fikcionalizirani memoari&#8230; Smrt, uni\u0161tenje, obveza, du\u017enost&#8230; Urbain \u0107e se suo\u010diti sa svima, i svima usprkos u \u017eivotu prona\u0107i zadovoljstvo. <\/font><\/p>\n<p align=\"justify\"><font  size=\"3\">  <br \/><\/font><\/p>\n<p align=\"justify\" style=\"margin: 0cm 0cm 10pt;\"><font face=\"Calibri\"><font size=\"3\">\u2013 <i style=\"mso-bidi-font-style: normal;\">The Times<\/i><\/font><\/font><\/p>\n<p align=\"justify\"><font  size=\"3\">  <br \/><\/font><\/p>\n<p align=\"justify\" style=\"margin: 0cm 0cm 10pt;\"><font face=\"Calibri\" size=\"3\">&nbsp;<\/font><\/p>\n<p align=\"justify\"><font  size=\"3\">  <br \/><\/font><\/p>\n<p align=\"justify\" style=\"margin: 0cm 0cm 10pt;\"><font face=\"Calibri\" size=\"3\">Ova knjiga o ratu ujedno je i roman o ljubavi, umjetnosti, obitelji,<span style=\"mso-spacerun: yes;\">&nbsp; <\/span>o otporu i emancipaciji, nemo\u0107i<span style=\"mso-spacerun: yes;\">&nbsp; <\/span>i poniznosti. <\/font><\/p>\n<p align=\"justify\"><font  size=\"3\">  <br \/><\/font><\/p>\n<p align=\"justify\" style=\"margin: 0cm 0cm 10pt;\"><font face=\"Calibri\"><font size=\"3\">\u2013 <i style=\"mso-bidi-font-style: normal;\">De Standaard<\/i><\/font><\/font><\/p>\n<p align=\"justify\"><font  size=\"3\">  <br \/><\/font><\/p>\n<p align=\"justify\" style=\"margin: 0cm 0cm 10pt;\"><font face=\"Calibri\" size=\"3\">&nbsp;<\/font><\/p>\n<p align=\"justify\"><font  size=\"3\">  <br \/><\/font><\/p>\n<p align=\"justify\" style=\"margin: 0cm 0cm 10pt;\"><font face=\"Calibri\" size=\"3\">Koriste\u0107i se metodom pripovjednoga kola\u017ea i detektivskim radom prepunim ljubavi, Hertmans nam prikazuje \u017eivot svojega djeda u svoj njegovoj punini&#8230; ali i promi\u0161ljenu potragu za obiteljskim sje\u0107anjima.<\/font><\/p>\n<p align=\"justify\"><font  size=\"3\">  <br \/><\/font><\/p>\n<p align=\"justify\" style=\"margin: 0cm 0cm 10pt;\"><font face=\"Calibri\"><font size=\"3\">\u2013 <i style=\"mso-bidi-font-style: normal;\">Kirkus<\/i><\/font><\/font><\/p>\n<p align=\"justify\"><font  size=\"3\">  <br \/><\/font><\/p>\n<p align=\"justify\" style=\"margin: 0cm 0cm 10pt;\"><i style=\"mso-bidi-font-style: normal;\"><font face=\"Calibri\" size=\"3\">&nbsp;<\/font><\/i><\/p>\n<p align=\"justify\"><font  size=\"3\">  <br \/><\/font><\/p>\n<p align=\"justify\" style=\"margin: 0cm 0cm 10pt;\"><font face=\"Calibri\" size=\"3\">Izvor: <a href=\"http:\/\/www.fraktura.hr\/autori\/a-489\">http:\/\/www.fraktura.hr\/autori\/a-489<\/a><\/font><\/p>\n<p align=\"justify\" style=\"margin: 0cm 0cm 10pt;\"><font face=\"Calibri\" size=\"3\"><br \/><\/font><\/p>\n<p align=\"justify\" style=\"margin: 0cm 0cm 10pt;\"><font face=\"Calibri\" size=\"3\"><br \/><\/font><\/p>\n<p align=\"justify\"><font  size=\"3\">  <br \/><\/font><\/p>\n","protected":false},"excerpt":{"rendered":"","protected":false},"author":1,"featured_media":0,"comment_status":"open","ping_status":"open","sticky":false,"template":"","format":"standard","meta":{"_acf_changed":false,"jetpack_post_was_ever_published":false,"_jetpack_newsletter_access":"","_jetpack_dont_email_post_to_subs":false,"_jetpack_newsletter_tier_id":0,"_jetpack_memberships_contains_paywalled_content":false,"_jetpack_memberships_contains_paid_content":false,"footnotes":"","jetpack_publicize_message":"","jetpack_publicize_feature_enabled":true,"jetpack_social_post_already_shared":false,"jetpack_social_options":{"image_generator_settings":{"template":"highway","default_image_id":0,"font":"","enabled":false},"version":2}},"categories":[3],"tags":[],"class_list":["post-2382","post","type-post","status-publish","format-standard","hentry","category-novosti"],"acf":{"facebook_opis":""},"jetpack_publicize_connections":[],"jetpack_featured_media_url":"","jetpack_sharing_enabled":true,"jetpack-related-posts":[{"id":52528,"url":"https:\/\/historiografija.hr\/?p=52528","url_meta":{"origin":2382,"position":0},"title":"[Promocija knjige] Banja Luka u ratu: Etnopolitika i svakodnevica (1990\u20131995) (ActiveLab, YugoLab)","author":"Branimir Jankovi\u0107","date":"17. travnja 2026.","format":false,"excerpt":"Institut za filozofiju i dru\u0161tvenu teoriju i O\u0161tra Nula organizuju promociju knjige Banja Luka u ratu: Etnopolitika i svakodnevica (1990\u20131995) autorke Armine Galija\u0161, koja \u0107e se odr\u017eati 20. aprila 2026. u 12.00 sati u prostorijama Instituta (Kraljice Natalije 45, Beograd). Re\u010d je o prvom nau\u010dno utemeljenom i sistematskom radu koji\u2026","rel":"","context":"U &quot;Novosti&quot;","block_context":{"text":"Novosti","link":"https:\/\/historiografija.hr\/?cat=3"},"img":{"alt_text":"","src":"https:\/\/i0.wp.com\/historiografija.hr\/wp-content\/uploads\/2026\/04\/20-april-RS.jpg?fit=1200%2C675&ssl=1&resize=350%2C200","width":350,"height":200,"srcset":"https:\/\/i0.wp.com\/historiografija.hr\/wp-content\/uploads\/2026\/04\/20-april-RS.jpg?fit=1200%2C675&ssl=1&resize=350%2C200 1x, https:\/\/i0.wp.com\/historiografija.hr\/wp-content\/uploads\/2026\/04\/20-april-RS.jpg?fit=1200%2C675&ssl=1&resize=525%2C300 1.5x, https:\/\/i0.wp.com\/historiografija.hr\/wp-content\/uploads\/2026\/04\/20-april-RS.jpg?fit=1200%2C675&ssl=1&resize=700%2C400 2x, https:\/\/i0.wp.com\/historiografija.hr\/wp-content\/uploads\/2026\/04\/20-april-RS.jpg?fit=1200%2C675&ssl=1&resize=1050%2C600 3x"},"classes":[]},{"id":52704,"url":"https:\/\/historiografija.hr\/?p=52704","url_meta":{"origin":2382,"position":1},"title":"Predstavljanje knjige &#8220;Vladimir Vasiljevi\u0107: Moji do\u017eivljaji. Dnevni\u010dki zapisi iz Prvoga svjetskog rata i poratnoga vremena&#8221;","author":"Filip \u0160imunjak","date":"29. travnja 2026.","format":false,"excerpt":"Doga\u0111anja ovogodi\u0161njega Festivala povijesti Kliofest zapo\u010dinjemo ve\u0107 i prije samoga slu\u017ebenog otvaranja, predstavljanjem knjige \u201eMoji do\u017eivljaji. Dnevni\u010dki zapisi iz Prvoga svjetskog rata i poratnoga vremena\u201d Vladimira Vasiljevi\u0107a, koju su priredili Karlo Rukavina i Damir Agi\u010di\u0107. Pozivamo Vas na predstavljanje koje \u0107e se odr\u017eati u ponedjeljak 4. svibnja, s po\u010detkom u\u2026","rel":"","context":"U &quot;Knjige&quot;","block_context":{"text":"Knjige","link":"https:\/\/historiografija.hr\/?cat=8"},"img":{"alt_text":"","src":"https:\/\/i0.wp.com\/historiografija.hr\/wp-content\/uploads\/2026\/04\/Naslovna-V.-Vasiljevic.webp?fit=1200%2C600&ssl=1&resize=350%2C200","width":350,"height":200,"srcset":"https:\/\/i0.wp.com\/historiografija.hr\/wp-content\/uploads\/2026\/04\/Naslovna-V.-Vasiljevic.webp?fit=1200%2C600&ssl=1&resize=350%2C200 1x, https:\/\/i0.wp.com\/historiografija.hr\/wp-content\/uploads\/2026\/04\/Naslovna-V.-Vasiljevic.webp?fit=1200%2C600&ssl=1&resize=525%2C300 1.5x, https:\/\/i0.wp.com\/historiografija.hr\/wp-content\/uploads\/2026\/04\/Naslovna-V.-Vasiljevic.webp?fit=1200%2C600&ssl=1&resize=700%2C400 2x, https:\/\/i0.wp.com\/historiografija.hr\/wp-content\/uploads\/2026\/04\/Naslovna-V.-Vasiljevic.webp?fit=1200%2C600&ssl=1&resize=1050%2C600 3x"},"classes":[]},{"id":52657,"url":"https:\/\/historiografija.hr\/?p=52657","url_meta":{"origin":2382,"position":2},"title":"[Predavanje] Jezik i drugost u (post)socijalisti\u010dkoj Srbiji: diskurzivne politike identiteta (YugoLab)","author":"Branimir Jankovi\u0107","date":"24. travnja 2026.","format":false,"excerpt":"U sklopu projekta Prizma \/ IMAGINATION (\u201eZami\u0161ljanje nacije: srpski nacionalni narativi u sporu (XX\u2013XXI vek)\u201c), koji se realizuje na Institutu za filozofiju i dru\u0161tvenu teoriju Univerziteta u Beogradu (2024\u20132027) uz finansijsku podr\u0161ku Fonda za nauku Republike Srbije, organizuje se serija predavanja na kojoj istra\u017eiva\u010di i istra\u017eiva\u010dice projekta predstavljaju rezultate svojih\u2026","rel":"","context":"U &quot;Novosti&quot;","block_context":{"text":"Novosti","link":"https:\/\/historiografija.hr\/?cat=3"},"img":{"alt_text":"","src":"https:\/\/i0.wp.com\/historiografija.hr\/wp-content\/uploads\/2026\/04\/IFDT_28_IV.png?fit=1200%2C675&ssl=1&resize=350%2C200","width":350,"height":200,"srcset":"https:\/\/i0.wp.com\/historiografija.hr\/wp-content\/uploads\/2026\/04\/IFDT_28_IV.png?fit=1200%2C675&ssl=1&resize=350%2C200 1x, https:\/\/i0.wp.com\/historiografija.hr\/wp-content\/uploads\/2026\/04\/IFDT_28_IV.png?fit=1200%2C675&ssl=1&resize=525%2C300 1.5x, https:\/\/i0.wp.com\/historiografija.hr\/wp-content\/uploads\/2026\/04\/IFDT_28_IV.png?fit=1200%2C675&ssl=1&resize=700%2C400 2x, https:\/\/i0.wp.com\/historiografija.hr\/wp-content\/uploads\/2026\/04\/IFDT_28_IV.png?fit=1200%2C675&ssl=1&resize=1050%2C600 3x"},"classes":[]},{"id":52628,"url":"https:\/\/historiografija.hr\/?p=52628","url_meta":{"origin":2382,"position":3},"title":"Predavanje dopisnog \u010dlana HAZU Alaina Finkielkrauta Izrael, Europa, antisemitizam","author":"Branimir Jankovi\u0107","date":"23. travnja 2026.","format":false,"excerpt":"Francuski filozof Alain Finkielkraut, redoviti \u010dlan Francuske akademije i dopisni \u010dlan HAZU, odr\u017eat \u0107e predavanje\u00a0Izrael, Europa, antisemitizam u utorak 28. travnja 2026. u 13 sati u Knji\u017enici HAZU,\u00a0Strossmayerov trg 14 u Zagrebu. Uvodne rije\u010di odr\u017eat \u0107e\u00a0akademkinja \u017deljka \u010corak i\u00a0akademik Dra\u017een Katunari\u0107. Predavanje \u0107e se odr\u017eati na francuskom jeziku uz konsekutivno\u2026","rel":"","context":"U &quot;Novosti&quot;","block_context":{"text":"Novosti","link":"https:\/\/historiografija.hr\/?cat=3"},"img":{"alt_text":"","src":"https:\/\/i0.wp.com\/historiografija.hr\/wp-content\/uploads\/2026\/04\/Alain_Finkielkraut.jpg?fit=350%2C407&ssl=1&resize=350%2C200","width":350,"height":200},"classes":[]},{"id":52536,"url":"https:\/\/historiografija.hr\/?p=52536","url_meta":{"origin":2382,"position":4},"title":"Kader Abdolah, \u201ePrije nego \u0161to bude kasno\u201c","author":"Branimir Jankovi\u0107","date":"20. travnja 2026.","format":false,"excerpt":"Kader Abdolah \u017eeli se vratiti ku\u0107i. Ali povratak je nemogu\u0107: u Iranu bi bio uhap\u0161en. Pod la\u017enim imenom i s krivotvorenim paso\u0161em ipak uspijeva u\u0107i u domovinu i sti\u017ee do roditeljske ku\u0107e, visoko u planinama. Majka ga ne prepoznaje, otac je mrtav, a sve \u0161to je tra\u017eio izmi\u010de mu pred\u2026","rel":"","context":"U &quot;Novosti&quot;","block_context":{"text":"Novosti","link":"https:\/\/historiografija.hr\/?cat=3"},"img":{"alt_text":"","src":"https:\/\/i0.wp.com\/historiografija.hr\/wp-content\/uploads\/2026\/04\/Prije-nego-sto-bude-kasno.webp?fit=566%2C872&ssl=1&resize=350%2C200","width":350,"height":200,"srcset":"https:\/\/i0.wp.com\/historiografija.hr\/wp-content\/uploads\/2026\/04\/Prije-nego-sto-bude-kasno.webp?fit=566%2C872&ssl=1&resize=350%2C200 1x, https:\/\/i0.wp.com\/historiografija.hr\/wp-content\/uploads\/2026\/04\/Prije-nego-sto-bude-kasno.webp?fit=566%2C872&ssl=1&resize=525%2C300 1.5x"},"classes":[]},{"id":52607,"url":"https:\/\/historiografija.hr\/?p=52607","url_meta":{"origin":2382,"position":5},"title":"No\u0107 knjige: Kako je prije 410 godina smr\u0107u Shakespearea i Cervantesa zavr\u0161ilo razdoblje renesanse u knji\u017eevnosti","author":"Branimir Jankovi\u0107","date":"22. travnja 2026.","format":false,"excerpt":"\u010cetvrtak, 23. travnja 2026. u 18:00 sati, Knji\u017eara Matice hrvatske, Ulica Matice hrvatske 2, Zagreb Uvodna rije\u010d: dr. sc.\u00a0Dubravka Brezak Stama\u0107, pro\u010delnica Odjela za knji\u017eevnost Matice hrvatske Prof. dr. sc. Ivan Lupi\u0107, redoviti profesor u Odsjeku za anglistiku i Odsjeku za kroatistiku Sveu\u010dili\u0161ta u RijeciShakespeare, kazali\u0161te, glazbaKada se susre\u0107emo sa\u2026","rel":"","context":"U &quot;Novosti&quot;","block_context":{"text":"Novosti","link":"https:\/\/historiografija.hr\/?cat=3"},"img":{"alt_text":"","src":"https:\/\/i0.wp.com\/historiografija.hr\/wp-content\/uploads\/2026\/04\/noc_knjige_2026.jpg?fit=680%2C276&ssl=1&resize=350%2C200","width":350,"height":200,"srcset":"https:\/\/i0.wp.com\/historiografija.hr\/wp-content\/uploads\/2026\/04\/noc_knjige_2026.jpg?fit=680%2C276&ssl=1&resize=350%2C200 1x, https:\/\/i0.wp.com\/historiografija.hr\/wp-content\/uploads\/2026\/04\/noc_knjige_2026.jpg?fit=680%2C276&ssl=1&resize=525%2C300 1.5x"},"classes":[]}],"_links":{"self":[{"href":"https:\/\/historiografija.hr\/index.php?rest_route=\/wp\/v2\/posts\/2382","targetHints":{"allow":["GET"]}}],"collection":[{"href":"https:\/\/historiografija.hr\/index.php?rest_route=\/wp\/v2\/posts"}],"about":[{"href":"https:\/\/historiografija.hr\/index.php?rest_route=\/wp\/v2\/types\/post"}],"author":[{"embeddable":true,"href":"https:\/\/historiografija.hr\/index.php?rest_route=\/wp\/v2\/users\/1"}],"replies":[{"embeddable":true,"href":"https:\/\/historiografija.hr\/index.php?rest_route=%2Fwp%2Fv2%2Fcomments&post=2382"}],"version-history":[{"count":0,"href":"https:\/\/historiografija.hr\/index.php?rest_route=\/wp\/v2\/posts\/2382\/revisions"}],"wp:attachment":[{"href":"https:\/\/historiografija.hr\/index.php?rest_route=%2Fwp%2Fv2%2Fmedia&parent=2382"}],"wp:term":[{"taxonomy":"category","embeddable":true,"href":"https:\/\/historiografija.hr\/index.php?rest_route=%2Fwp%2Fv2%2Fcategories&post=2382"},{"taxonomy":"post_tag","embeddable":true,"href":"https:\/\/historiografija.hr\/index.php?rest_route=%2Fwp%2Fv2%2Ftags&post=2382"}],"curies":[{"name":"wp","href":"https:\/\/api.w.org\/{rel}","templated":true}]}}