{"id":23817,"date":"2020-11-27T20:19:21","date_gmt":"2020-11-27T20:19:21","guid":{"rendered":"http:\/\/historiografija.hr\/?p=23817"},"modified":"2020-11-27T20:19:21","modified_gmt":"2020-11-27T20:19:21","slug":"franz-g-wegeler-i-ferdinand-ries-ludwig-van-beethoven","status":"publish","type":"post","link":"https:\/\/historiografija.hr\/?p=23817","title":{"rendered":"Franz G. Wegeler i Ferdinand Ries, \u201eLudwig van Beethoven\u201c"},"content":{"rendered":"\n<p>Franz Wegeler i Ferdinand Ries u svojim biografskim bilje\u0161kama o Ludwigu van Beethovenu, po prvi put prevedenima na hrvatski jezik, stvaraju prijateljsku, iskrenu i nadasve ljudsku sliku o glazbenom geniju, u na\u0161e vrijeme \u010desto zasjenjenom raznim mitovima koji su se o njemu stvarali i ustalili tijekom stolje\u0107a. Beethovenovi suvremenici i prijatelji Wegeler i Ries pi\u0161u gotovo razgovornim jezikom, pristupa\u010dnim i suvremenom \u010ditatelju, redaju\u0107i zapise o op\u0107im biografskim \u010dinjenicama, ali i brojne zanimljivosti o skladateljevoj osobnosti, te \u010desto \u0161aljive i zabavne anegdote iz njegova \u017eivota. Rastvaraju\u0107i mit o slavnome glazbeniku, prikazuju svojeg prijatelja optere\u0107enog svakodnevnim \u017eivotnim problemima, ljubavnim i financijskim; rastrgnutog izme\u0111u o\u010dekivanja temeljenih na svjetskoj slavi i zdravstvenih problema; pokretanog iskrenim \u017eeljama i nadama, te ponajprije te\u017enjom za iznimnim umjetni\u010dkim stvaranjem.<\/p>\n\n\n\n<p>Autori su bilje\u0161kama pridodali i neka pisma koja im je Beethoven pisao, ali i pone\u0161to iz njegove korespondencije s drugim zna\u010dajnim prijateljima, poznanicima, naru\u010diteljima glazbenih djela. U pismima se razotkrivaju Beethovenov pristup kulturi i dru\u0161tvu koji su ga okru\u017eivali, strahovi i poti\u0161tenost s kojima se u starosti sve vi\u0161e borio, povremena zajedljivost i rastresenost, ali zasigurno su najupe\u010datljivija njegova nastojanja da odr\u017ei draga mu prijateljstva, da bude i ostane voljen.<\/p>\n\n\n\n<p>Prijevod Sanje Lovren\u010di\u0107 u duhu je njema\u010dkog originala, i\u0161\u010ditanog pa\u017eljivo i temeljito uzimaju\u0107i u obzir razna dodana poja\u0161njenja urednika, ali i sam nekad \u017eivu\u0107i jezik Wegelerove i Riesove svakodnevnice i kulture.<\/p>\n\n\n\n<p>Predgovor u knjizi napisao je Veljko Glodi\u0107, profesor klavira na Muzi\u010dkoj akademiji u Zagrebu. Pri kraju knjige nalazi se kazalo pojmova i imena osoba koje se spominju u biografiji, koje mo\u017ee pomo\u0107i boljem razumijevanju Beethovenovih obiteljskih, prijateljskih, ljubavnih i poslovnih odnosa, kao i rasvjetljavanju orbite kojom se tijekom \u017eivota kretao.<\/p>\n\n\n\n<p>Nakladnik: Mala zvona<\/p>\n\n\n\n<p>Broj stranica: 170<\/p>\n\n\n\n<p>Godina izdanja: studeni 2020.<\/p>\n\n\n\n<p>Izvor: <a href=\"https:\/\/www.mala-zvona.hr\/ludvig-van-beeethoven\">https:\/\/www.mala-zvona.hr\/ludvig-van-beeethoven<\/a><\/p>\n\n\n\n<hr class=\"wp-block-separator\"\/>\n","protected":false},"excerpt":{"rendered":"","protected":false},"author":2,"featured_media":23818,"comment_status":"open","ping_status":"open","sticky":false,"template":"","format":"standard","meta":{"_acf_changed":false,"jetpack_post_was_ever_published":false,"_jetpack_newsletter_access":"","_jetpack_dont_email_post_to_subs":false,"_jetpack_newsletter_tier_id":0,"_jetpack_memberships_contains_paywalled_content":false,"_jetpack_memberships_contains_paid_content":false,"footnotes":"","jetpack_publicize_message":"","jetpack_publicize_feature_enabled":true,"jetpack_social_post_already_shared":true,"jetpack_social_options":{"image_generator_settings":{"template":"highway","default_image_id":0,"font":"","enabled":false},"version":2}},"categories":[8,3],"tags":[],"class_list":["post-23817","post","type-post","status-publish","format-standard","has-post-thumbnail","hentry","category-knjige","category-novosti"],"acf":{"facebook_opis":""},"jetpack_publicize_connections":[],"jetpack_featured_media_url":"https:\/\/i0.wp.com\/historiografija.hr\/wp-content\/uploads\/2020\/11\/Beethoven.jpg?fit=797%2C1211&ssl=1","jetpack_sharing_enabled":true,"jetpack-related-posts":[],"_links":{"self":[{"href":"https:\/\/historiografija.hr\/index.php?rest_route=\/wp\/v2\/posts\/23817","targetHints":{"allow":["GET"]}}],"collection":[{"href":"https:\/\/historiografija.hr\/index.php?rest_route=\/wp\/v2\/posts"}],"about":[{"href":"https:\/\/historiografija.hr\/index.php?rest_route=\/wp\/v2\/types\/post"}],"author":[{"embeddable":true,"href":"https:\/\/historiografija.hr\/index.php?rest_route=\/wp\/v2\/users\/2"}],"replies":[{"embeddable":true,"href":"https:\/\/historiografija.hr\/index.php?rest_route=%2Fwp%2Fv2%2Fcomments&post=23817"}],"version-history":[{"count":1,"href":"https:\/\/historiografija.hr\/index.php?rest_route=\/wp\/v2\/posts\/23817\/revisions"}],"predecessor-version":[{"id":23819,"href":"https:\/\/historiografija.hr\/index.php?rest_route=\/wp\/v2\/posts\/23817\/revisions\/23819"}],"wp:featuredmedia":[{"embeddable":true,"href":"https:\/\/historiografija.hr\/index.php?rest_route=\/wp\/v2\/media\/23818"}],"wp:attachment":[{"href":"https:\/\/historiografija.hr\/index.php?rest_route=%2Fwp%2Fv2%2Fmedia&parent=23817"}],"wp:term":[{"taxonomy":"category","embeddable":true,"href":"https:\/\/historiografija.hr\/index.php?rest_route=%2Fwp%2Fv2%2Fcategories&post=23817"},{"taxonomy":"post_tag","embeddable":true,"href":"https:\/\/historiografija.hr\/index.php?rest_route=%2Fwp%2Fv2%2Ftags&post=23817"}],"curies":[{"name":"wp","href":"https:\/\/api.w.org\/{rel}","templated":true}]}}