{"id":23809,"date":"2020-11-26T23:59:00","date_gmt":"2020-11-26T23:59:00","guid":{"rendered":"http:\/\/historiografija.hr\/?p=23809"},"modified":"2020-11-27T00:11:45","modified_gmt":"2020-11-27T00:11:45","slug":"hitler-iz-naseg-sokaka-hrvatska-ratna-drama-27-studenoga-na-hrt-htv-3-u-22-sata","status":"publish","type":"post","link":"https:\/\/historiografija.hr\/?p=23809","title":{"rendered":"Hitler iz na\u0161eg sokaka \u2013 hrvatska ratna drama (27. studenoga na HRT \u2013 HTV 3 u 22 sata)"},"content":{"rendered":"\n<p>U Banatu se 1941. skladno \u017eivi iako se neki Nijemci po\u010dinju neobi\u010dno pona\u0161ati pri spominjanju Hitlera i Tre\u0107eg Reicha. Me\u0111utim, u travnju iste godine izbije rat, te neki od njih pristupaju Wehrmachtu. Lokalni pijanac Leksi u tome vidi svoju priliku da postane netko i ne\u0161to. Iskori\u0161tava strah mje\u0161tana i pravi se va\u017ean, a istodobno se boji odlaska na isto\u010dnu frontu.<br><br>U ratnoj drami s elementima humora iz 1975. godine glume <strong>Nikola Simi\u0107<\/strong>, <strong>Boris Dvornik<\/strong>, <strong>Ru\u017eica Soki\u0107<\/strong>, <strong>Du\u0161an Bulaji\u0107<\/strong>, <strong>Zvonko Lepeti\u0107<\/strong>, <strong>Slavko Simi\u0107<\/strong>, <strong>Zvonko Lepeti\u0107<\/strong>, <strong>Ivan Hajtl<\/strong>, <strong>Mate Ergovi\u0107<\/strong>.<br><br>Scenaristi su <strong>Zoran Petrovi\u0107<\/strong> i redatelj <strong>Vladimir Tadej<\/strong>.<br><br>Na Filmskom festivalu u Puli Vladimir Tadej dobio je Srebrnu arenu za re\u017eiju, a Nikola Simi\u0107 je progla\u0161en najboljim glumcem.<\/p>\n\n\n\n<p>Izvor: <a href=\"https:\/\/hrtprikazuje.hrt.hr\/678356\/hitler-iz-naseg-sokaka-hrvatska-ratna-drama\">https:\/\/hrtprikazuje.hrt.hr\/678356\/hitler-iz-naseg-sokaka-hrvatska-ratna-drama<\/a><\/p>\n\n\n\n<hr class=\"wp-block-separator\"\/>\n","protected":false},"excerpt":{"rendered":"","protected":false},"author":2,"featured_media":23810,"comment_status":"open","ping_status":"open","sticky":false,"template":"","format":"standard","meta":{"_acf_changed":false,"jetpack_post_was_ever_published":false,"_jetpack_newsletter_access":"","_jetpack_dont_email_post_to_subs":false,"_jetpack_newsletter_tier_id":0,"_jetpack_memberships_contains_paywalled_content":false,"_jetpack_memberships_contains_paid_content":false,"footnotes":"","jetpack_publicize_message":"","jetpack_publicize_feature_enabled":true,"jetpack_social_post_already_shared":true,"jetpack_social_options":{"image_generator_settings":{"template":"highway","default_image_id":0,"font":"","enabled":false},"version":2}},"categories":[13,3],"tags":[],"class_list":["post-23809","post","type-post","status-publish","format-standard","has-post-thumbnail","hentry","category-filmovi-i-serije","category-novosti"],"acf":{"facebook_opis":""},"jetpack_publicize_connections":[],"jetpack_featured_media_url":"https:\/\/i0.wp.com\/historiografija.hr\/wp-content\/uploads\/2020\/11\/Hitler.jpg?fit=1017%2C1382&ssl=1","jetpack_sharing_enabled":true,"jetpack-related-posts":[],"_links":{"self":[{"href":"https:\/\/historiografija.hr\/index.php?rest_route=\/wp\/v2\/posts\/23809","targetHints":{"allow":["GET"]}}],"collection":[{"href":"https:\/\/historiografija.hr\/index.php?rest_route=\/wp\/v2\/posts"}],"about":[{"href":"https:\/\/historiografija.hr\/index.php?rest_route=\/wp\/v2\/types\/post"}],"author":[{"embeddable":true,"href":"https:\/\/historiografija.hr\/index.php?rest_route=\/wp\/v2\/users\/2"}],"replies":[{"embeddable":true,"href":"https:\/\/historiografija.hr\/index.php?rest_route=%2Fwp%2Fv2%2Fcomments&post=23809"}],"version-history":[{"count":1,"href":"https:\/\/historiografija.hr\/index.php?rest_route=\/wp\/v2\/posts\/23809\/revisions"}],"predecessor-version":[{"id":23811,"href":"https:\/\/historiografija.hr\/index.php?rest_route=\/wp\/v2\/posts\/23809\/revisions\/23811"}],"wp:featuredmedia":[{"embeddable":true,"href":"https:\/\/historiografija.hr\/index.php?rest_route=\/wp\/v2\/media\/23810"}],"wp:attachment":[{"href":"https:\/\/historiografija.hr\/index.php?rest_route=%2Fwp%2Fv2%2Fmedia&parent=23809"}],"wp:term":[{"taxonomy":"category","embeddable":true,"href":"https:\/\/historiografija.hr\/index.php?rest_route=%2Fwp%2Fv2%2Fcategories&post=23809"},{"taxonomy":"post_tag","embeddable":true,"href":"https:\/\/historiografija.hr\/index.php?rest_route=%2Fwp%2Fv2%2Ftags&post=23809"}],"curies":[{"name":"wp","href":"https:\/\/api.w.org\/{rel}","templated":true}]}}