{"id":23806,"date":"2020-11-26T23:58:00","date_gmt":"2020-11-26T23:58:00","guid":{"rendered":"http:\/\/historiografija.hr\/?p=23806"},"modified":"2020-11-27T00:06:36","modified_gmt":"2020-11-27T00:06:36","slug":"robert-kleindienst-doba-presvlacenja-prijevod-s-njemackoga-milka-car","status":"publish","type":"post","link":"https:\/\/historiografija.hr\/?p=23806","title":{"rendered":"Robert Kleindienst, \u201cDoba presvla\u010denja\u201d (prijevod s njema\u010dkoga: Milka Car)"},"content":{"rendered":"\n<p>Roman bavi se rijetko tematiziranim aspektima hrvatske pro\u0161losti. U sredi\u0161tu zbivanja je glavni \u017eenski lik Ana Sadak, koja 1945. bje\u017ei pred partizanima u austrijski Altaussee. Opisuje se njezin bijeg du\u017e zelene granice, kao i prethodni slojevi zbivanja koji su doveli do bijega i borbe za pre\u017eivljavanje. Ona je bila njegovateljica u usta\u0161kom dje\u010djem logoru, gdje se altruisti\u010dki brinula za male zarobljenike, ne slute\u0107i njihovu sudbinu. Time se prikazuje sudbina pojedinca zarobljenoga u povijesnim zbivanjima te se opisuje tzv. \u201e\u0161takorski put\u201c fa\u0161isti\u010dke emigracije. Roman svakako otvara va\u017ene teme suo\u010davanja s austrijskom i hrvatskom pro\u0161lo\u0161\u0107u.<\/p>\n\n\n\n<p>&#8212;<\/p>\n\n\n\n<p><br><br>Autor je svoj roman nazvao Doba presvla\u010denja, na njema\u010dkome Die Zeit der H\u00e4utung, a potonja je imenica usko povezana s ko\u017eom (die Haut). Doista, taj nam se roman uvla\u010di pod ko\u017eu. Boli nas dok pratimo \u0161to se doga\u0111alo i kako se sve odvijalo. Autoru je najva\u017enija na\u0161a sposobnost predo\u010davanja i zami\u0161ljanja. Jedino \u0161to jo\u0161 mo\u017eemo u\u010diniti za one najmanje me\u0111u \u017ertvama jest da ne zaboravimo njihove patnje. (&#8230;) Hans H\u00f6ller, Sveu\u010dili\u0161te Salzburg<\/p>\n\n\n\n<p>&#8212;<\/p>\n\n\n\n<p><br><br>ROBERT KLEINDIENST (1975.), austrijski autor, studirao je germanistiku, politologiju i pedagogiju na sveu\u010dili\u0161tu u Salzburgu. Od 2016. godine ima status slobodnog umjetnika, \u010dlan je knji\u017eevnih skupina Grazer Autorenversammlung i IG Autorinnen Autoren, Salzburger Autorengruppe te utemeljitelj knji\u017eevnog portala die flut. Autor je romana Sp\u00e4ter vielleicht (Poslije mo\u017eda, 2009.), Nicht im Traum (Ni u snu, 2013.) i Zeit der H\u00e4utung (Doba presvla\u010denja, 2019.), zbirke pripovijedaka Vermintes Echo (Minirana jeka, 2014.) kao i zbirke poezije Brandseeleute (Ljudi s jezera Brandsee, 2014.). Dobitnik je knji\u017eevnih nagrada, primjerice za tekst \u201eAschenmeerschwein: Antikodex\u201c koji se bavi razotkrivanjem nacionalsocijalisti\u010dkih zlo\u010dina. Kleindienstove su glavne teme suo\u010davanje s pro\u0161lo\u0161\u0107u i traumama Drugoga svjetskog rata.<\/p>\n\n\n\n<p>Izvor: <a href=\"http:\/\/www.leykam-international.hr\/\">http:\/\/www.leykam-international.hr\/<\/a><\/p>\n\n\n\n<hr class=\"wp-block-separator\"\/>\n","protected":false},"excerpt":{"rendered":"","protected":false},"author":2,"featured_media":23807,"comment_status":"open","ping_status":"open","sticky":false,"template":"","format":"standard","meta":{"_acf_changed":false,"jetpack_post_was_ever_published":false,"_jetpack_newsletter_access":"","_jetpack_dont_email_post_to_subs":false,"_jetpack_newsletter_tier_id":0,"_jetpack_memberships_contains_paywalled_content":false,"_jetpack_memberships_contains_paid_content":false,"footnotes":"","jetpack_publicize_message":"","jetpack_publicize_feature_enabled":true,"jetpack_social_post_already_shared":true,"jetpack_social_options":{"image_generator_settings":{"template":"highway","default_image_id":0,"font":"","enabled":false},"version":2}},"categories":[3,12],"tags":[],"class_list":["post-23806","post","type-post","status-publish","format-standard","has-post-thumbnail","hentry","category-novosti","category-knjizevnost"],"acf":{"facebook_opis":""},"jetpack_publicize_connections":[],"jetpack_featured_media_url":"https:\/\/i0.wp.com\/historiografija.hr\/wp-content\/uploads\/2020\/11\/Doba-presvlacenja.jpg?fit=246%2C368&ssl=1","jetpack_sharing_enabled":true,"jetpack-related-posts":[],"_links":{"self":[{"href":"https:\/\/historiografija.hr\/index.php?rest_route=\/wp\/v2\/posts\/23806","targetHints":{"allow":["GET"]}}],"collection":[{"href":"https:\/\/historiografija.hr\/index.php?rest_route=\/wp\/v2\/posts"}],"about":[{"href":"https:\/\/historiografija.hr\/index.php?rest_route=\/wp\/v2\/types\/post"}],"author":[{"embeddable":true,"href":"https:\/\/historiografija.hr\/index.php?rest_route=\/wp\/v2\/users\/2"}],"replies":[{"embeddable":true,"href":"https:\/\/historiografija.hr\/index.php?rest_route=%2Fwp%2Fv2%2Fcomments&post=23806"}],"version-history":[{"count":1,"href":"https:\/\/historiografija.hr\/index.php?rest_route=\/wp\/v2\/posts\/23806\/revisions"}],"predecessor-version":[{"id":23808,"href":"https:\/\/historiografija.hr\/index.php?rest_route=\/wp\/v2\/posts\/23806\/revisions\/23808"}],"wp:featuredmedia":[{"embeddable":true,"href":"https:\/\/historiografija.hr\/index.php?rest_route=\/wp\/v2\/media\/23807"}],"wp:attachment":[{"href":"https:\/\/historiografija.hr\/index.php?rest_route=%2Fwp%2Fv2%2Fmedia&parent=23806"}],"wp:term":[{"taxonomy":"category","embeddable":true,"href":"https:\/\/historiografija.hr\/index.php?rest_route=%2Fwp%2Fv2%2Fcategories&post=23806"},{"taxonomy":"post_tag","embeddable":true,"href":"https:\/\/historiografija.hr\/index.php?rest_route=%2Fwp%2Fv2%2Ftags&post=23806"}],"curies":[{"name":"wp","href":"https:\/\/api.w.org\/{rel}","templated":true}]}}