{"id":23803,"date":"2020-11-26T23:56:00","date_gmt":"2020-11-26T23:56:00","guid":{"rendered":"http:\/\/historiografija.hr\/?p=23803"},"modified":"2021-03-29T21:00:36","modified_gmt":"2021-03-29T21:00:36","slug":"damir-pilic-tito-ocima-krleze-revolucija-i-zebnja","status":"publish","type":"post","link":"https:\/\/historiografija.hr\/?p=23803","title":{"rendered":"Damir Pili\u0107, \u201cTito o\u010dima Krle\u017ee. Revolucija i zebnja\u201d"},"content":{"rendered":"\n<p>Ova je knjiga korisna raznovrsnim kategorijama \u010ditatelja. Neupu\u0107enima u \u017eivote Tita i Krle\u017ee ona \u0107e biti informativan, ud\u017ebeni\u010dki uvod u dramati\u010dne dane dviju presudnih osobnosti hrvatsko-jugoslavenskoga dvadesetog stolje\u0107a. Ona je i dragocjen eklekti\u010dki sa\u017eetak nepregledne literature o vojskovo\u0111i i piscu koji su oblikovali jugoslavensku dr\u017eavu i dru\u0161tvo poslije Drugoga svjetskog rata, ako ve\u0107 ne i cijelu jednu novu civilizaciju i kulturu.<\/p>\n\n\n\n<p>Autorska vjerodostojnost splitskoga novinara, publicista i pisca Damira Pili\u0107a jamstvo je da je njegova studija \u201cTito o\u010dima Krle\u017ee\u201d akribi\u010dan kroki jedne od najva\u017enijih tema suvremene povijesti Hrvatske i Jugoslavije. Ali Pili\u0107eva je knjiga i mnogo vi\u0161e od toga. \u010citatelji zainteresirani za povijest dvadesetog stolje\u0107a, ali i oni koje mu\u010de bolni moralni problemi tog krvavog vremena, u njoj \u0107e prona\u0107i anga\u017eiranu raspravu o odnosu Mo\u0107i i Slobode. Jer ona je svojevrstan intimni obra\u010dun s demonima cijele jedne generacije.<\/p>\n\n\n\n<p>Damir Pili\u0107, pripadnik \u201csvih nas iz \u0161ezdeset i neke\u201d, poduhvatio se najte\u017eega: preispitati petpara\u010dke stereotipe dana\u0161njice i vratiti dostojanstvo prezrenim predvodnicima zajednice \u010diji su se ideali utopili u vlastitoj krvi.<\/p>\n\n\n\n<p>Ispituju\u0107i uvjerljivost vlastitih zaklju\u010daka kroz pomno po\u0161tovanje biografskih \u010dinjenica, Pili\u0107 ovom knjigom nudi ni manje ni vi\u0161e nego novo, po\u0161tenije \u010ditanje dvojice velikih ljudi ove male nacije. Utoliko se Pili\u0107evo djelo mo\u017ee okarakterizirati parafrazom naslova \u201cDeset krvavih godina\u201d, znamenite zbirke Krle\u017einih eseja \u010diju \u0107emo stogodi\u0161njicu za \u010detiri godine obilje\u017eiti: Pili\u0107eva je knjiga \u201creset krvavih godina\u201d.<\/p>\n\n\n\n<p>Izvor: <a href=\"https:\/\/www.vbz.hr\/book\/tito-ocima-krleze-mu\/\">https:\/\/www.vbz.hr\/book\/tito-ocima-krleze-mu\/<\/a><\/p>\n\n\n\n<hr class=\"wp-block-separator\"\/>\n\n\n\n<p>Iz medija:<\/p>\n\n\n\n<p><a href=\"https:\/\/www.vecernji.hr\/kultura\/nevjerojatno-je-da-krlezu-preziru-nacionalisti-nema-hrvatskijeg-pisca-od-njega-1450180\">https:\/\/www.vecernji.hr\/kultura\/nevjerojatno-je-da-krlezu-preziru-nacionalisti-nema-hrvatskijeg-pisca-od-njega-1450180<\/a><\/p>\n\n\n\n<p><a href=\"https:\/\/lupiga.com\/intervjui\/intervju-damir-pilic-zbog-krleze-smo-zivjeli-u-najliberalnijem-od-svih-komunistickih-svjetova\">https:\/\/lupiga.com\/intervjui\/intervju-damir-pilic-zbog-krleze-smo-zivjeli-u-najliberalnijem-od-svih-komunistickih-svjetova<\/a><\/p>\n\n\n\n<p><a href=\"https:\/\/www.glas-slavonije.hr\/458676\/11\/Od-Djide-i-Dide-Krlezu-je-sacuvao-Tito\">https:\/\/www.glas-slavonije.hr\/458676\/11\/Od-Djide-i-Dide-Krlezu-je-sacuvao-Tito<\/a><\/p>\n\n\n\n<p><a href=\"https:\/\/www.glasistre.hr\/knjizevnost\/nerazdvojni-krleza-je-bio-titov-mezimac-kao-sto-je-i-tito-bio-njegov-kaze-pisac-i-novinar-damir-pilic-686512\">https:\/\/www.glasistre.hr\/knjizevnost\/nerazdvojni-krleza-je-bio-titov-mezimac-kao-sto-je-i-tito-bio-njegov-kaze-pisac-i-novinar-damir-pilic-686512<\/a><\/p>\n\n\n\n<p><a href=\"https:\/\/www.telegram.hr\/kultura\/recenzija-nove-vazne-knjige-o-titu-i-krlezi\/\">https:\/\/www.telegram.hr\/kultura\/recenzija-nove-vazne-knjige-o-titu-i-krlezi\/<\/a><\/p>\n\n\n\n<p><a href=\"https:\/\/www.portalnovosti.com\/knjiga-koja-krlezu-vraca-titu-i-partiji\">https:\/\/www.portalnovosti.com\/knjiga-koja-krlezu-vraca-titu-i-partiji<\/a><\/p>\n\n\n\n<p><a href=\"https:\/\/www.danas.rs\/kolumna\/zlatko-pakovic\/rekvijem-za-juzne-slovene\/\">https:\/\/www.danas.rs\/kolumna\/zlatko-pakovic\/rekvijem-za-juzne-slovene\/<\/a><\/p>\n\n\n\n<p><a href=\"https:\/\/kritika-hdp.hr\/hr\/kritika-publicistika\/citajte-krlezu\">https:\/\/kritika-hdp.hr\/hr\/kritika-publicistika\/citajte-krlezu<\/a><\/p>\n\n\n\n<p><a href=\"https:\/\/www.glas-slavonije.hr\/459905\/11\/Povijest-posuta-trnjem\">https:\/\/www.glas-slavonije.hr\/459905\/11\/Povijest-posuta-trnjem<\/a><\/p>\n\n\n\n<hr class=\"wp-block-separator\"\/>\n\n\n\n<p><\/p>\n","protected":false},"excerpt":{"rendered":"","protected":false},"author":2,"featured_media":23804,"comment_status":"open","ping_status":"open","sticky":false,"template":"","format":"standard","meta":{"_acf_changed":false,"jetpack_post_was_ever_published":false,"_jetpack_newsletter_access":"","_jetpack_dont_email_post_to_subs":false,"_jetpack_newsletter_tier_id":0,"_jetpack_memberships_contains_paywalled_content":false,"_jetpack_memberships_contains_paid_content":false,"footnotes":"","jetpack_publicize_message":"","jetpack_publicize_feature_enabled":true,"jetpack_social_post_already_shared":true,"jetpack_social_options":{"image_generator_settings":{"template":"highway","default_image_id":0,"font":"","enabled":false},"version":2}},"categories":[8,3,12],"tags":[],"class_list":["post-23803","post","type-post","status-publish","format-standard","has-post-thumbnail","hentry","category-knjige","category-novosti","category-knjizevnost"],"acf":{"facebook_opis":""},"jetpack_publicize_connections":[],"jetpack_featured_media_url":"https:\/\/i0.wp.com\/historiografija.hr\/wp-content\/uploads\/2020\/11\/tito-ocima-krleze.jpg?fit=570%2C678&ssl=1","jetpack_sharing_enabled":true,"jetpack-related-posts":[],"_links":{"self":[{"href":"https:\/\/historiografija.hr\/index.php?rest_route=\/wp\/v2\/posts\/23803","targetHints":{"allow":["GET"]}}],"collection":[{"href":"https:\/\/historiografija.hr\/index.php?rest_route=\/wp\/v2\/posts"}],"about":[{"href":"https:\/\/historiografija.hr\/index.php?rest_route=\/wp\/v2\/types\/post"}],"author":[{"embeddable":true,"href":"https:\/\/historiografija.hr\/index.php?rest_route=\/wp\/v2\/users\/2"}],"replies":[{"embeddable":true,"href":"https:\/\/historiografija.hr\/index.php?rest_route=%2Fwp%2Fv2%2Fcomments&post=23803"}],"version-history":[{"count":5,"href":"https:\/\/historiografija.hr\/index.php?rest_route=\/wp\/v2\/posts\/23803\/revisions"}],"predecessor-version":[{"id":25600,"href":"https:\/\/historiografija.hr\/index.php?rest_route=\/wp\/v2\/posts\/23803\/revisions\/25600"}],"wp:featuredmedia":[{"embeddable":true,"href":"https:\/\/historiografija.hr\/index.php?rest_route=\/wp\/v2\/media\/23804"}],"wp:attachment":[{"href":"https:\/\/historiografija.hr\/index.php?rest_route=%2Fwp%2Fv2%2Fmedia&parent=23803"}],"wp:term":[{"taxonomy":"category","embeddable":true,"href":"https:\/\/historiografija.hr\/index.php?rest_route=%2Fwp%2Fv2%2Fcategories&post=23803"},{"taxonomy":"post_tag","embeddable":true,"href":"https:\/\/historiografija.hr\/index.php?rest_route=%2Fwp%2Fv2%2Ftags&post=23803"}],"curies":[{"name":"wp","href":"https:\/\/api.w.org\/{rel}","templated":true}]}}