{"id":23800,"date":"2020-11-26T23:49:47","date_gmt":"2020-11-26T23:49:47","guid":{"rendered":"http:\/\/historiografija.hr\/?p=23800"},"modified":"2020-12-18T16:20:55","modified_gmt":"2020-12-18T16:20:55","slug":"stefan-guzvica-prije-tita-frakcijske-borbe-u-komunistickoj-partiji-jugoslavije-1936-1940-prevela-dora-kosorcic","status":"publish","type":"post","link":"https:\/\/historiografija.hr\/?p=23800","title":{"rendered":"Stefan Gu\u017evica, \u201cPrije Tita. Frakcijske borbe u Komunisti\u010dkoj partiji Jugoslavije 1936-1940.\u201d (prevela Dora Kosor\u010di\u0107)"},"content":{"rendered":"\n<p>Razdoblje izme\u0111u 1936. i 1940. godine bilo je klju\u010dni formativni period Komunisti\u010dke partije Jugoslavije kakvom je znamo od 1940-ih. Stara KPJ bila je mrtva; brojni stari kadrovi bili su mrtvi i doslovno, a ne samo figurativno. Gotovo svi rukovodioci partije iz razdoblja 1920-ih i prve polovice 1930-ih bili su do 1939. godine ili izba\u010deni iz partije ili, naj\u010de\u0161\u0107e, ubijeni. Umjesto njih, Tito je imenovao skupinu mladih komunista sastavljenih od radnika i nekoliko intelektualaca, od kojih je ve\u0107ina bila nepoznata u \u0161irem pokretu, ali nisu nosili stigmu frakcijskih sukoba. Ve\u0107ina njih nije imala direktnog iskustva sa SSSR-om i njegovim brojnim komunisti\u010dkim \u0161kolama, pa je njihova lojalnost bila usmjerena prema vlastitoj partiji, a ne Moskvi.<\/p>\n\n\n\n<p>Stefan Gu\u017evica, povjesni\u010dar, doktorand na Sveu\u010dili\u0161tu u Regensburgu. bavi se povije\u0161\u0107u me\u0111unarodnog komunisti\u010dkog pokreta u me\u0111uratnom razdoblju.<\/p>\n\n\n\n<p>Ova je knjiga pro\u0161irena verzija njegova rada obranjenog 2018. na Srednjoeuropskom sveu\u010dili\u0161tu u Budimpe\u0161ti.<\/p>\n\n\n\n<p>Naslov izvornika: \u201cBefore Tito. Fractional Struggles in the Communist Party of Yugoslavia during the Great Purge (1936-1940)\u201d<\/p>\n\n\n\n<p>Izvor:<\/p>\n\n\n\n<figure class=\"wp-block-embed-wordpress wp-block-embed is-type-wp-embed is-provider-srednja-europa\"><div class=\"wp-block-embed__wrapper\">\n<blockquote class=\"wp-embedded-content\" data-secret=\"ifeOde9ah4\"><a href=\"https:\/\/srednja-europa.hr\/nove-knjige\/prije-tita-frakcijske-borbe-u-komunistickoj-partiji-jugoslavije-1936-1940\/\">Prije Tita. Frakcijske borbe u Komunisti\u010dkoj partiji Jugoslavije 1936-1940.<\/a><\/blockquote><iframe loading=\"lazy\" class=\"wp-embedded-content\" sandbox=\"allow-scripts\" security=\"restricted\" style=\"position: absolute; clip: rect(1px, 1px, 1px, 1px);\" title=\"&#8220;Prije Tita. Frakcijske borbe u Komunisti\u010dkoj partiji Jugoslavije 1936-1940.&#8221; &#8212; Srednja Europa\" src=\"https:\/\/srednja-europa.hr\/nove-knjige\/prije-tita-frakcijske-borbe-u-komunistickoj-partiji-jugoslavije-1936-1940\/embed\/#?secret=ifeOde9ah4\" data-secret=\"ifeOde9ah4\" width=\"600\" height=\"338\" frameborder=\"0\" marginwidth=\"0\" marginheight=\"0\" scrolling=\"no\"><\/iframe>\n<\/div><\/figure>\n\n\n\n<hr class=\"wp-block-separator\"\/>\n\n\n\n<p>Iz medija:<\/p>\n\n\n\n<p><a href=\"https:\/\/www.jutarnji.hr\/kultura\/knjizevnost\/stefan-guzvica-donosi-galeriju-zaboravljenih-komunista-nastradalih-u-velikoj-cistki-tridesetih-15002245\">https:\/\/www.jutarnji.hr\/kultura\/knjizevnost\/stefan-guzvica-donosi-galeriju-zaboravljenih-komunista-nastradalih-u-velikoj-cistki-tridesetih-15002245<\/a><\/p>\n\n\n\n<p><a href=\"https:\/\/www.glas-slavonije.hr\/449785\/11\/Titov-put-preko-leseva-do-apsolutne-vlasti\">https:\/\/www.glas-slavonije.hr\/449785\/11\/Titov-put-preko-leseva-do-apsolutne-vlasti<\/a><\/p>\n\n\n\n<p><a href=\"https:\/\/express.24sata.hr\/kultura\/zanimalo-me-zasto-je-velika-cistka-u-kpj-bila-tabu-tema-24516\">https:\/\/express.24sata.hr\/kultura\/zanimalo-me-zasto-je-velika-cistka-u-kpj-bila-tabu-tema-24516<\/a><\/p>\n\n\n\n<hr class=\"wp-block-separator\"\/>\n\n\n\n<figure class=\"wp-block-embed-wordpress wp-block-embed is-type-wp-embed is-provider-historiografija-hr\"><div class=\"wp-block-embed__wrapper\">\n<blockquote class=\"wp-embedded-content\" data-secret=\"cIzcDeuSmS\"><a href=\"https:\/\/historiografija.hr\/?p=20053\">Stefan Gu\u017evica, \u201cBefore Tito: The Communist Party of Yugoslavia during the Great Purge (1936\u20131940)\u201d<\/a><\/blockquote><iframe loading=\"lazy\" class=\"wp-embedded-content\" sandbox=\"allow-scripts\" security=\"restricted\" style=\"position: absolute; clip: rect(1px, 1px, 1px, 1px);\" title=\"&#8220;Stefan Gu\u017evica, \u201cBefore Tito: The Communist Party of Yugoslavia during the Great Purge (1936\u20131940)\u201d&#8221; &#8212; Historiografija.hr\" src=\"https:\/\/historiografija.hr\/?p=20053&#038;embed=true#?secret=cIzcDeuSmS\" data-secret=\"cIzcDeuSmS\" width=\"600\" height=\"338\" frameborder=\"0\" marginwidth=\"0\" marginheight=\"0\" scrolling=\"no\"><\/iframe>\n<\/div><\/figure>\n\n\n\n<hr class=\"wp-block-separator\"\/>\n","protected":false},"excerpt":{"rendered":"","protected":false},"author":2,"featured_media":23801,"comment_status":"open","ping_status":"open","sticky":false,"template":"","format":"standard","meta":{"_acf_changed":false,"jetpack_post_was_ever_published":false,"_jetpack_newsletter_access":"","_jetpack_dont_email_post_to_subs":false,"_jetpack_newsletter_tier_id":0,"_jetpack_memberships_contains_paywalled_content":false,"_jetpack_memberships_contains_paid_content":false,"footnotes":"","jetpack_publicize_message":"","jetpack_publicize_feature_enabled":true,"jetpack_social_post_already_shared":true,"jetpack_social_options":{"image_generator_settings":{"template":"highway","default_image_id":0,"font":"","enabled":false},"version":2}},"categories":[8,3],"tags":[],"class_list":["post-23800","post","type-post","status-publish","format-standard","has-post-thumbnail","hentry","category-knjige","category-novosti"],"acf":{"facebook_opis":""},"jetpack_publicize_connections":[],"jetpack_featured_media_url":"https:\/\/i0.wp.com\/historiografija.hr\/wp-content\/uploads\/2020\/11\/prije-tita.jpg?fit=500%2C698&ssl=1","jetpack_sharing_enabled":true,"jetpack-related-posts":[],"_links":{"self":[{"href":"https:\/\/historiografija.hr\/index.php?rest_route=\/wp\/v2\/posts\/23800","targetHints":{"allow":["GET"]}}],"collection":[{"href":"https:\/\/historiografija.hr\/index.php?rest_route=\/wp\/v2\/posts"}],"about":[{"href":"https:\/\/historiografija.hr\/index.php?rest_route=\/wp\/v2\/types\/post"}],"author":[{"embeddable":true,"href":"https:\/\/historiografija.hr\/index.php?rest_route=\/wp\/v2\/users\/2"}],"replies":[{"embeddable":true,"href":"https:\/\/historiografija.hr\/index.php?rest_route=%2Fwp%2Fv2%2Fcomments&post=23800"}],"version-history":[{"count":3,"href":"https:\/\/historiografija.hr\/index.php?rest_route=\/wp\/v2\/posts\/23800\/revisions"}],"predecessor-version":[{"id":24149,"href":"https:\/\/historiografija.hr\/index.php?rest_route=\/wp\/v2\/posts\/23800\/revisions\/24149"}],"wp:featuredmedia":[{"embeddable":true,"href":"https:\/\/historiografija.hr\/index.php?rest_route=\/wp\/v2\/media\/23801"}],"wp:attachment":[{"href":"https:\/\/historiografija.hr\/index.php?rest_route=%2Fwp%2Fv2%2Fmedia&parent=23800"}],"wp:term":[{"taxonomy":"category","embeddable":true,"href":"https:\/\/historiografija.hr\/index.php?rest_route=%2Fwp%2Fv2%2Fcategories&post=23800"},{"taxonomy":"post_tag","embeddable":true,"href":"https:\/\/historiografija.hr\/index.php?rest_route=%2Fwp%2Fv2%2Ftags&post=23800"}],"curies":[{"name":"wp","href":"https:\/\/api.w.org\/{rel}","templated":true}]}}