{"id":23774,"date":"2020-11-24T21:33:33","date_gmt":"2020-11-24T21:33:33","guid":{"rendered":"http:\/\/historiografija.hr\/?p=23774"},"modified":"2020-11-24T21:33:33","modified_gmt":"2020-11-24T21:33:33","slug":"izlozba-tvornice-i-radnici-u-fokusu-fotografa","status":"publish","type":"post","link":"https:\/\/historiografija.hr\/?p=23774","title":{"rendered":"Izlo\u017eba \u201cTvornice i radnici u fokusu fotografa\u201d"},"content":{"rendered":"\n<p>Gradska galerija Striegl u Sisku poziva u petak, 27. studenog 2020. u 19 sati na otvorenje izlo\u017ebe<strong> <\/strong>\u201cTvornice i radnici u fokusu fotografa\u201d, a u 17 sati na predavanje dr. sc. Ane \u0160eparovi\u0107 \u201cSpecijalizirani foto-\u010dasopisi: neki aspekti hrvatske me\u0111uratne fotografije\u201d.<\/p>\n\n\n\n<p>Otvorenje izlo\u017ebe <strong><em>Tvornice i radnici u fokusu fotografa<\/em><\/strong><br><strong>Gradska galerija Striegl<\/strong><br><strong>27. 11. 2020. u 19.00 sati<\/strong><br>Izlo\u017eba \u0107e ostati otvorena <strong>do 31. 12. 2020.&nbsp;<\/strong><br>Radno vrijeme galerije:&nbsp;utorak&nbsp;\u2013 subota, 11.00 \u2013&nbsp;18.00&nbsp;sati Nakon dionice posve\u0107ene fotografskim \u010dasopisima, sudionici istra\u017eiva\u010dke platforme <em>Zajedni\u010dki fotografski narativi<\/em> usmjerili su svoja istra\u017eivanja na na\u010dine kako je fotografija prikazivala procese rada u industriji kao jednoj od najzna\u010dajnijih pokreta\u010da poslijeratnog razvoja u Jugoslaviji. Bilo je to va\u017eno politi\u010dko pitanje koje se rje\u0161avalo istodobno s intenzivnom migracijom stanovni\u0161tva iz ruralnih krajeva u gradove i ekstenzivnim zapo\u0161ljavanjem u razli\u010ditim privrednim granama, kako bi se pokrenula modernizacija zemlje i razvoj njezine ekonomije.&nbsp;Mnoge su tvornice relativno rano po\u010dele objavljivati tvorni\u010dke novine i razne druge vrste publikacija, a brojni poznati ili posve nepoznati (pa i nepotpisani) fotografi snimali su izgradnju ne samo novih postrojenja nego i samih proizvodnih pogona, ili pak portrete \u010dlanova tvorni\u010dkih kolektiva koji izgledaju poput obiteljskih fotografija.&nbsp;Brojni \u0107e lokalni fotoreporteri, usredoto\u010deni na snimanje radnika u pogonima, ali i pri izlasku iz tvorni\u010dkih kompleksa, evocirati razne faze rada u svojim fotografijama. Pojedini \u0107e pozorno odabranom perspektivom naglasiti prostorne odnose, ili pak neku vrstu digniteta strojeva kao klju\u010dnih elemenata ne samo radnog procesa, nego i posredovanja odre\u0111ene ideje putem fotografije.&nbsp;<br>Razvitak ne samo proizvodnje nego i tiskarskih tehnika, omogu\u0107ili su fotografima da znatno sudjeluju u pogledu na svijet, a same fotografije danas ilustriraju brojne okolnosti koje je u podru\u010dju rada i industrijalizacije potrebno raspraviti. Upravo stoga, suradnici <em>Zajedni\u010dkih fotografskih narativa<\/em> istra\u017eili su publikacije i novine posve\u0107ene ovom podru\u010dju te izabrali i prikazali relevantne primjere.<br><br><br>Predavanje <strong><em>Specijalizirani foto-\u010dasopisi: neki aspekti hrvatske me\u0111uratne fotografije<\/em><\/strong><br><strong>dr. sc. Ana \u0160eparovi\u0107<\/strong>, Leksikografski zavod Miroslav Krle\u017ea<br><strong>Gradska galerija Striegl<\/strong><br><strong>27. 11. 2020. u 17.00 sati<\/strong><br>Od samog izuma fotografije, revije posve\u0107ene fotografskoj tehnologiji i umjetnosti imale su za cilj u\u010diniti fotografsko umije\u0107e dostupnijim \u0161to je mogu\u0107e \u0161iroj populaciji, \u0161to govori o izrazitoj demokrati\u010dnosti samoga medija. Na prostoru dana\u0161nje Hrvatske foto-\u010dasopisi javljaju se tijekom me\u0111ura\u0107a, u okvirima onda\u0161nje Kraljevine SHS\/Jugoslavije. Usporedba koli\u010dine specijaliziranih \u010dasopisa koji su izlazili na podru\u010dju Hrvatske \u2013 devet, s brojem foto-revija koje su izlazile na ostatku jugoslavenskoga prostora \u2013 \u010detiri, upu\u0107uje na prili\u010dnu agilnost i dinami\u010dnost hrvatske fotografske scene u odnosu na ostatak jugoslavenskoga prostora. U predavanju \u0107e se donijeti pregled svih hrvatskih me\u0111uratnih foto-\u010dasopisa, od prvoga <em>Foto-rekord<\/em> koji je izlazio u Zagrebu izme\u0111u 1921. i 1922., i to kroz prizmu sukoba na fotografskoj sceni. Naime, stroga podijeljenost \u010dasopisa na amaterske i profesionalne, ovisno o tome kome su upu\u0107ene \u2013 fotografima amaterima (<em>Fotografski vjesnik<\/em>, Zagreb, 1926\u20131927; <em>Foto revija<\/em>, Zagreb 1932\u20131941; <em>Galerija<\/em>, Ivanec, 1933\u20131934;<em> Savremena fotografija<\/em>, Zagreb, 1940\u20131941; <em>Foto pregled svjetske foto\u0161tampe<\/em>, Zagreb, 1941) odnosno profesionalnim fotografima (<em>Fotograf<\/em>, Osijek, 1926; <em>Fotograf<\/em>, Zagreb, 1928\u20131936; <em>Jugoslovenske foto novine<\/em>, Zagreb 1936) govori o sna\u017enoj razjedinjenosti scene na profesionalce i amatere, a pa\u017eljivo i\u0161\u010ditavanje stranica revija upu\u0107uje i na polarizacije kako me\u0111u samim profesionalcima, tako i me\u0111u amaterima, a u \u010dijoj su podlozi razne interesne sfere.<\/p>\n\n\n\n<p>Suradnici na projektu:<\/p>\n\n\n\n<p>Tea Hatadi, Gradski muzej Kri\u017eevci, Kri\u017eevci<br>Ante Orlovi\u0107, samostalni istra\u017eiva\u010d, Zadar<br>Valentina Rado\u0161, Muzej likovnih umjetnosti, Osijek<br>Darko \u0160imi\u010di\u0107, Institut Tomislav Gotovac, Zagreb<br>Tanja \u0160poljar, Atelieri Koprivnica, Koprivnica<br>Lucija \u0160vob, Kreativni kolektiv Kombinat, Rijeka<br>Alma Trauber, Gradska galerija Striegl, Sisak<\/p>\n\n\n\n<p>Voditeljica projekta: Sandra Kri\u017ei\u0107 Roban, Institut za povijest umjetnosti, Zagreb<\/p>\n\n\n\n<p>Projekt financira Zaklada Kultura nova.<\/p>\n\n\n\n<p>Izvor:<\/p>\n\n\n\n<p><a href=\"https:\/\/www.mdc.hr\/\">https:\/\/www.mdc.hr\/<\/a><\/p>\n\n\n\n<p><a href=\"https:\/\/www.facebook.com\/events\/1023188774814187\/\">https:\/\/www.facebook.com\/events\/1023188774814187\/<\/a><\/p>\n\n\n\n<hr class=\"wp-block-separator\"\/>\n","protected":false},"excerpt":{"rendered":"","protected":false},"author":2,"featured_media":23775,"comment_status":"open","ping_status":"open","sticky":false,"template":"","format":"standard","meta":{"_acf_changed":false,"jetpack_post_was_ever_published":false,"_jetpack_newsletter_access":"","_jetpack_dont_email_post_to_subs":false,"_jetpack_newsletter_tier_id":0,"_jetpack_memberships_contains_paywalled_content":false,"_jetpack_memberships_contains_paid_content":false,"footnotes":"","jetpack_publicize_message":"","jetpack_publicize_feature_enabled":true,"jetpack_social_post_already_shared":true,"jetpack_social_options":{"image_generator_settings":{"template":"highway","default_image_id":0,"font":"","enabled":false},"version":2}},"categories":[10,3],"tags":[],"class_list":["post-23774","post","type-post","status-publish","format-standard","has-post-thumbnail","hentry","category-izlozbe","category-novosti"],"acf":{"facebook_opis":""},"jetpack_publicize_connections":[],"jetpack_featured_media_url":"https:\/\/i0.wp.com\/historiografija.hr\/wp-content\/uploads\/2020\/11\/Striegl.jpg?fit=1024%2C683&ssl=1","jetpack_sharing_enabled":true,"jetpack-related-posts":[],"_links":{"self":[{"href":"https:\/\/historiografija.hr\/index.php?rest_route=\/wp\/v2\/posts\/23774","targetHints":{"allow":["GET"]}}],"collection":[{"href":"https:\/\/historiografija.hr\/index.php?rest_route=\/wp\/v2\/posts"}],"about":[{"href":"https:\/\/historiografija.hr\/index.php?rest_route=\/wp\/v2\/types\/post"}],"author":[{"embeddable":true,"href":"https:\/\/historiografija.hr\/index.php?rest_route=\/wp\/v2\/users\/2"}],"replies":[{"embeddable":true,"href":"https:\/\/historiografija.hr\/index.php?rest_route=%2Fwp%2Fv2%2Fcomments&post=23774"}],"version-history":[{"count":1,"href":"https:\/\/historiografija.hr\/index.php?rest_route=\/wp\/v2\/posts\/23774\/revisions"}],"predecessor-version":[{"id":23776,"href":"https:\/\/historiografija.hr\/index.php?rest_route=\/wp\/v2\/posts\/23774\/revisions\/23776"}],"wp:featuredmedia":[{"embeddable":true,"href":"https:\/\/historiografija.hr\/index.php?rest_route=\/wp\/v2\/media\/23775"}],"wp:attachment":[{"href":"https:\/\/historiografija.hr\/index.php?rest_route=%2Fwp%2Fv2%2Fmedia&parent=23774"}],"wp:term":[{"taxonomy":"category","embeddable":true,"href":"https:\/\/historiografija.hr\/index.php?rest_route=%2Fwp%2Fv2%2Fcategories&post=23774"},{"taxonomy":"post_tag","embeddable":true,"href":"https:\/\/historiografija.hr\/index.php?rest_route=%2Fwp%2Fv2%2Ftags&post=23774"}],"curies":[{"name":"wp","href":"https:\/\/api.w.org\/{rel}","templated":true}]}}